{"id":66015,"date":"2012-03-24T17:12:56","date_gmt":"2012-03-24T17:12:56","guid":{"rendered":"http:\/\/diariodominicano.ddns.net\/?p=66015"},"modified":"2012-03-24T17:12:56","modified_gmt":"2012-03-24T17:12:56","slug":"periodista-dominicana-pondra-a-circular-obra-poetica-en-nueva-york","status":"publish","type":"post","link":"https:\/\/diariodominicano.com\/?p=66015","title":{"rendered":"Periodista dominicana pondr\u00e1 a circular obra po\u00e9tica en Nueva York"},"content":{"rendered":"<p><body><\/p>\n<p><span class=\"text1noticias\">Santo Domingo RD 24 marzo (1:10 pm).- El libro de poemas \u00abEn la Soledad de mi Cama\u00bb, escrito por Lourdes Batista ser\u00e1 puesto a circular ma\u00f1ana, domingo, en el Comisionado Dominicano de Cultura en Nueva York dentro del marco de la IX Feria Internacional del libro de Escritoras Dominicanas.<\/span><\/p>\n<\/p>\n<p><span class=\"text1noticias\">La actividad tendr\u00e1 lugar en  sala Andr\u00e9s Francisco Requena a las cinco de la tarde.  En la soledad de mi cama es el primer libro de Batista,  periodista y empresaria dominicana radicada en Estados Unidos desde 1993. <\/span><\/p>\n<\/p>\n<p><span class=\"text1noticias\">La obra ser\u00e1 presentada por el escritor dominicano ganador del premio nacional de poes\u00eda de 1986,  Jos\u00e9 Alejandro Pe\u00f1a,  y el evento moderado por el destacado escritor Leopoldo Minaya. <\/span><\/p>\n<\/p>\n<p><span class=\"text1noticias\">Sobre la obra dice la periodista Alicia Esteves directora del www.listindiario.com:  \u00abLourdes Batista es capaz de expresar con poemas, llenos de pasi\u00f3n, belleza y osad\u00eda, los pensamientos de muchas mujeres sobre el amor, el sexo y la injusticia social aunque nunca los manifiesten con palabras. Cualquier mujer puede sentir desnudada su propia lucha interior leyendo ?En la soledad de mi cama?. Cualquier hombre deber\u00eda conocer estos poemas para saber lo que gritan nuestras mentes cuando nos callan sus besos\u00bb.<\/span><\/p>\n<\/p>\n<p><span class=\"text1noticias\">El Comisionado Dominicano d e la Cultura en Nueva york est\u00e1  ubicado en el 541 W de la 145th Street New York,  NY  10033.(AD)<\/span>.<\/p>\n<h6> 2012-03-24 17:12:56 <\/h6>\n<p><!--\n<link rel=\"stylesheet\" href=\"css\/bootstrap.min.css\">\n\n\n<ul class=\"pagination\">\n\t    \n\t\n\n<li >\n\t<a href='?page_no=17692'>Previous<\/a>\n\t<\/li>\n\n\n       \n    \n\n<li><a href='?page_no=1'>1<\/a><\/li>\n\n\n\n<li><a href='?page_no=2'>2<\/a><\/li>\n\n\n\n<li><a>...<\/a><\/li>\n\n\n\n<li><a href='?page_no=17691'>17691<\/a><\/li>\n\n\n\n<li><a href='?page_no=17692'>17692<\/a><\/li>\n\n\n\n<li class='active'><a>17693<\/a><\/li>\n\n\n\n<li><a href='?page_no=17694'>17694<\/a><\/li>\n\n\n\n<li><a href='?page_no=17695'>17695<\/a><\/li>\n\n\n\n<li><a>...<\/a><\/li>\n\n\n\n<li><a href='?page_no=22911'>22911<\/a><\/li>\n\n\n\n<li><a href='?page_no=22912'>22912<\/a><\/li>\n\n    \n\t\n\n<li >\n\t<a href='?page_no=17694'>Next<\/a>\n\t<\/li>\n\n\n    \n\n<li><a href='?page_no=22912'>Last &rsaquo;&rsaquo;<\/a><\/li>\n\n<\/ul>\n\n\n--><br \/>\n<\/body><\/p>\n","protected":false},"excerpt":{"rendered":"<p>Santo Domingo RD 24 marzo (1:10 pm).- El libro de poemas \u00abEn la Soledad de mi Cama\u00bb, escrito por Lourdes Batista ser\u00e1 puesto a circular ma\u00f1ana, domingo, en el Comisionado Dominicano de Cultura en Nueva York dentro del marco de la IX Feria Internacional del libro de Escritoras Dominicanas. La actividad tendr\u00e1 lugar en sala [&hellip;]<\/p>\n","protected":false},"author":3,"featured_media":0,"comment_status":"open","ping_status":"open","sticky":false,"template":"","format":"standard","meta":{"footnotes":""},"categories":[21],"tags":[],"class_list":["post-66015","post","type-post","status-publish","format-standard","hentry","category-cultura"],"_links":{"self":[{"href":"https:\/\/diariodominicano.com\/index.php?rest_route=\/wp\/v2\/posts\/66015","targetHints":{"allow":["GET"]}}],"collection":[{"href":"https:\/\/diariodominicano.com\/index.php?rest_route=\/wp\/v2\/posts"}],"about":[{"href":"https:\/\/diariodominicano.com\/index.php?rest_route=\/wp\/v2\/types\/post"}],"author":[{"embeddable":true,"href":"https:\/\/diariodominicano.com\/index.php?rest_route=\/wp\/v2\/users\/3"}],"replies":[{"embeddable":true,"href":"https:\/\/diariodominicano.com\/index.php?rest_route=%2Fwp%2Fv2%2Fcomments&post=66015"}],"version-history":[{"count":0,"href":"https:\/\/diariodominicano.com\/index.php?rest_route=\/wp\/v2\/posts\/66015\/revisions"}],"wp:attachment":[{"href":"https:\/\/diariodominicano.com\/index.php?rest_route=%2Fwp%2Fv2%2Fmedia&parent=66015"}],"wp:term":[{"taxonomy":"category","embeddable":true,"href":"https:\/\/diariodominicano.com\/index.php?rest_route=%2Fwp%2Fv2%2Fcategories&post=66015"},{"taxonomy":"post_tag","embeddable":true,"href":"https:\/\/diariodominicano.com\/index.php?rest_route=%2Fwp%2Fv2%2Ftags&post=66015"}],"curies":[{"name":"wp","href":"https:\/\/api.w.org\/{rel}","templated":true}]}}