{"id":66013,"date":"2012-03-25T13:26:41","date_gmt":"2012-03-25T13:26:41","guid":{"rendered":"http:\/\/diariodominicano.ddns.net\/?p=66013"},"modified":"2012-03-25T13:26:41","modified_gmt":"2012-03-25T13:26:41","slug":"conmemoran-117-aniversario-manifiesto-montecristi-en-dominicana","status":"publish","type":"post","link":"https:\/\/diariodominicano.com\/?p=66013","title":{"rendered":"Conmemoran 117 aniversario Manifiesto Montecristi en Dominicana"},"content":{"rendered":"<p><body><\/p>\n<p><span class=\"text1noticias\">Santo Domingo, Rep.Dom, 24 mar 09:25 A.M.- (PL) El pueblo de Montecristi conmemor\u00f3 este domingo el 117 aniversario de la firma aqu\u00ed por Jos\u00e9 Mart\u00ed y M\u00e1ximo G\u00f3mez del manifiesto que gui\u00f3 la guerra por la independencia de Cuba.<\/span><\/p>\n<\/p>\n<p><span class=\"text1noticias\">  En esta oportunidad, un desfile encabezado por la delegaci\u00f3n del Gobierno cubano, presidida por el embajador Alexis Bandrich, delegaciones nacionales e internacionales, estudiantes, instituciones y organizaciones parti\u00f3 desde el liceo Jos\u00e9 Mart\u00ed hasta la casa museo de M\u00e1ximo G\u00f3mez.<\/span><\/p>\n<\/p>\n<p><span class=\"text1noticias\">La presidenta del Comit\u00e9 Montecriste\u00f1o de Amistad y Solidaridad con Cuba pronunci\u00f3 las palabras de bienvenida, seguida por el alcalde municipal, Luis M\u00e9ndez Reyes y el gobernador de la provincia de Montecristi, Leoncio Apolinar Jim\u00e9nez, a nombre del gobierno dominicano.<\/span><\/p>\n<\/p>\n<p><span class=\"text1noticias\">El significado hist\u00f3rico del Manifiesto fue desarrollado por la escritora Olga Lobetty quien record\u00f3 que este documento dio seguimiento a la revoluci\u00f3n iniciada en Yara en Cuba, esta vez bajo el orden y acuerdos del Partido Revolucionario Cubano en el extranjero y en la isla.<\/span><\/p>\n<\/p>\n<p><span class=\"text1noticias\">El periodista F\u00e9lix Jacinto Bret\u00f3n, quien recibi\u00f3 la orden F\u00e9lix Elmuza que se otorga en Cuba a comunicadores destacados habl\u00f3 sobre la situaci\u00f3n actual de los cinco luchadores antiterroristas presos en Estados Unidos: Fernando Gonz\u00e1lez, Antonio Guerrero, Ram\u00f3n Laba\u00f1ino, Gerardo Hern\u00e1ndez, cubanos injustamente encarcelados en Estados Unidos, y Ren\u00e9 Gonz\u00e1lez, quien cumple una sentencia adicional de libertad supervisada.<\/span><\/p>\n<\/p>\n<p><span class=\"text1noticias\">Despu\u00e9s de una canci\u00f3n El Manifiesto, interpretada por su autora Mar\u00eda de los Angeles Hurtado, se dio lectura a una resoluci\u00f3n de la Alcald\u00eda municipal de Montecristi, declarando Hu\u00e9sped Distinguido al combatiente internacionalista cubano Jorge Risquet Vald\u00e9s.<\/span><\/p>\n<\/p>\n<p><span class=\"text1noticias\">El discurso central estuvo a cargo del embajador cubano quien agradeci\u00f3 al pueblo dominicano \u00ablas muestras de afecto, de solidaridad y de apoyo, con la que siempre nos acogen, con las que nos apoyan y estimulan en la lucha&#8230;\u00bb.<\/span><\/p>\n<\/p>\n<p><span class=\"text1noticias\">Cada 25 de marzo G\u00f3mez y Mart\u00ed, desde estas tierras, nos llaman a prepararnos para actuales y futuras contiendas, dijo el diplom\u00e1tico y a\u00f1adi\u00f3 que esos hombres inmensos salen de aqu\u00ed, en cada uno de nosotros, a luchar por la paz, por un mundo soberano e independencia.(HG)<\/span>.<\/p>\n<h6> 2012-03-25 13:26:41 <\/h6>\n<p><!--\n<link rel=\"stylesheet\" href=\"css\/bootstrap.min.css\">\n\n\n<ul class=\"pagination\">\n\t    \n\t\n\n<li >\n\t<a href='?page_no=17690'>Previous<\/a>\n\t<\/li>\n\n\n       \n    \n\n<li><a href='?page_no=1'>1<\/a><\/li>\n\n\n\n<li><a href='?page_no=2'>2<\/a><\/li>\n\n\n\n<li><a>...<\/a><\/li>\n\n\n\n<li><a href='?page_no=17689'>17689<\/a><\/li>\n\n\n\n<li><a href='?page_no=17690'>17690<\/a><\/li>\n\n\n\n<li class='active'><a>17691<\/a><\/li>\n\n\n\n<li><a href='?page_no=17692'>17692<\/a><\/li>\n\n\n\n<li><a href='?page_no=17693'>17693<\/a><\/li>\n\n\n\n<li><a>...<\/a><\/li>\n\n\n\n<li><a href='?page_no=22911'>22911<\/a><\/li>\n\n\n\n<li><a href='?page_no=22912'>22912<\/a><\/li>\n\n    \n\t\n\n<li >\n\t<a href='?page_no=17692'>Next<\/a>\n\t<\/li>\n\n\n    \n\n<li><a href='?page_no=22912'>Last &rsaquo;&rsaquo;<\/a><\/li>\n\n<\/ul>\n\n\n--><br \/>\n<\/body><\/p>\n","protected":false},"excerpt":{"rendered":"<p>Santo Domingo, Rep.Dom, 24 mar 09:25 A.M.- (PL) El pueblo de Montecristi conmemor\u00f3 este domingo el 117 aniversario de la firma aqu\u00ed por Jos\u00e9 Mart\u00ed y M\u00e1ximo G\u00f3mez del manifiesto que gui\u00f3 la guerra por la independencia de Cuba. En esta oportunidad, un desfile encabezado por la delegaci\u00f3n del Gobierno cubano, presidida por el embajador [&hellip;]<\/p>\n","protected":false},"author":3,"featured_media":0,"comment_status":"open","ping_status":"open","sticky":false,"template":"","format":"standard","meta":{"footnotes":""},"categories":[21],"tags":[],"class_list":["post-66013","post","type-post","status-publish","format-standard","hentry","category-cultura"],"_links":{"self":[{"href":"https:\/\/diariodominicano.com\/index.php?rest_route=\/wp\/v2\/posts\/66013","targetHints":{"allow":["GET"]}}],"collection":[{"href":"https:\/\/diariodominicano.com\/index.php?rest_route=\/wp\/v2\/posts"}],"about":[{"href":"https:\/\/diariodominicano.com\/index.php?rest_route=\/wp\/v2\/types\/post"}],"author":[{"embeddable":true,"href":"https:\/\/diariodominicano.com\/index.php?rest_route=\/wp\/v2\/users\/3"}],"replies":[{"embeddable":true,"href":"https:\/\/diariodominicano.com\/index.php?rest_route=%2Fwp%2Fv2%2Fcomments&post=66013"}],"version-history":[{"count":0,"href":"https:\/\/diariodominicano.com\/index.php?rest_route=\/wp\/v2\/posts\/66013\/revisions"}],"wp:attachment":[{"href":"https:\/\/diariodominicano.com\/index.php?rest_route=%2Fwp%2Fv2%2Fmedia&parent=66013"}],"wp:term":[{"taxonomy":"category","embeddable":true,"href":"https:\/\/diariodominicano.com\/index.php?rest_route=%2Fwp%2Fv2%2Fcategories&post=66013"},{"taxonomy":"post_tag","embeddable":true,"href":"https:\/\/diariodominicano.com\/index.php?rest_route=%2Fwp%2Fv2%2Ftags&post=66013"}],"curies":[{"name":"wp","href":"https:\/\/api.w.org\/{rel}","templated":true}]}}