{"id":66012,"date":"2012-03-25T14:53:00","date_gmt":"2012-03-25T14:53:00","guid":{"rendered":"http:\/\/diariodominicano.ddns.net\/?p=66012"},"modified":"2012-03-25T14:53:00","modified_gmt":"2012-03-25T14:53:00","slug":"concluyo-con-rotundo-existo-1era-feria-educativa-de-lectura-escritura-del-centro-educativo-virginia-e-ortea","status":"publish","type":"post","link":"https:\/\/diariodominicano.com\/?p=66012","title":{"rendered":"Concluyo con rotundo existo 1era. Feria Educativa de Lectura Escritura del centro educativo Virginia E. Ortea"},"content":{"rendered":"<p><body><\/p>\n<p><img decoding=\"async\" src=\"img3\/lecturta.JPG\" \/>  <\/p>\n<p><span class=\"text1noticias\">Rep:Dom, 25 de Marzo 10:55 A.M.-Con rotundo existo concluyo la 1era feria de lectura y escritura del Centro Educativo Virginia Elena Ortea de esta ciudad.<\/span><\/p>\n<\/p>\n<p><span class=\"text1noticias\">La feria tenia como prop\u00f3sito despertar en los ni\u00f1os el inter\u00e9s y el gusto por la lectura y la escritura para poder desarrollar lectores y escritores, con  la visi\u00f3n de propiciar cambios los educandos que contribuyan a su desarrollo moral, f\u00edsico e intelectual, con la misi\u00f3n formar ni\u00f1os,  ni\u00f1as y j\u00f3venes capaces de interiorizar, reflexionar y poner en practica los valores.<\/span><\/p>\n<\/p>\n<p><span class=\"text1noticias\">Durante la actividades de la primera feria del centro educativo, se desarrollaron presentaciones culturales en tanda vespertina y matutina, adem\u00e1s recorrido por las distintas a\u00e9reas en donde se estuvo realizado tan hermosa activad educativa, danza, cuentos, acr\u00f3stico, d\u00e9cimas, dramatizaciones y bailes, todos esta actividades a cargo de los infantes de pre-primaria, de tercero B, A.<\/span><\/p>\n<\/p>\n<p><span class=\"text1noticias\">La licenciada Cristina Victoria Almonte directora del centro, agradeci\u00f3 los aportes brindados por las distintas casa comerciales de la ciudad(Especialmente Plaza Las Am\u00e9ricas), los organismos de socorros, la PUCMM y el Ministerio de Educaci\u00f3n.(HG)<\/span>.<\/p>\n<\/p>\n<h6> 2012-03-25 14:53:00 <\/h6>\n<p><!--\n<link rel=\"stylesheet\" href=\"css\/bootstrap.min.css\">\n\n\n<ul class=\"pagination\">\n\t    \n\t\n\n<li >\n\t<a href='?page_no=17689'>Previous<\/a>\n\t<\/li>\n\n\n       \n    \n\n<li><a href='?page_no=1'>1<\/a><\/li>\n\n\n\n<li><a href='?page_no=2'>2<\/a><\/li>\n\n\n\n<li><a>...<\/a><\/li>\n\n\n\n<li><a href='?page_no=17688'>17688<\/a><\/li>\n\n\n\n<li><a href='?page_no=17689'>17689<\/a><\/li>\n\n\n\n<li class='active'><a>17690<\/a><\/li>\n\n\n\n<li><a href='?page_no=17691'>17691<\/a><\/li>\n\n\n\n<li><a href='?page_no=17692'>17692<\/a><\/li>\n\n\n\n<li><a>...<\/a><\/li>\n\n\n\n<li><a href='?page_no=22911'>22911<\/a><\/li>\n\n\n\n<li><a href='?page_no=22912'>22912<\/a><\/li>\n\n    \n\t\n\n<li >\n\t<a href='?page_no=17691'>Next<\/a>\n\t<\/li>\n\n\n    \n\n<li><a href='?page_no=22912'>Last &rsaquo;&rsaquo;<\/a><\/li>\n\n<\/ul>\n\n\n--><br \/>\n<\/body><\/p>\n","protected":false},"excerpt":{"rendered":"<p>Rep:Dom, 25 de Marzo 10:55 A.M.-Con rotundo existo concluyo la 1era feria de lectura y escritura del Centro Educativo Virginia Elena Ortea de esta ciudad. La feria tenia como prop\u00f3sito despertar en los ni\u00f1os el inter\u00e9s y el gusto por la lectura y la escritura para poder desarrollar lectores y escritores, con la visi\u00f3n de [&hellip;]<\/p>\n","protected":false},"author":3,"featured_media":0,"comment_status":"open","ping_status":"open","sticky":false,"template":"","format":"standard","meta":{"footnotes":""},"categories":[21],"tags":[],"class_list":["post-66012","post","type-post","status-publish","format-standard","hentry","category-cultura"],"_links":{"self":[{"href":"https:\/\/diariodominicano.com\/index.php?rest_route=\/wp\/v2\/posts\/66012","targetHints":{"allow":["GET"]}}],"collection":[{"href":"https:\/\/diariodominicano.com\/index.php?rest_route=\/wp\/v2\/posts"}],"about":[{"href":"https:\/\/diariodominicano.com\/index.php?rest_route=\/wp\/v2\/types\/post"}],"author":[{"embeddable":true,"href":"https:\/\/diariodominicano.com\/index.php?rest_route=\/wp\/v2\/users\/3"}],"replies":[{"embeddable":true,"href":"https:\/\/diariodominicano.com\/index.php?rest_route=%2Fwp%2Fv2%2Fcomments&post=66012"}],"version-history":[{"count":0,"href":"https:\/\/diariodominicano.com\/index.php?rest_route=\/wp\/v2\/posts\/66012\/revisions"}],"wp:attachment":[{"href":"https:\/\/diariodominicano.com\/index.php?rest_route=%2Fwp%2Fv2%2Fmedia&parent=66012"}],"wp:term":[{"taxonomy":"category","embeddable":true,"href":"https:\/\/diariodominicano.com\/index.php?rest_route=%2Fwp%2Fv2%2Fcategories&post=66012"},{"taxonomy":"post_tag","embeddable":true,"href":"https:\/\/diariodominicano.com\/index.php?rest_route=%2Fwp%2Fv2%2Ftags&post=66012"}],"curies":[{"name":"wp","href":"https:\/\/api.w.org\/{rel}","templated":true}]}}