{"id":66010,"date":"2012-03-25T20:10:15","date_gmt":"2012-03-25T20:10:15","guid":{"rendered":"http:\/\/diariodominicano.ddns.net\/?p=66010"},"modified":"2012-03-25T20:10:15","modified_gmt":"2012-03-25T20:10:15","slug":"el-escritor-italiano-antonio-tabucchi-muere-a-los-68-anos-en-lisboa","status":"publish","type":"post","link":"https:\/\/diariodominicano.com\/?p=66010","title":{"rendered":"El escritor italiano Antonio Tabucchi muere a los 68 a\u00f1os en Lisboa"},"content":{"rendered":"<p><body><\/p>\n<p><span class=\"text1noticias\">Italia,Roma 25 marzo (4:08 pm).-El italiano Antonio Tabucchi, considerado un referente literario en Europa, muri\u00f3 este domingo, 25 de marzo, en Lisboa a los 68 a\u00f1os v\u00edctima de una breve enfermedad y ser\u00e1 enterrado el pr\u00f3ximo jueves en la capital lusa, informaron medios estatales lusos.<\/span><\/p>\n<p><span class=\"text1noticias\"> <\/span><\/p>\n<p><span class=\"text1noticias\">Tabucchi, que estaba internado en el hospital lisboeta de La Cruz Roja, est\u00e1 considerado como uno de los mejores conocedores de la obra del ilustre poeta Fernando Pessoa (1885-1935) y era profesor de Lengua y Literatura Portuguesas en la Universidad italiana de Siena.<\/span><\/p>\n<p><span class=\"text1noticias\"> <\/span><\/p>\n<p><span class=\"text1noticias\">Confeso amante de Portugal, el escritor italiano, autor de conocidas obras como \u00abSostiene Pereira\u00bb, gan\u00f3 varios premios literarios, entre ellos el Pen Club, el Campiello y el Viareggio-R\u00e9paci en Italia; el Prix M\u00e9dicis Etranger, el Prix Europ\u00e9en de la Litt\u00e9rature o el Prix M\u00e9diterran\u00e9e en Francia. (AD)<\/span>.<\/p>\n<\/p>\n<\/p>\n<h6> 2012-03-25 20:10:15 <\/h6>\n<p><!--\n<link rel=\"stylesheet\" href=\"css\/bootstrap.min.css\">\n\n\n<ul class=\"pagination\">\n\t    \n\t\n\n<li >\n\t<a href='?page_no=17687'>Previous<\/a>\n\t<\/li>\n\n\n       \n    \n\n<li><a href='?page_no=1'>1<\/a><\/li>\n\n\n\n<li><a href='?page_no=2'>2<\/a><\/li>\n\n\n\n<li><a>...<\/a><\/li>\n\n\n\n<li><a href='?page_no=17686'>17686<\/a><\/li>\n\n\n\n<li><a href='?page_no=17687'>17687<\/a><\/li>\n\n\n\n<li class='active'><a>17688<\/a><\/li>\n\n\n\n<li><a href='?page_no=17689'>17689<\/a><\/li>\n\n\n\n<li><a href='?page_no=17690'>17690<\/a><\/li>\n\n\n\n<li><a>...<\/a><\/li>\n\n\n\n<li><a href='?page_no=22911'>22911<\/a><\/li>\n\n\n\n<li><a href='?page_no=22912'>22912<\/a><\/li>\n\n    \n\t\n\n<li >\n\t<a href='?page_no=17689'>Next<\/a>\n\t<\/li>\n\n\n    \n\n<li><a href='?page_no=22912'>Last &rsaquo;&rsaquo;<\/a><\/li>\n\n<\/ul>\n\n\n--><br \/>\n<\/body><\/p>\n","protected":false},"excerpt":{"rendered":"<p>Italia,Roma 25 marzo (4:08 pm).-El italiano Antonio Tabucchi, considerado un referente literario en Europa, muri\u00f3 este domingo, 25 de marzo, en Lisboa a los 68 a\u00f1os v\u00edctima de una breve enfermedad y ser\u00e1 enterrado el pr\u00f3ximo jueves en la capital lusa, informaron medios estatales lusos. Tabucchi, que estaba internado en el hospital lisboeta de La [&hellip;]<\/p>\n","protected":false},"author":3,"featured_media":0,"comment_status":"open","ping_status":"open","sticky":false,"template":"","format":"standard","meta":{"footnotes":""},"categories":[21],"tags":[],"class_list":["post-66010","post","type-post","status-publish","format-standard","hentry","category-cultura"],"_links":{"self":[{"href":"https:\/\/diariodominicano.com\/index.php?rest_route=\/wp\/v2\/posts\/66010","targetHints":{"allow":["GET"]}}],"collection":[{"href":"https:\/\/diariodominicano.com\/index.php?rest_route=\/wp\/v2\/posts"}],"about":[{"href":"https:\/\/diariodominicano.com\/index.php?rest_route=\/wp\/v2\/types\/post"}],"author":[{"embeddable":true,"href":"https:\/\/diariodominicano.com\/index.php?rest_route=\/wp\/v2\/users\/3"}],"replies":[{"embeddable":true,"href":"https:\/\/diariodominicano.com\/index.php?rest_route=%2Fwp%2Fv2%2Fcomments&post=66010"}],"version-history":[{"count":0,"href":"https:\/\/diariodominicano.com\/index.php?rest_route=\/wp\/v2\/posts\/66010\/revisions"}],"wp:attachment":[{"href":"https:\/\/diariodominicano.com\/index.php?rest_route=%2Fwp%2Fv2%2Fmedia&parent=66010"}],"wp:term":[{"taxonomy":"category","embeddable":true,"href":"https:\/\/diariodominicano.com\/index.php?rest_route=%2Fwp%2Fv2%2Fcategories&post=66010"},{"taxonomy":"post_tag","embeddable":true,"href":"https:\/\/diariodominicano.com\/index.php?rest_route=%2Fwp%2Fv2%2Ftags&post=66010"}],"curies":[{"name":"wp","href":"https:\/\/api.w.org\/{rel}","templated":true}]}}