{"id":66008,"date":"2012-03-26T18:29:08","date_gmt":"2012-03-26T18:29:08","guid":{"rendered":"http:\/\/diariodominicano.ddns.net\/?p=66008"},"modified":"2012-03-26T18:29:08","modified_gmt":"2012-03-26T18:29:08","slug":"reeditan-obras-de-marcalle-abreu-para-ee-uu-y-america-latina","status":"publish","type":"post","link":"https:\/\/diariodominicano.com\/?p=66008","title":{"rendered":"Reeditan obras de Marcall\u00e9 Abreu para EE.UU. y Am\u00e9rica Latina &#13;"},"content":{"rendered":"<p><body><\/p>\n<p><span class=\"text1noticias\">MIAMI, 26 de Marzo 02:32 P.M.-La voluminosa obra narrativa del escritor dominicano Roberto Marcall\u00e9 Abreu, ganador del Premio Nacional de Novela, estar\u00e1 pr\u00f3ximamente disponible para lectores hispanos de Estados Unidos, M\u00e9xico y otros pa\u00edses de Am\u00e9rica Latina.<\/span><\/p>\n<\/p>\n<p><span class=\"text1noticias\">La reedici\u00f3n de las obras y la promoci\u00f3n del autor al nivel internacional qued\u00f3 a cargo de Ediciones Librusa, luego de un acuerdo firmado entre Marcall\u00e9 Abreu y ese sello con sede principal en Miami.<\/span><\/p>\n<\/p>\n<p><span class=\"text1noticias\">\u00abMarcall\u00e9 Abreu es un escritor dominicano que merece un trato profesional en el \u00e1mbito literario, y en Ediciones Librusa asumiremos el reto de darlo a conocer fuera de las costas dominicanas\u00bb, indica un comunicado de Ediciones Librusa.<\/span><\/p>\n<\/p>\n<p><span class=\"text1noticias\">El reto comienza con el lanzamiento al nivel internacional de la novela \u00abEn honor de mi muy querida Stella\u00bb, una obra que Marcall\u00e9 Abreu public\u00f3 hace dos a\u00f1os en su pa\u00eds.<\/span><\/p>\n<\/p>\n<p><span class=\"text1noticias\">\u00abNuestra meta es crear la Biblioteca Marcall\u00e9 Abreu, con el prop\u00f3sito de dar un trato preferencial a las obras de este formidable narrador de temas sobre la realidad social dominicana y que exploran las interioridades del ser humano, la cotidianidad, el desamor, la desesperanza, el delito com\u00fan, el narcotr\u00e1fico y la criminalidad\u00bb, agrega el comunicado.<\/span><\/p>\n<\/p>\n<p><span class=\"text1noticias\">Premio Nacional de Novela en dos ocasiones, Roberto Marcall\u00e9 Abreu naci\u00f3 en 1948 y es conocido ampliamente en su pa\u00eds, por su obra literaria y por una labor period\u00edstica de muchos a\u00f1os tanto en Rep\u00fablica Dominicana como en el extranjero.<\/span><\/p>\n<\/p>\n<p><span class=\"text1noticias\">Las obras de Marcall\u00e9 Abreu incluyen \u00abLas dos muertes de Jos\u00e9 Inirio\u00bb, \u00abCinco bailadores sobre la tumba caliente del licenciado\u00bb, \u00abLas siempre ins\u00f3litas cartas del destino\u00bb, \u00abEl min\u00fasculo infierno del Se\u00f1or Lukas\u00bb, \u00abS\u00e1bado de sol despu\u00e9s de las lluvias\u00bb, \u00abCinco bailadores sobre la tumba caliente del licenciado\u00bb y \u00abEspera de penumbras en el viejo bar\u00bb.<\/span><\/p>\n<\/p>\n<p><span class=\"text1noticias\">Tambi\u00e9n, \u00abEsas oscuras presencias de todos los d\u00edas\u00bb, \u00abSobre aves negras cortes de media luna y l\u00e1grimas de sangre\u00bb, \u00abContrariedades y tribulaciones en la mezquina existencia del se\u00f1or Manfredo Pemberton\u00bb y \u00abEn honor de mi muy querida Stella\u00bb.(HG)<\/span>.<\/p>\n<h6> 2012-03-26 18:29:08 <\/h6>\n<p><!--\n<link rel=\"stylesheet\" href=\"css\/bootstrap.min.css\">\n\n\n<ul class=\"pagination\">\n\t    \n\t\n\n<li >\n\t<a href='?page_no=17685'>Previous<\/a>\n\t<\/li>\n\n\n       \n    \n\n<li><a href='?page_no=1'>1<\/a><\/li>\n\n\n\n<li><a href='?page_no=2'>2<\/a><\/li>\n\n\n\n<li><a>...<\/a><\/li>\n\n\n\n<li><a href='?page_no=17684'>17684<\/a><\/li>\n\n\n\n<li><a href='?page_no=17685'>17685<\/a><\/li>\n\n\n\n<li class='active'><a>17686<\/a><\/li>\n\n\n\n<li><a href='?page_no=17687'>17687<\/a><\/li>\n\n\n\n<li><a href='?page_no=17688'>17688<\/a><\/li>\n\n\n\n<li><a>...<\/a><\/li>\n\n\n\n<li><a href='?page_no=22911'>22911<\/a><\/li>\n\n\n\n<li><a href='?page_no=22912'>22912<\/a><\/li>\n\n    \n\t\n\n<li >\n\t<a href='?page_no=17687'>Next<\/a>\n\t<\/li>\n\n\n    \n\n<li><a href='?page_no=22912'>Last &rsaquo;&rsaquo;<\/a><\/li>\n\n<\/ul>\n\n\n--><br \/>\n<\/body><\/p>\n","protected":false},"excerpt":{"rendered":"<p>MIAMI, 26 de Marzo 02:32 P.M.-La voluminosa obra narrativa del escritor dominicano Roberto Marcall\u00e9 Abreu, ganador del Premio Nacional de Novela, estar\u00e1 pr\u00f3ximamente disponible para lectores hispanos de Estados Unidos, M\u00e9xico y otros pa\u00edses de Am\u00e9rica Latina. La reedici\u00f3n de las obras y la promoci\u00f3n del autor al nivel internacional qued\u00f3 a cargo de Ediciones [&hellip;]<\/p>\n","protected":false},"author":3,"featured_media":0,"comment_status":"open","ping_status":"open","sticky":false,"template":"","format":"standard","meta":{"footnotes":""},"categories":[21],"tags":[],"class_list":["post-66008","post","type-post","status-publish","format-standard","hentry","category-cultura"],"_links":{"self":[{"href":"https:\/\/diariodominicano.com\/index.php?rest_route=\/wp\/v2\/posts\/66008","targetHints":{"allow":["GET"]}}],"collection":[{"href":"https:\/\/diariodominicano.com\/index.php?rest_route=\/wp\/v2\/posts"}],"about":[{"href":"https:\/\/diariodominicano.com\/index.php?rest_route=\/wp\/v2\/types\/post"}],"author":[{"embeddable":true,"href":"https:\/\/diariodominicano.com\/index.php?rest_route=\/wp\/v2\/users\/3"}],"replies":[{"embeddable":true,"href":"https:\/\/diariodominicano.com\/index.php?rest_route=%2Fwp%2Fv2%2Fcomments&post=66008"}],"version-history":[{"count":0,"href":"https:\/\/diariodominicano.com\/index.php?rest_route=\/wp\/v2\/posts\/66008\/revisions"}],"wp:attachment":[{"href":"https:\/\/diariodominicano.com\/index.php?rest_route=%2Fwp%2Fv2%2Fmedia&parent=66008"}],"wp:term":[{"taxonomy":"category","embeddable":true,"href":"https:\/\/diariodominicano.com\/index.php?rest_route=%2Fwp%2Fv2%2Fcategories&post=66008"},{"taxonomy":"post_tag","embeddable":true,"href":"https:\/\/diariodominicano.com\/index.php?rest_route=%2Fwp%2Fv2%2Ftags&post=66008"}],"curies":[{"name":"wp","href":"https:\/\/api.w.org\/{rel}","templated":true}]}}