{"id":66007,"date":"2012-03-26T18:47:26","date_gmt":"2012-03-26T18:47:26","guid":{"rendered":"http:\/\/diariodominicano.ddns.net\/?p=66007"},"modified":"2012-03-26T18:47:26","modified_gmt":"2012-03-26T18:47:26","slug":"jovenes-dominicanos-incursionan-en-el-cine-criollo","status":"publish","type":"post","link":"https:\/\/diariodominicano.com\/?p=66007","title":{"rendered":"Jovenes dominicanos incursionan en el cine criollo"},"content":{"rendered":"<p><body><\/p>\n<p><img decoding=\"async\" src=\"img3\/Hellebdlo.JPG\" \/>  <\/p>\n<p><span class=\"text1noticias\">Reo.Dom, 26 de Marzo 02:50 P.M.-El lado Oscuro de los 70\u00b4s sugiere suspenso y horror, ese es t\u00edtulo del primer cortometraje de varios j\u00f3venes con talento que buscan abrirse paso en el mundo del cine dominicano, se trata de un corto de terror psicol\u00f3gico y suspenso, escrito por el joven Andr\u00e9s Javier Mesa y dirigido por el comunicador y cineasta emp\u00edrico David Fr\u00edas (El Bar\u00f3n del Lado Oscuro), quien tambi\u00e9n funge como guionista. <\/span><\/p>\n<\/p>\n<p><span class=\"text1noticias\">La trama del gui\u00f3n es basada en un doctor que de noche se convierte en un asesino en serie producto de una potente droga.<\/span><\/p>\n<\/p>\n<p><span class=\"text1noticias\">En una entrevista, Fr\u00edas dijo haberse inspirado en la serie Death Wish de Charles Bronson y otras pel\u00edculas de acci\u00f3n de los 70 y 80.<\/span><\/p>\n<\/p>\n<p><span class=\"text1noticias\">Cuando le cuestion\u00e9 que por qu\u00e9 hacer un filme de horror cuando en esta sociedad se consume solo comedia, me respondi\u00f3 que quieren  \u00a8romper con el tradicionalismo hueco y explotar la parte enfermiza de una sociedad retorcida\u00a8, resalt\u00f3.<\/span><\/p>\n<\/p>\n<p><span class=\"text1noticias\">El emp\u00edrico director destac\u00f3 que en su cortometraje habr\u00e1n; Putas, homicidas y delincuentes, tambi\u00e9n vendedores de drogas psicod\u00e9licas y adem\u00e1s tendr\u00e1 matices surrealista del cine de Alejandro Jodorowsky y Lu\u00eds Bu\u00f1uel.<\/span><\/p>\n<\/p>\n<p><span class=\"text1noticias\">Ser\u00e1 el pr\u00f3ximo mes de abril cuando empiecen a rodarse las escenas del interesante y misterioso corto que contar\u00e1 con un elenco de actores de primera.(HG)<\/span>.<\/p>\n<h6> 2012-03-26 18:47:26 <\/h6>\n<p><!--\n<link rel=\"stylesheet\" href=\"css\/bootstrap.min.css\">\n\n\n<ul class=\"pagination\">\n\t    \n\t\n\n<li >\n\t<a href='?page_no=17684'>Previous<\/a>\n\t<\/li>\n\n\n       \n    \n\n<li><a href='?page_no=1'>1<\/a><\/li>\n\n\n\n<li><a href='?page_no=2'>2<\/a><\/li>\n\n\n\n<li><a>...<\/a><\/li>\n\n\n\n<li><a href='?page_no=17683'>17683<\/a><\/li>\n\n\n\n<li><a href='?page_no=17684'>17684<\/a><\/li>\n\n\n\n<li class='active'><a>17685<\/a><\/li>\n\n\n\n<li><a href='?page_no=17686'>17686<\/a><\/li>\n\n\n\n<li><a href='?page_no=17687'>17687<\/a><\/li>\n\n\n\n<li><a>...<\/a><\/li>\n\n\n\n<li><a href='?page_no=22911'>22911<\/a><\/li>\n\n\n\n<li><a href='?page_no=22912'>22912<\/a><\/li>\n\n    \n\t\n\n<li >\n\t<a href='?page_no=17686'>Next<\/a>\n\t<\/li>\n\n\n    \n\n<li><a href='?page_no=22912'>Last &rsaquo;&rsaquo;<\/a><\/li>\n\n<\/ul>\n\n\n--><br \/>\n<\/body><\/p>\n","protected":false},"excerpt":{"rendered":"<p>Reo.Dom, 26 de Marzo 02:50 P.M.-El lado Oscuro de los 70\u00b4s sugiere suspenso y horror, ese es t\u00edtulo del primer cortometraje de varios j\u00f3venes con talento que buscan abrirse paso en el mundo del cine dominicano, se trata de un corto de terror psicol\u00f3gico y suspenso, escrito por el joven Andr\u00e9s Javier Mesa y dirigido [&hellip;]<\/p>\n","protected":false},"author":3,"featured_media":0,"comment_status":"open","ping_status":"open","sticky":false,"template":"","format":"standard","meta":{"footnotes":""},"categories":[21],"tags":[],"class_list":["post-66007","post","type-post","status-publish","format-standard","hentry","category-cultura"],"_links":{"self":[{"href":"https:\/\/diariodominicano.com\/index.php?rest_route=\/wp\/v2\/posts\/66007","targetHints":{"allow":["GET"]}}],"collection":[{"href":"https:\/\/diariodominicano.com\/index.php?rest_route=\/wp\/v2\/posts"}],"about":[{"href":"https:\/\/diariodominicano.com\/index.php?rest_route=\/wp\/v2\/types\/post"}],"author":[{"embeddable":true,"href":"https:\/\/diariodominicano.com\/index.php?rest_route=\/wp\/v2\/users\/3"}],"replies":[{"embeddable":true,"href":"https:\/\/diariodominicano.com\/index.php?rest_route=%2Fwp%2Fv2%2Fcomments&post=66007"}],"version-history":[{"count":0,"href":"https:\/\/diariodominicano.com\/index.php?rest_route=\/wp\/v2\/posts\/66007\/revisions"}],"wp:attachment":[{"href":"https:\/\/diariodominicano.com\/index.php?rest_route=%2Fwp%2Fv2%2Fmedia&parent=66007"}],"wp:term":[{"taxonomy":"category","embeddable":true,"href":"https:\/\/diariodominicano.com\/index.php?rest_route=%2Fwp%2Fv2%2Fcategories&post=66007"},{"taxonomy":"post_tag","embeddable":true,"href":"https:\/\/diariodominicano.com\/index.php?rest_route=%2Fwp%2Fv2%2Ftags&post=66007"}],"curies":[{"name":"wp","href":"https:\/\/api.w.org\/{rel}","templated":true}]}}