{"id":66005,"date":"2012-03-26T19:57:31","date_gmt":"2012-03-26T19:57:31","guid":{"rendered":"http:\/\/diariodominicano.ddns.net\/?p=66005"},"modified":"2012-03-26T19:57:31","modified_gmt":"2012-03-26T19:57:31","slug":"inician-las-presentaciones-finales-del-vi-festival-de-teatro-escolar","status":"publish","type":"post","link":"https:\/\/diariodominicano.com\/?p=66005","title":{"rendered":"Inician las Presentaciones Finales del VI Festival de Teatro Escolar"},"content":{"rendered":"<p><body><\/p>\n<p><img decoding=\"async\" src=\"img3\/teatro.JPG\" \/>  <\/p>\n<p><span class=\"text1noticias\">El Festival de Teatro Escolar es una iniciativa de la Oficina Senatorial de Santiago, con el apoyo del Ministerio de Educaci\u00f3n, la colaboraci\u00f3n de Ediciones SM y la direcci\u00f3n t\u00e9cnica y art\u00edstica de La 37 Por las Tablas.<\/span><\/p>\n<\/p>\n<p><span class=\"text1noticias\">Rep.Dom, 26 de Marzo 04:00 P.M.-La Oficina Senatorial de Santiago dio apertura formal a las presentaciones semi finales de los participantes en la sexta versi\u00f3n del Festival de Teatro Escolar de Santiago Ecoteatro: Humanidad y Naturalez el Gran Teatro del Cibao.<\/span><\/p>\n<\/p>\n<p><span class=\"text1noticias\">Los estudiantes de centros educativos p\u00fablicos y  privados de nivel medio, provenientes de m\u00e1s de 30 instituciones distintas que fueron pre-seleccionados realizaron sus presentaciones para llevarse a casa los primeros lugares de este concurso.<\/span><\/p>\n<\/p>\n<p><span class=\"text1noticias\">Las palabras centrales estuvieron a cargo del Senador por la provincia de Santiago Julio C\u00e9sar Valent\u00edn, quien rectific\u00f3 su fe en el proyecto y el compromiso de la Oficina Senatorial para seguir brindando el apoyo a este proyecto educativo que aporta al desarrollo del arte en la ciudad de Santiago. As\u00ed mismo agradeci\u00f3 a la Ministra de Educaci\u00f3n Ligia Amada Melo por el apoyo al proyecto y su identificaci\u00f3n con el mismo.<\/span><\/p>\n<\/p>\n<p><span class=\"text1noticias\">Mar\u00eda Ligia Grull\u00f3n, en representaci\u00f3n de La 37 por las Tablas quienes tienen a su cargo la coordinaci\u00f3n t\u00e9cnica y art\u00edstica del festival, comparti\u00f3 con el p\u00fablico el proceso de estos nueve meses de preparaci\u00f3n y formaci\u00f3n de los participante y agradeci\u00f3 de manera especial la asistencia del Ministro de Cultura Jos\u00e9 Rafael Lantigua y el Vice Ministro Enegildo Pe\u00f1a.<\/span><\/p>\n<\/p>\n<p><span class=\"text1noticias\"> Por su parte el presidente del jurado el actor Sergio Acosta, expres\u00f3 el proceso de evaluaci\u00f3n de las obras y el derroche de talento que percibe en los integrantes de las instituciones en la presentaci\u00f3n de las obras.<\/span><\/p>\n<\/p>\n<p><span class=\"text1noticias\">El jurado de estas presentaciones finales est\u00e1 compuesto por Gerardo el Cuervo Mercedes, actor, dramaturgo y director teatral por la Escuela Nacional de Arte, Mery Collado, actriz y escritora de teatro y Sergio Acosta Puig, actor, director y profesor de teatro.<\/span><\/p>\n<\/p>\n<p><span class=\"text1noticias\">Los aspectos tomados en cuenta para las evaluaciones son: Texto, actuaci\u00f3n y direcci\u00f3n, con mayor grado de la  puntuaci\u00f3n, adem\u00e1s de evaluar el proceso de la participaci\u00f3n en los diversos talleres facilitados en el festival. La Escenograf\u00eda, vestuarios y relaci\u00f3n obra-  p\u00fablico con menor grado de  la  puntuaci\u00f3n. <\/span><\/p>\n<\/p>\n<p><span class=\"text1noticias\">La actividad concluy\u00f3 con la presentaci\u00f3n de una de las obras ganadoras de esta semi final del liceo Juan Antonio Collado titulada \u00abEl Ed\u00e9n de los Cuervos\u00bb de Roberto Abreu. Esta obra fue merecedora de menciones de honor en actuaci\u00f3n, construcci\u00f3n de personaje, montaje, maquillaje, vestuario, escenograf\u00eda, programa de mano, protocolo, m\u00fasica en vivo y mejor actriz principal.<\/span><\/p>\n<\/p>\n<p><span class=\"text1noticias\">El 27 de marzo, D\u00eda internacional del Teatro, culmina el festival, d\u00eda que se otorgan los lugares de las instituciones  ganadoras y menciones especiales.  En esta ocasi\u00f3n, el VI Festival de Teatro Escolar \u00abECOTEATRO: Humanidad y Naturaleza\u00bb otorgar\u00e1 un reconocimiento especial por el enfoque del tema. <\/span><\/p>\n<\/p>\n<p><span class=\"text1noticias\">Sobre el Festival<\/span><\/p>\n<\/p>\n<p><span class=\"text1noticias\">El Festival de Teatro Escolar contribuye a la formaci\u00f3n de nuevos l\u00edderes que a  trav\u00e9s de las artes dinamizan su entorno familiar y sus comunidades en una conciencia de superaci\u00f3n, mediante el trabajo en equipo, estimulando la creatividad y el fortalecimiento de los valores \u00e9ticos y morales al igual que el compromiso y la actitud positiva frente a la vida.<\/span><\/p>\n<\/p>\n<p><span class=\"text1noticias\">Este proyecto fue reconocido por la Organizaci\u00f3n de Estado Iberoamericanos ? OEI y el Ministerio de Educaci\u00f3n de la Rep\u00fablica Dominicana, en el Concurso con car\u00e1cter internacional de Experiencias en Educaci\u00f3n Art\u00edstica, Cultura y Ciudadan\u00eda 2010, como una de las Experiencias Educativas y Art\u00edsticas m\u00e1s sobresalientes en el pa\u00eds y Latinoam\u00e9rica.(HG)<\/span>.<\/p>\n<\/p>\n<h6> 2012-03-26 19:57:31 <\/h6>\n<p><!--\n<link rel=\"stylesheet\" href=\"css\/bootstrap.min.css\">\n\n\n<ul class=\"pagination\">\n\t    \n\t\n\n<li >\n\t<a href='?page_no=17682'>Previous<\/a>\n\t<\/li>\n\n\n       \n    \n\n<li><a href='?page_no=1'>1<\/a><\/li>\n\n\n\n<li><a href='?page_no=2'>2<\/a><\/li>\n\n\n\n<li><a>...<\/a><\/li>\n\n\n\n<li><a href='?page_no=17681'>17681<\/a><\/li>\n\n\n\n<li><a href='?page_no=17682'>17682<\/a><\/li>\n\n\n\n<li class='active'><a>17683<\/a><\/li>\n\n\n\n<li><a href='?page_no=17684'>17684<\/a><\/li>\n\n\n\n<li><a href='?page_no=17685'>17685<\/a><\/li>\n\n\n\n<li><a>...<\/a><\/li>\n\n\n\n<li><a href='?page_no=22911'>22911<\/a><\/li>\n\n\n\n<li><a href='?page_no=22912'>22912<\/a><\/li>\n\n    \n\t\n\n<li >\n\t<a href='?page_no=17684'>Next<\/a>\n\t<\/li>\n\n\n    \n\n<li><a href='?page_no=22912'>Last &rsaquo;&rsaquo;<\/a><\/li>\n\n<\/ul>\n\n\n--><br \/>\n<\/body><\/p>\n","protected":false},"excerpt":{"rendered":"<p>El Festival de Teatro Escolar es una iniciativa de la Oficina Senatorial de Santiago, con el apoyo del Ministerio de Educaci\u00f3n, la colaboraci\u00f3n de Ediciones SM y la direcci\u00f3n t\u00e9cnica y art\u00edstica de La 37 Por las Tablas. Rep.Dom, 26 de Marzo 04:00 P.M.-La Oficina Senatorial de Santiago dio apertura formal a las presentaciones semi [&hellip;]<\/p>\n","protected":false},"author":3,"featured_media":0,"comment_status":"open","ping_status":"open","sticky":false,"template":"","format":"standard","meta":{"footnotes":""},"categories":[21],"tags":[],"class_list":["post-66005","post","type-post","status-publish","format-standard","hentry","category-cultura"],"_links":{"self":[{"href":"https:\/\/diariodominicano.com\/index.php?rest_route=\/wp\/v2\/posts\/66005","targetHints":{"allow":["GET"]}}],"collection":[{"href":"https:\/\/diariodominicano.com\/index.php?rest_route=\/wp\/v2\/posts"}],"about":[{"href":"https:\/\/diariodominicano.com\/index.php?rest_route=\/wp\/v2\/types\/post"}],"author":[{"embeddable":true,"href":"https:\/\/diariodominicano.com\/index.php?rest_route=\/wp\/v2\/users\/3"}],"replies":[{"embeddable":true,"href":"https:\/\/diariodominicano.com\/index.php?rest_route=%2Fwp%2Fv2%2Fcomments&post=66005"}],"version-history":[{"count":0,"href":"https:\/\/diariodominicano.com\/index.php?rest_route=\/wp\/v2\/posts\/66005\/revisions"}],"wp:attachment":[{"href":"https:\/\/diariodominicano.com\/index.php?rest_route=%2Fwp%2Fv2%2Fmedia&parent=66005"}],"wp:term":[{"taxonomy":"category","embeddable":true,"href":"https:\/\/diariodominicano.com\/index.php?rest_route=%2Fwp%2Fv2%2Fcategories&post=66005"},{"taxonomy":"post_tag","embeddable":true,"href":"https:\/\/diariodominicano.com\/index.php?rest_route=%2Fwp%2Fv2%2Ftags&post=66005"}],"curies":[{"name":"wp","href":"https:\/\/api.w.org\/{rel}","templated":true}]}}