{"id":66004,"date":"2012-03-27T12:38:54","date_gmt":"2012-03-27T12:38:54","guid":{"rendered":"http:\/\/diariodominicano.ddns.net\/?p=66004"},"modified":"2012-03-27T12:38:54","modified_gmt":"2012-03-27T12:38:54","slug":"provincia-valverde-cumple-jornada-del-maraton-juvenil-de-lectura","status":"publish","type":"post","link":"https:\/\/diariodominicano.com\/?p=66004","title":{"rendered":"Provincia Valverde cumple jornada del Marat\u00f3n Juvenil de Lectura"},"content":{"rendered":"<p><body><\/p>\n<p><span class=\"text1noticias\">8:27 am, Valverde, Rep. Dominicana, 27 marzo.- Los tres municipios de la provincia Valverde completaron la cuota correspondiente a las seis horas 27 minutos del Marat\u00f3n Juvenil de Lectura, que busca establecer un r\u00e9cord mundial de mil horas de lectura continua en voz alta, recorriendo los 155 municipios del pa\u00eds, con el objetivo de dejar constituidos c\u00edrculos juveniles de lectura a nivel nacional.<\/span><\/p>\n<\/p>\n<p><span class=\"text1noticias\">El viceministro de la Juventud y director ejecutivo del Marat\u00f3n de Lectura, ingeniero Jos\u00e9 Alberto Blanco, explic\u00f3 que con la jornada de la provincia Valverde se completaron 786 horas, en las cuales participaron 732 j\u00f3venes de 122 municipios.<\/span><\/p>\n<\/p>\n<p><span class=\"text1noticias\">Dijo que entre los libros est\u00e1n la Biblia y la Constituci\u00f3n de la Rep\u00fablica, que se ha le\u00eddo 183 veces como una forma de motivar a la juventud dominicana en el conocimiento de sus deberes y sus derechos.<\/span><\/p>\n<\/p>\n<p><span class=\"text1noticias\">Manifest\u00f3 que el ministro de la Juventud, licenciado Franklin Rodr\u00edguez, busca motivar a los j\u00f3venes dominicanos a la lectura, conciente de que el conocimiento es necesario para enfrentar los desaf\u00edos de la era del conocimiento en el siglo XXI.<\/span><\/p>\n<\/p>\n<p><span class=\"text1noticias\">Blanco defendi\u00f3 el proceso de escogencia de los j\u00f3venes participante y dijo que estos fueron seleccionados por la Pastoral Juvenil de la Iglesia Cat\u00f3lica, la Iglesia Adventista y las Iglesias Evang\u00e9licas, a trav\u00e9s del Codue Juvenil, as\u00ed como por los Distritos Educativos y las asociaciones de estudiantes Universitarios de cada Municipio y  entidades vinculantes con el Ministerio de la Juventud.<\/span><\/p>\n<\/p>\n<p><span class=\"text1noticias\">Por el municipio de Esperanza los j\u00f3venes participantes fueron Rosa Ang\u00e9lica Torres, Ydelka de los \u00c1ngeles Lugo, Wileidy Isabel Belliard, Bielka Aranda, Nelsin del Carmen Rodr\u00edguez y Mar\u00eda Elena P\u00e9rez.<\/span><\/p>\n<\/p>\n<p><span class=\"text1noticias\">Mientras que en Laguna Salada participaron Fausto Javier Brito, Danny Omar Pena, Amny Mabel Ulloa, Belmarys del Rosario, Jordanny Liranzo y Meneldy Massiel Mart\u00ednez y en Mao leyeron los j\u00f3venes Emeli Joanna Santana, Junior Enr\u00edquez Est\u00e9vez, Wilfredo V\u00e1squez, Ana Mercedes Rosario, Eddy Rhadames S\u00e1nchez y Yohanny Elizabeth D\u00edaz.<\/span><\/p>\n<\/p>\n<p><span class=\"text1noticias\">Un equipo t\u00e9cnico del Ministerio de la Juventud, en coordinaci\u00f3n con los representantes provinciales de esa cartera, realizan las coordinaciones de lugar, antes y durante cada jornada, para dar cumplimiento al exigente programa de lectura, dise\u00f1ado tomando en cuenta cada hora, minutos y segundos.<\/span><\/p>\n<\/p>\n<p><span class=\"text1noticias\">Para el desarrollo de las jornadas de lectura  est\u00e1n utilizando en cada Municipio, los locales de los Centros Tecnol\u00f3gicos Comunitario CTC, Centros de Capacitaci\u00f3n en Inform\u00e1tica CCI, los Ayuntamientos y Gobernaciones, desde donde se transmite a trav\u00e9s de la p\u00e1gina web, del Ministerio de la Juventud, en tiempo real.<\/span><\/p>\n<\/p>\n<p><span class=\"text1noticias\">Los municipios donde contin\u00faa la jornada de lectura son: Pu\u00f1al, Licey Tamboril, Villa Gonz\u00e1lez, Navarrete, San Jos\u00e9 de las Matas, J\u00e1nico y Sabana Iglesias, en la provincia de Santiago.<\/span><\/p>\n<\/p>\n<p><span class=\"text1noticias\">Acompa\u00f1aron al  ingeniero Jos\u00e9 Alberto Blanco, el director Provincial de la Juventud, Norvin Alc\u00e1ntara; la diputada \u00c1ngela Pozo, la directora del Departamento Juvenil de la Alcald\u00eda de Mao, Mariela Mart\u00ednez; y la procuradora fiscal adjunta Ana Delina Rosario, as\u00ed como los j\u00f3venes R\u00e9cord G\u00fcinness de Lectura, oriundos de esta provincia, Martha Madera, Jos\u00e9 Manuel Bueno y Christian Rodr\u00edguez<\/span>.<\/p>\n<h6> 2012-03-27 12:38:54 <\/h6>\n<p><!--\n<link rel=\"stylesheet\" href=\"css\/bootstrap.min.css\">\n\n\n<ul class=\"pagination\">\n\t    \n\t\n\n<li >\n\t<a href='?page_no=17681'>Previous<\/a>\n\t<\/li>\n\n\n       \n    \n\n<li><a href='?page_no=1'>1<\/a><\/li>\n\n\n\n<li><a href='?page_no=2'>2<\/a><\/li>\n\n\n\n<li><a>...<\/a><\/li>\n\n\n\n<li><a href='?page_no=17680'>17680<\/a><\/li>\n\n\n\n<li><a href='?page_no=17681'>17681<\/a><\/li>\n\n\n\n<li class='active'><a>17682<\/a><\/li>\n\n\n\n<li><a href='?page_no=17683'>17683<\/a><\/li>\n\n\n\n<li><a href='?page_no=17684'>17684<\/a><\/li>\n\n\n\n<li><a>...<\/a><\/li>\n\n\n\n<li><a href='?page_no=22911'>22911<\/a><\/li>\n\n\n\n<li><a href='?page_no=22912'>22912<\/a><\/li>\n\n    \n\t\n\n<li >\n\t<a href='?page_no=17683'>Next<\/a>\n\t<\/li>\n\n\n    \n\n<li><a href='?page_no=22912'>Last &rsaquo;&rsaquo;<\/a><\/li>\n\n<\/ul>\n\n\n--><br \/>\n<\/body><\/p>\n","protected":false},"excerpt":{"rendered":"<p>8:27 am, Valverde, Rep. Dominicana, 27 marzo.- Los tres municipios de la provincia Valverde completaron la cuota correspondiente a las seis horas 27 minutos del Marat\u00f3n Juvenil de Lectura, que busca establecer un r\u00e9cord mundial de mil horas de lectura continua en voz alta, recorriendo los 155 municipios del pa\u00eds, con el objetivo de dejar [&hellip;]<\/p>\n","protected":false},"author":3,"featured_media":0,"comment_status":"open","ping_status":"open","sticky":false,"template":"","format":"standard","meta":{"footnotes":""},"categories":[21],"tags":[],"class_list":["post-66004","post","type-post","status-publish","format-standard","hentry","category-cultura"],"_links":{"self":[{"href":"https:\/\/diariodominicano.com\/index.php?rest_route=\/wp\/v2\/posts\/66004","targetHints":{"allow":["GET"]}}],"collection":[{"href":"https:\/\/diariodominicano.com\/index.php?rest_route=\/wp\/v2\/posts"}],"about":[{"href":"https:\/\/diariodominicano.com\/index.php?rest_route=\/wp\/v2\/types\/post"}],"author":[{"embeddable":true,"href":"https:\/\/diariodominicano.com\/index.php?rest_route=\/wp\/v2\/users\/3"}],"replies":[{"embeddable":true,"href":"https:\/\/diariodominicano.com\/index.php?rest_route=%2Fwp%2Fv2%2Fcomments&post=66004"}],"version-history":[{"count":0,"href":"https:\/\/diariodominicano.com\/index.php?rest_route=\/wp\/v2\/posts\/66004\/revisions"}],"wp:attachment":[{"href":"https:\/\/diariodominicano.com\/index.php?rest_route=%2Fwp%2Fv2%2Fmedia&parent=66004"}],"wp:term":[{"taxonomy":"category","embeddable":true,"href":"https:\/\/diariodominicano.com\/index.php?rest_route=%2Fwp%2Fv2%2Fcategories&post=66004"},{"taxonomy":"post_tag","embeddable":true,"href":"https:\/\/diariodominicano.com\/index.php?rest_route=%2Fwp%2Fv2%2Ftags&post=66004"}],"curies":[{"name":"wp","href":"https:\/\/api.w.org\/{rel}","templated":true}]}}