{"id":66002,"date":"2012-03-27T16:33:27","date_gmt":"2012-03-27T16:33:27","guid":{"rendered":"http:\/\/diariodominicano.ddns.net\/?p=66002"},"modified":"2012-03-27T16:33:27","modified_gmt":"2012-03-27T16:33:27","slug":"recuerdan-en-ecuador-hazana-cientifica-del-amazonas-al-caribe","status":"publish","type":"post","link":"https:\/\/diariodominicano.com\/?p=66002","title":{"rendered":"Recuerdan en Ecuador haza\u00f1a cient\u00edfica del Amazonas al Caribe"},"content":{"rendered":"<p><body><\/p>\n<p><img decoding=\"async\" src=\"img3\/expedicion ecuad.jpg\" \/>  <\/p>\n<p><span class=\"text1noticias\">12:33 pm, Quito, 27 mar (PL).- El Simposio Internacional \u00abEl Amazonas, ruta cultural milenaria\u00bb, que comenzar\u00e1 hoy aqu\u00ed, reunir\u00e1 a investigadores, acad\u00e9micos y expedicionarios de la traves\u00eda cient\u00edfica en canoa desde el gran r\u00edo hasta El Caribe hace ya un cuarto de siglo.<\/span><\/p>\n<\/p>\n<p><span class=\"text1noticias\">Las presentaciones en la Casa de la Cultura Ecuatoriana destacan el valor cient\u00edfico e hist\u00f3rico de la expedici\u00f3n en canoa del Amazonas al Caribe, organizada por el cubano Antonio N\u00fa\u00f1ez Jim\u00e9nez y Len\u00edn Ortiz, declar\u00f3 a Prensa Latina Yumac Ortiz, miembro del comit\u00e9 organizador.<\/span><\/p>\n<\/p>\n<p><span class=\"text1noticias\">El 2 de marzo de 1987 salieron de Quito los investigadores para recorrer 17 mil 422 kil\u00f3metros por las corrientes fluviales del Orinoco y el Amazonas, y por el Mar Caribe, traves\u00eda en la cual hicieron contacto con una veintena de pa\u00edses.<\/span><\/p>\n<\/p>\n<p><span class=\"text1noticias\">La culminaci\u00f3n exitosa del arriesgado viaje comprob\u00f3 cient\u00edficamente la conexi\u00f3n existente entre los pueblos del continente y los que habitaban las islas del Caribe antes de la conquista espa\u00f1ola.<\/span><\/p>\n<\/p>\n<p><span class=\"text1noticias\">Este evento, de acuerdo con Ortiz, conmemorar\u00e1 la haza\u00f1a latinoamericana, de la que los archivos, escritos, diarios de campo y filmaciones resultantes son considerados por el Programa de las Naciones Unidas para la Educaci\u00f3n, la Ciencia y la Cultura (Unesco) para formar parte de la Memoria del Mundo.<\/span><\/p>\n<\/p>\n<p><span class=\"text1noticias\">Los participantes el foro, procedentes del pa\u00eds anfitri\u00f3n, Venezuela, M\u00e9xico, Per\u00fa y Cuba, abordar\u00e1n los temas \u00abCulturas amaz\u00f3nicas, patrimonio cultural e identidad\u00bb.<\/span><\/p>\n<\/p>\n<p><span class=\"text1noticias\">Tambi\u00e9n se presentar\u00e1n ponencias sobre \u00abEl Amazonas Ruta Cultural 12 mil a\u00f1os Antes de Cristo\u00bb; \u00abAmazonia, Medioambiente y Desarrollo Sustentable\u00bb, y \u00abEcuador, pa\u00eds Amaz\u00f3nico, del mito a la realidad hist\u00f3rica\u00bb.<\/span><\/p>\n<\/p>\n<p><span class=\"text1noticias\">Durante dos d\u00edas se dictar\u00e1n conferencias por parte de expedicionarios, investigadores, acad\u00e9micos, cient\u00edficos, arque\u00f3logos y antrop\u00f3logos de diferentes pa\u00edses convocados a este evento.<\/span><\/p>\n<\/p>\n<p><span class=\"text1noticias\">Se presentar\u00e1, adem\u00e1s, una exposici\u00f3n de los dibujos realizados por Fernando Salme, cronista dibujante etnogr\u00e1fico de este periplo, y ser\u00e1 homenajeado Oswaldo Guayasam\u00edn, quien adem\u00e1s de respaldar la investigaci\u00f3n, elabor\u00f3 el estandarte que los acompa\u00f1\u00f3<\/span>.<\/p>\n<\/p>\n<p>MC<\/p>\n<h6> 2012-03-27 16:33:27 <\/h6>\n<p><!--\n<link rel=\"stylesheet\" href=\"css\/bootstrap.min.css\">\n\n\n<ul class=\"pagination\">\n\t    \n\t\n\n<li >\n\t<a href='?page_no=17679'>Previous<\/a>\n\t<\/li>\n\n\n       \n    \n\n<li><a href='?page_no=1'>1<\/a><\/li>\n\n\n\n<li><a href='?page_no=2'>2<\/a><\/li>\n\n\n\n<li><a>...<\/a><\/li>\n\n\n\n<li><a href='?page_no=17678'>17678<\/a><\/li>\n\n\n\n<li><a href='?page_no=17679'>17679<\/a><\/li>\n\n\n\n<li class='active'><a>17680<\/a><\/li>\n\n\n\n<li><a href='?page_no=17681'>17681<\/a><\/li>\n\n\n\n<li><a href='?page_no=17682'>17682<\/a><\/li>\n\n\n\n<li><a>...<\/a><\/li>\n\n\n\n<li><a href='?page_no=22911'>22911<\/a><\/li>\n\n\n\n<li><a href='?page_no=22912'>22912<\/a><\/li>\n\n    \n\t\n\n<li >\n\t<a href='?page_no=17681'>Next<\/a>\n\t<\/li>\n\n\n    \n\n<li><a href='?page_no=22912'>Last &rsaquo;&rsaquo;<\/a><\/li>\n\n<\/ul>\n\n\n--><br \/>\n<\/body><\/p>\n","protected":false},"excerpt":{"rendered":"<p>12:33 pm, Quito, 27 mar (PL).- El Simposio Internacional \u00abEl Amazonas, ruta cultural milenaria\u00bb, que comenzar\u00e1 hoy aqu\u00ed, reunir\u00e1 a investigadores, acad\u00e9micos y expedicionarios de la traves\u00eda cient\u00edfica en canoa desde el gran r\u00edo hasta El Caribe hace ya un cuarto de siglo. Las presentaciones en la Casa de la Cultura Ecuatoriana destacan el valor [&hellip;]<\/p>\n","protected":false},"author":3,"featured_media":0,"comment_status":"open","ping_status":"open","sticky":false,"template":"","format":"standard","meta":{"footnotes":""},"categories":[21],"tags":[],"class_list":["post-66002","post","type-post","status-publish","format-standard","hentry","category-cultura"],"_links":{"self":[{"href":"https:\/\/diariodominicano.com\/index.php?rest_route=\/wp\/v2\/posts\/66002","targetHints":{"allow":["GET"]}}],"collection":[{"href":"https:\/\/diariodominicano.com\/index.php?rest_route=\/wp\/v2\/posts"}],"about":[{"href":"https:\/\/diariodominicano.com\/index.php?rest_route=\/wp\/v2\/types\/post"}],"author":[{"embeddable":true,"href":"https:\/\/diariodominicano.com\/index.php?rest_route=\/wp\/v2\/users\/3"}],"replies":[{"embeddable":true,"href":"https:\/\/diariodominicano.com\/index.php?rest_route=%2Fwp%2Fv2%2Fcomments&post=66002"}],"version-history":[{"count":0,"href":"https:\/\/diariodominicano.com\/index.php?rest_route=\/wp\/v2\/posts\/66002\/revisions"}],"wp:attachment":[{"href":"https:\/\/diariodominicano.com\/index.php?rest_route=%2Fwp%2Fv2%2Fmedia&parent=66002"}],"wp:term":[{"taxonomy":"category","embeddable":true,"href":"https:\/\/diariodominicano.com\/index.php?rest_route=%2Fwp%2Fv2%2Fcategories&post=66002"},{"taxonomy":"post_tag","embeddable":true,"href":"https:\/\/diariodominicano.com\/index.php?rest_route=%2Fwp%2Fv2%2Ftags&post=66002"}],"curies":[{"name":"wp","href":"https:\/\/api.w.org\/{rel}","templated":true}]}}