{"id":66000,"date":"2012-03-27T18:34:22","date_gmt":"2012-03-27T18:34:22","guid":{"rendered":"http:\/\/diariodominicano.ddns.net\/?p=66000"},"modified":"2012-03-27T18:34:22","modified_gmt":"2012-03-27T18:34:22","slug":"ministerio-de-educacion-realiza-1er-rally-estudiantil-por-una-educacion-en-valores","status":"publish","type":"post","link":"https:\/\/diariodominicano.com\/?p=66000","title":{"rendered":"Ministerio de Educaci\u00f3n realiza 1er. Rally Estudiantil por una Educaci\u00f3n en Valores"},"content":{"rendered":"<p><body><\/p>\n<p><span class=\"text1noticias\">Rep.Dom, 27 de Marzo 02:36 P.M.-El Ministerio de Educaci\u00f3n, a trav\u00e9s del Viceministerio de Asuntos Culturales, llev\u00f3 a cabo este martes 27 de marzo, el Primer Rally Estudiantil por una Educaci\u00f3n en Valores en el parque Mirador Sur a partir de las 8 de la ma\u00f1ana.<\/span><\/p>\n<\/p>\n<p><span class=\"text1noticias\">Para este Ministerio dirigido por  Josefina Pimentel, busca con esta actividad innovar y fortalecer los valores patri\u00f3ticos, morales, c\u00edvicos y ambientales en los j\u00f3venes dominicanos, realizando un rally en todo lo largo y ancho del Mirador Sur, lleno de actividades Educativas y Culturales.<\/span><\/p>\n<\/p>\n<p><span class=\"text1noticias\">El rally contar\u00e1 con la participaci\u00f3n de m\u00e1s de 350 estudiantes del nivel medio, de la regional 15, donde tendr\u00e1n que recorrer varios puntos y aprobar pruebas de conocimiento hist\u00f3rico, pruebas f\u00edsicas y deportivas, buscar objetos escondidos, entre otras actividades.<\/span><\/p>\n<\/p>\n<p><span class=\"text1noticias\">Exhortamos al pueblo en sentido general a velar por el rescate y revalorizaci\u00f3n de nuestros valores, s\u00edmbolos patrios y proteger el medio ambiente, que se encuentran bajo constante acoso por la corrupci\u00f3n, la criminalidad, la delincuencia y la inversi\u00f3n de valores.(HG)<\/span>.<\/p>\n<h6> 2012-03-27 18:34:22 <\/h6>\n<p><!--\n<link rel=\"stylesheet\" href=\"css\/bootstrap.min.css\">\n\n\n<ul class=\"pagination\">\n\t    \n\t\n\n<li >\n\t<a href='?page_no=17677'>Previous<\/a>\n\t<\/li>\n\n\n       \n    \n\n<li><a href='?page_no=1'>1<\/a><\/li>\n\n\n\n<li><a href='?page_no=2'>2<\/a><\/li>\n\n\n\n<li><a>...<\/a><\/li>\n\n\n\n<li><a href='?page_no=17676'>17676<\/a><\/li>\n\n\n\n<li><a href='?page_no=17677'>17677<\/a><\/li>\n\n\n\n<li class='active'><a>17678<\/a><\/li>\n\n\n\n<li><a href='?page_no=17679'>17679<\/a><\/li>\n\n\n\n<li><a href='?page_no=17680'>17680<\/a><\/li>\n\n\n\n<li><a>...<\/a><\/li>\n\n\n\n<li><a href='?page_no=22911'>22911<\/a><\/li>\n\n\n\n<li><a href='?page_no=22912'>22912<\/a><\/li>\n\n    \n\t\n\n<li >\n\t<a href='?page_no=17679'>Next<\/a>\n\t<\/li>\n\n\n    \n\n<li><a href='?page_no=22912'>Last &rsaquo;&rsaquo;<\/a><\/li>\n\n<\/ul>\n\n\n--><br \/>\n<\/body><\/p>\n","protected":false},"excerpt":{"rendered":"<p>Rep.Dom, 27 de Marzo 02:36 P.M.-El Ministerio de Educaci\u00f3n, a trav\u00e9s del Viceministerio de Asuntos Culturales, llev\u00f3 a cabo este martes 27 de marzo, el Primer Rally Estudiantil por una Educaci\u00f3n en Valores en el parque Mirador Sur a partir de las 8 de la ma\u00f1ana. Para este Ministerio dirigido por Josefina Pimentel, busca con [&hellip;]<\/p>\n","protected":false},"author":3,"featured_media":0,"comment_status":"open","ping_status":"open","sticky":false,"template":"","format":"standard","meta":{"footnotes":""},"categories":[21],"tags":[],"class_list":["post-66000","post","type-post","status-publish","format-standard","hentry","category-cultura"],"_links":{"self":[{"href":"https:\/\/diariodominicano.com\/index.php?rest_route=\/wp\/v2\/posts\/66000","targetHints":{"allow":["GET"]}}],"collection":[{"href":"https:\/\/diariodominicano.com\/index.php?rest_route=\/wp\/v2\/posts"}],"about":[{"href":"https:\/\/diariodominicano.com\/index.php?rest_route=\/wp\/v2\/types\/post"}],"author":[{"embeddable":true,"href":"https:\/\/diariodominicano.com\/index.php?rest_route=\/wp\/v2\/users\/3"}],"replies":[{"embeddable":true,"href":"https:\/\/diariodominicano.com\/index.php?rest_route=%2Fwp%2Fv2%2Fcomments&post=66000"}],"version-history":[{"count":0,"href":"https:\/\/diariodominicano.com\/index.php?rest_route=\/wp\/v2\/posts\/66000\/revisions"}],"wp:attachment":[{"href":"https:\/\/diariodominicano.com\/index.php?rest_route=%2Fwp%2Fv2%2Fmedia&parent=66000"}],"wp:term":[{"taxonomy":"category","embeddable":true,"href":"https:\/\/diariodominicano.com\/index.php?rest_route=%2Fwp%2Fv2%2Fcategories&post=66000"},{"taxonomy":"post_tag","embeddable":true,"href":"https:\/\/diariodominicano.com\/index.php?rest_route=%2Fwp%2Fv2%2Ftags&post=66000"}],"curies":[{"name":"wp","href":"https:\/\/api.w.org\/{rel}","templated":true}]}}