{"id":659996,"date":"2026-01-13T15:21:22","date_gmt":"2026-01-13T19:21:22","guid":{"rendered":"https:\/\/diariodominicano.com\/?p=659996"},"modified":"2026-01-14T01:52:28","modified_gmt":"2026-01-14T05:52:28","slug":"presidente-abinader-da-seguimiento-a-la-docencia-de-educacion-moral-civica-y-etica-ciudadana","status":"publish","type":"post","link":"https:\/\/diariodominicano.com\/?p=659996","title":{"rendered":"Presidente Abinader da seguimiento a la docencia de Educaci\u00f3n Moral, C\u00edvica y \u00c9tica Ciudadana"},"content":{"rendered":"\n<p>diariodominicano.com<\/p>\n\n\n\n<p>Santo Domingo, R. D.,  13 de enero, 2025.\u2013\u00a0<strong>El presidente de la Rep\u00fablica, Luis Abinader,<\/strong>\u00a0fungi\u00f3 este martes como docente al impartir una clase de\u00a0<strong>Moral, C\u00edvica y \u00c9tica Ciudadana<\/strong>\u00a0a estudiantes de 5.\u00b0 grado del\u00a0<strong>Liceo Germ\u00e1n Mart\u00ednez,<\/strong>\u00a0donde expres\u00f3 que esta materia debe colocarse delante en el sistema educativo porque permite formar mejores\u00a0<strong>compa\u00f1eros<\/strong>, mejores\u00a0<strong>parejas<\/strong>, mejores\u00a0<strong>ciudadanos<\/strong>\u00a0y mejores\u00a0<strong>dominicanos<\/strong>\u00a0del mundo.<\/p>\n\n\n\n<p>El mandatario expres\u00f3 su satisfacci\u00f3n por regresar al aula luego de m\u00e1s de&nbsp;<strong>dos d\u00e9cadas<\/strong>&nbsp;sin ejercer la docencia, destacando la importancia de reintegrar la ense\u00f1anza de la moral, la c\u00edvica y la \u00e9tica ciudadana como&nbsp;<strong>pilares fundamentales<\/strong>&nbsp;para la formaci\u00f3n de ciudadanos responsables.&nbsp;<\/p>\n\n\n\n<p>Sostuvo que es necesario renovar los valores para que sean esos principios los que construyan una Rep\u00fablica Dominicana de&nbsp;<strong>mejor calidad de vida<\/strong>, donde la inmensa mayor\u00eda realmente respete las&nbsp;<strong>leyes<\/strong>, las&nbsp;<strong>normas de convivencia y nuestra Constituci\u00f3n<\/strong>, y sobre todo la&nbsp;<strong>dignidad<\/strong>&nbsp;de la sociedad.&nbsp;<\/p>\n\n\n\n<p>Previo al inicio de la docencia de la asignatura, el&nbsp;<strong>presidente Abinader<\/strong>, acompa\u00f1ado del ministro de Educaci\u00f3n,&nbsp;<strong>Luis Miguel De Camps<\/strong>, dijo que, al hablar durante la planificaci\u00f3n de este a\u00f1o, se estableci\u00f3 que los principales funcionarios del Gobierno y tambi\u00e9n personalidades del pa\u00eds vinieran a dar estas clases, para que la gente supiera lo&nbsp;<strong>importante, lo necesario, lo vital<\/strong>&nbsp;que es la moral y la c\u00edvica.<\/p>\n\n\n\n<p>El mandatario sostuvo que sin la moral y sin la c\u00edvica, no hay ninguno de los otros conocimientos, y se\u00f1al\u00f3 que se empieza hoy. Agreg\u00f3 que espera que, en alg\u00fan momento, el ministro sea profesor, que la vicepresidenta, con quien acordaron que lo va a ser, tambi\u00e9n participe, y a\u00f1adi\u00f3:&nbsp;<em>\u201cya hoy me dijo la primera dama que ella quer\u00eda ser profesora tambi\u00e9n\u201d,<\/em>&nbsp;indicando que se har\u00e1 lo necesario para que la gente conozca la importancia de esta materia, que&nbsp;<strong>ha sido reintegrada<\/strong>&nbsp;para la educaci\u00f3n de los j\u00f3venes.<\/p>\n\n\n\n<p>El presidente destac\u00f3 que la&nbsp;<strong>integridad, la honestidad y el respeto<\/strong>&nbsp;a las normas son valores esenciales para el ejercicio de cualquier profesi\u00f3n y para la&nbsp;<strong>convivencia social,<\/strong>&nbsp;se\u00f1alando que el conocimiento acad\u00e9mico pierde valor si no est\u00e1 acompa\u00f1ado de principios \u00e9ticos.<\/p>\n\n\n\n<p><em>\u201cLa integridad, la moral, la c\u00edvica, la honestidad, la \u00e9tica, es la que te asegura el conocimiento de las otras materias, de los otros conocimientos. Y esa es la importancia de tener esa integridad, de fortalecer la moral y la c\u00edvica\u201d,<\/em>&nbsp;expres\u00f3 el jefe de Estado.&nbsp;<\/p>\n\n\n\n<p>Asimismo, enfatiz\u00f3 la necesidad de cumplir las leyes, respetar el orden p\u00fablico, cuidar los espacios comunes, reciclar, respetar las filas, ser puntuales y&nbsp;<strong>actuar con tolerancia<\/strong>&nbsp;frente a las diferencias de opini\u00f3n, como pr\u00e1cticas b\u00e1sicas de una&nbsp;<strong>ciudadan\u00eda responsable.<\/strong><\/p>\n\n\n\n<p>El m\u00e9todo de ense\u00f1anza utilizado por el mandatario fue la&nbsp;<strong>interacci\u00f3n directa<\/strong>&nbsp;con los estudiantes, durante la cual abord\u00f3 temas como la convivencia comunitaria, el respeto a las normas sobre el ruido, la seguridad vial, la responsabilidad social, el&nbsp;<strong>rechazo a la corrupci\u00f3n<\/strong>&nbsp;y la importancia de servir al pa\u00eds con&nbsp;<strong>vocaci\u00f3n y honestidad<\/strong>, especialmente en el ejercicio de&nbsp;<strong>funciones p\u00fablicas.<\/strong><\/p>\n\n\n\n<p>En este orden, el presidente Abinader sostuvo un&nbsp;<strong>intercambio abierto<\/strong>&nbsp;con los estudiantes, quienes compartieron algunas recomendaciones dirigidas al mandatario. Entre ellas, plantearon la necesidad de&nbsp;<strong>reforzar el orden<\/strong>&nbsp;en los espacios p\u00fablicos y propusieron medidas relacionadas con la&nbsp;<strong>regulaci\u00f3n de conductas indebidas<\/strong>&nbsp;en la v\u00eda p\u00fablica.<\/p>\n\n\n\n<p>En ese di\u00e1logo, tambi\u00e9n se abord\u00f3 la importancia de contar con&nbsp;<strong>disposiciones legales<\/strong>&nbsp;que proh\u00edban el consumo de sustancias il\u00edcitas, as\u00ed como de&nbsp;<strong>fortalecer la seguridad<\/strong>&nbsp;en los municipios, con el objetivo de prevenir este tipo de pr\u00e1cticas y&nbsp;<strong>proteger a la ciudadan\u00eda.<\/strong><\/p>\n\n\n\n<p>La intenci\u00f3n pedag\u00f3gica de la clase impartida es promover en los estudiantes la comprensi\u00f3n del&nbsp;<strong>rol de las instituciones fiscales<\/strong>&nbsp;del Estado dominicano y de la importancia de los impuestos para el&nbsp;<strong>financiamiento p\u00fablico,<\/strong>&nbsp;fortaleciendo una actitud cr\u00edtica, responsable y comprometida con la&nbsp;<strong>transparencia fiscal<\/strong>&nbsp;y el cumplimiento de los deberes ciudadanos.<\/p>\n\n\n\n<p>En ese sentido, el mandatario destac\u00f3 la importancia de la planificaci\u00f3n, el cumplimiento de las normas y la responsabilidad social como&nbsp;<strong>elementos esenciales<\/strong>&nbsp;para mejorar la calidad de vida.<\/p>\n\n\n\n<p>El presidente explic\u00f3 que el desarrollo de&nbsp;<strong>infraestructuras y servicios p\u00fablicos<\/strong>&nbsp;debe ir acompa\u00f1ado de una&nbsp;<strong>visi\u00f3n integral<\/strong>&nbsp;que garantice su sostenibilidad, se\u00f1alando que cada avance implica mayores niveles de&nbsp;<strong>inversi\u00f3n, gesti\u00f3n y compromiso<\/strong>&nbsp;institucional y ciudadano.<\/p>\n\n\n\n<p>El presidente Abinader indic\u00f3 que la&nbsp;<strong>formaci\u00f3n en valores<\/strong>&nbsp;debe abarcar los distintos espacios donde se desarrolla la vida cotidiana, como la&nbsp;<strong>escuela, la comunidad y el pa\u00eds,<\/strong>&nbsp;exhortando a los estudiantes a asumir un&nbsp;<strong>rol activo<\/strong>&nbsp;en la convivencia social.<\/p>\n\n\n\n<p>En ese contexto, propuso la creaci\u00f3n de un&nbsp;<strong>acuerdo de convivencia escolar<\/strong>, elaborado y firmado por los propios estudiantes, orientado a promover el&nbsp;<strong>respeto, rechazar el bullying, la violencia y las ofensas<\/strong>, y fortalecer el comportamiento ciudadano dentro y fuera del centro educativo.<\/p>\n\n\n\n<p>Asimismo, anunci\u00f3 que dicho compromiso ser\u00e1 presentado en el&nbsp;<strong>Palacio Nacional,<\/strong>&nbsp;donde ser\u00e1 respaldado como un ejercicio de participaci\u00f3n c\u00edvica, junto con una visita institucional que contribuir\u00e1 a la formaci\u00f3n ciudadana de los alumnos.<\/p>\n\n\n\n<p>El presidente escuch\u00f3 atentamente las intervenciones y&nbsp;<strong>agradeci\u00f3 la participaci\u00f3n<\/strong>&nbsp;de los estudiantes, valorando el ejercicio de&nbsp;<strong>di\u00e1logo c\u00edvico<\/strong>. Al finalizar, reiter\u00f3 su agradecimiento por la invitaci\u00f3n y reiter\u00f3 que volver\u00e1n a encontrarse en&nbsp;<strong>menos de un mes<\/strong>, en el Palacio Nacional.<\/p>\n\n\n\n<p><a href=\"https:\/\/presidencia.gob.do\/taxonomy\/term\/58\">DIPP<\/a><\/p>\n","protected":false},"excerpt":{"rendered":"<p>diariodominicano.com Santo Domingo, R. D., 13 de enero, 2025.\u2013\u00a0El presidente de la Rep\u00fablica, Luis Abinader,\u00a0fungi\u00f3 este martes como docente al impartir una clase de\u00a0Moral, C\u00edvica y \u00c9tica Ciudadana\u00a0a estudiantes de 5.\u00b0 grado del\u00a0Liceo Germ\u00e1n Mart\u00ednez,\u00a0donde expres\u00f3 que esta materia debe colocarse delante en el sistema educativo porque permite formar mejores\u00a0compa\u00f1eros, mejores\u00a0parejas, mejores\u00a0ciudadanos\u00a0y mejores\u00a0dominicanos\u00a0del mundo. El [&hellip;]<\/p>\n","protected":false},"author":5,"featured_media":660001,"comment_status":"closed","ping_status":"open","sticky":false,"template":"","format":"standard","meta":{"footnotes":""},"categories":[20,27],"tags":[1854],"class_list":["post-659996","post","type-post","status-publish","format-standard","has-post-thumbnail","hentry","category-dominicana-hoy","category-portada","tag-presidente-abinader"],"_links":{"self":[{"href":"https:\/\/diariodominicano.com\/index.php?rest_route=\/wp\/v2\/posts\/659996","targetHints":{"allow":["GET"]}}],"collection":[{"href":"https:\/\/diariodominicano.com\/index.php?rest_route=\/wp\/v2\/posts"}],"about":[{"href":"https:\/\/diariodominicano.com\/index.php?rest_route=\/wp\/v2\/types\/post"}],"author":[{"embeddable":true,"href":"https:\/\/diariodominicano.com\/index.php?rest_route=\/wp\/v2\/users\/5"}],"replies":[{"embeddable":true,"href":"https:\/\/diariodominicano.com\/index.php?rest_route=%2Fwp%2Fv2%2Fcomments&post=659996"}],"version-history":[{"count":1,"href":"https:\/\/diariodominicano.com\/index.php?rest_route=\/wp\/v2\/posts\/659996\/revisions"}],"predecessor-version":[{"id":660002,"href":"https:\/\/diariodominicano.com\/index.php?rest_route=\/wp\/v2\/posts\/659996\/revisions\/660002"}],"wp:featuredmedia":[{"embeddable":true,"href":"https:\/\/diariodominicano.com\/index.php?rest_route=\/wp\/v2\/media\/660001"}],"wp:attachment":[{"href":"https:\/\/diariodominicano.com\/index.php?rest_route=%2Fwp%2Fv2%2Fmedia&parent=659996"}],"wp:term":[{"taxonomy":"category","embeddable":true,"href":"https:\/\/diariodominicano.com\/index.php?rest_route=%2Fwp%2Fv2%2Fcategories&post=659996"},{"taxonomy":"post_tag","embeddable":true,"href":"https:\/\/diariodominicano.com\/index.php?rest_route=%2Fwp%2Fv2%2Ftags&post=659996"}],"curies":[{"name":"wp","href":"https:\/\/api.w.org\/{rel}","templated":true}]}}