{"id":659987,"date":"2026-01-13T15:06:47","date_gmt":"2026-01-13T19:06:47","guid":{"rendered":"https:\/\/diariodominicano.com\/?p=659987"},"modified":"2026-01-14T01:54:47","modified_gmt":"2026-01-14T05:54:47","slug":"fiscalia-surcoreana-pide-pena-de-muerte-para-el-expresidente-yoon-suk-yeol-por-cargo-de-insurreccion","status":"publish","type":"post","link":"https:\/\/diariodominicano.com\/?p=659987","title":{"rendered":"Fiscal\u00eda surcoreana pide pena de muerte para el expresidente Yoon Suk-yeol por cargo de insurrecci\u00f3n"},"content":{"rendered":"\n<p>diariodominicano.com<\/p>\n\n\n\n<p>SE\u00daL, 13 ene (Xinhua) &#8212; El equipo especial de la Fiscal\u00eda de la Rep\u00fablica de Corea solicit\u00f3 hoy martes la pena de muerte para el expresidente destituido del pa\u00eds Yoon Suk-yeol por el cargo de insurrecci\u00f3n, seg\u00fan inform\u00f3 m\u00faltiples medios de comunicaci\u00f3n locales. El equipo de Cho Eun-suk, fiscal independiente a cargo de los delitos de insurrecci\u00f3n de Yoon y de otros delitos relacionados, pidi\u00f3 la pena de muerte para Yoon, acusado de organizar una insurrecci\u00f3n al declarar una ley marcial de emergencia inconstitucional e ilegal a pesar de la ausencia de guerra o de emergencias nacionales equivalentes. Se prev\u00e9 que el Tribunal de Distrito Central de Se\u00fal emita su fallo sobre el caso en febrero. El Tribunal del Distrito Central de Se\u00fal fusion\u00f3 tres juicios el mes pasado para ocho acusados, incluyendo a Yoon acusado de encabezar la insurrecci\u00f3n, y siete importantes militares y funcionarios de la polic\u00eda acusados \u200b\u200bde realizar actividades cr\u00edticas en la insurrecci\u00f3n. El equipo del fiscal especial solicit\u00f3 el martes cadena perpetua para el exministro de Defensa, Kim Yong-hyun, pues afirm\u00f3 que Kim fue el cerebro que plane\u00f3 y dirigi\u00f3 la insurrecci\u00f3n junto con Yoon a trav\u00e9s de la movilizaci\u00f3n del ej\u00e9rcito, y que inevitablemente debe enfrentar un castigo severo dado que su responsabilidad era inmensa. Yoon declar\u00f3 la ley marcial de emergencia la noche del 3 de diciembre de 2024, pero horas m\u00e1s tarde fue revocada por la Asamblea Nacional. El tribunal constitucional apoy\u00f3 la moci\u00f3n para destituir a Yoon en abril del a\u00f1o pasado y lo retir\u00f3 oficialmente de su cargo. El puesto l\u00edder fue acusado bajo arresto en enero pasado por presuntamente encabezar la insurrecci\u00f3n, con lo que se convirti\u00f3 en el primer presidente en funciones en ser arrestado y acusado.<\/p>\n","protected":false},"excerpt":{"rendered":"<p>diariodominicano.com SE\u00daL, 13 ene (Xinhua) &#8212; El equipo especial de la Fiscal\u00eda de la Rep\u00fablica de Corea solicit\u00f3 hoy martes la pena de muerte para el expresidente destituido del pa\u00eds Yoon Suk-yeol por el cargo de insurrecci\u00f3n, seg\u00fan inform\u00f3 m\u00faltiples medios de comunicaci\u00f3n locales. El equipo de Cho Eun-suk, fiscal independiente a cargo de los [&hellip;]<\/p>\n","protected":false},"author":5,"featured_media":659994,"comment_status":"closed","ping_status":"closed","sticky":false,"template":"","format":"standard","meta":{"footnotes":""},"categories":[23,27],"tags":[171],"class_list":["post-659987","post","type-post","status-publish","format-standard","has-post-thumbnail","hentry","category-internacional","category-portada","tag-ministerio-publico"],"_links":{"self":[{"href":"https:\/\/diariodominicano.com\/index.php?rest_route=\/wp\/v2\/posts\/659987","targetHints":{"allow":["GET"]}}],"collection":[{"href":"https:\/\/diariodominicano.com\/index.php?rest_route=\/wp\/v2\/posts"}],"about":[{"href":"https:\/\/diariodominicano.com\/index.php?rest_route=\/wp\/v2\/types\/post"}],"author":[{"embeddable":true,"href":"https:\/\/diariodominicano.com\/index.php?rest_route=\/wp\/v2\/users\/5"}],"replies":[{"embeddable":true,"href":"https:\/\/diariodominicano.com\/index.php?rest_route=%2Fwp%2Fv2%2Fcomments&post=659987"}],"version-history":[{"count":1,"href":"https:\/\/diariodominicano.com\/index.php?rest_route=\/wp\/v2\/posts\/659987\/revisions"}],"predecessor-version":[{"id":659995,"href":"https:\/\/diariodominicano.com\/index.php?rest_route=\/wp\/v2\/posts\/659987\/revisions\/659995"}],"wp:featuredmedia":[{"embeddable":true,"href":"https:\/\/diariodominicano.com\/index.php?rest_route=\/wp\/v2\/media\/659994"}],"wp:attachment":[{"href":"https:\/\/diariodominicano.com\/index.php?rest_route=%2Fwp%2Fv2%2Fmedia&parent=659987"}],"wp:term":[{"taxonomy":"category","embeddable":true,"href":"https:\/\/diariodominicano.com\/index.php?rest_route=%2Fwp%2Fv2%2Fcategories&post=659987"},{"taxonomy":"post_tag","embeddable":true,"href":"https:\/\/diariodominicano.com\/index.php?rest_route=%2Fwp%2Fv2%2Ftags&post=659987"}],"curies":[{"name":"wp","href":"https:\/\/api.w.org\/{rel}","templated":true}]}}