{"id":65997,"date":"2012-03-28T14:46:07","date_gmt":"2012-03-28T14:46:07","guid":{"rendered":"http:\/\/diariodominicano.ddns.net\/?p=65997"},"modified":"2012-03-28T14:46:07","modified_gmt":"2012-03-28T14:46:07","slug":"nicaragua-planea-remozar-en-abril-catedral-de-leon","status":"publish","type":"post","link":"https:\/\/diariodominicano.com\/?p=65997","title":{"rendered":"&#13;Nicaragua planea remozar en abril Catedral de Le\u00f3n"},"content":{"rendered":"<p><body><\/p>\n<p><span class=\"text1noticias\">Managua, Nicaragua 28 marzo (10:43 am).- La Catedral Asunci\u00f3n de Le\u00f3n, en Nicaragua, declarada patrimonio mundial por la Unesco, empezar\u00e1 a ser reparada en abril con recursos del Estado y de la Iglesia cat\u00f3lica, inform\u00f3 una fuente eclesi\u00e1stica.<\/span><\/p>\n<\/p>\n<p><span class=\"text1noticias\">\u00abDespu\u00e9s de Semana Santa, vamos a proceder con los trabajos de restauraci\u00f3n tanto fuera como dentro del edificio\u00bb, anunci\u00f3 el obispo de la catedral, Bosco Vivas, en la homil\u00eda del domingo en Le\u00f3n, 92 km al noroeste de la capital.<\/span><\/p>\n<\/p>\n<p><span class=\"text1noticias\">La catedral, construida a mediados del siglo XVIII, fue declarada Patrimonio Mundial por la Organizaci\u00f3n de Naciones Unidas para la Educaci\u00f3n, la Ciencia y la Cultura (Unesco) en junio de 2011.<\/span><\/p>\n<\/p>\n<p><span class=\"text1noticias\">La designaci\u00f3n obliga a las autoridades nicarag\u00fcenses a rehabilitar y conservar la estructura de la bas\u00edlica con fines hist\u00f3ricos.<\/span><\/p>\n<\/p>\n<p><span class=\"text1noticias\">Los arreglos incluyen el reforzamiento de estructuras da\u00f1adas por el paso de los a\u00f1os, y el mantenimiento de objetos afectados por la oxidaci\u00f3n y los hongos.(AD)<\/span>.<\/p>\n<\/p>\n<h6> 2012-03-28 14:46:07 <\/h6>\n<p><!--\n<link rel=\"stylesheet\" href=\"css\/bootstrap.min.css\">\n\n\n<ul class=\"pagination\">\n\t    \n\t\n\n<li >\n\t<a href='?page_no=17674'>Previous<\/a>\n\t<\/li>\n\n\n       \n    \n\n<li><a href='?page_no=1'>1<\/a><\/li>\n\n\n\n<li><a href='?page_no=2'>2<\/a><\/li>\n\n\n\n<li><a>...<\/a><\/li>\n\n\n\n<li><a href='?page_no=17673'>17673<\/a><\/li>\n\n\n\n<li><a href='?page_no=17674'>17674<\/a><\/li>\n\n\n\n<li class='active'><a>17675<\/a><\/li>\n\n\n\n<li><a href='?page_no=17676'>17676<\/a><\/li>\n\n\n\n<li><a href='?page_no=17677'>17677<\/a><\/li>\n\n\n\n<li><a>...<\/a><\/li>\n\n\n\n<li><a href='?page_no=22911'>22911<\/a><\/li>\n\n\n\n<li><a href='?page_no=22912'>22912<\/a><\/li>\n\n    \n\t\n\n<li >\n\t<a href='?page_no=17676'>Next<\/a>\n\t<\/li>\n\n\n    \n\n<li><a href='?page_no=22912'>Last &rsaquo;&rsaquo;<\/a><\/li>\n\n<\/ul>\n\n\n--><br \/>\n<\/body><\/p>\n","protected":false},"excerpt":{"rendered":"<p>Managua, Nicaragua 28 marzo (10:43 am).- La Catedral Asunci\u00f3n de Le\u00f3n, en Nicaragua, declarada patrimonio mundial por la Unesco, empezar\u00e1 a ser reparada en abril con recursos del Estado y de la Iglesia cat\u00f3lica, inform\u00f3 una fuente eclesi\u00e1stica. \u00abDespu\u00e9s de Semana Santa, vamos a proceder con los trabajos de restauraci\u00f3n tanto fuera como dentro del [&hellip;]<\/p>\n","protected":false},"author":3,"featured_media":0,"comment_status":"open","ping_status":"open","sticky":false,"template":"","format":"standard","meta":{"footnotes":""},"categories":[21],"tags":[],"class_list":["post-65997","post","type-post","status-publish","format-standard","hentry","category-cultura"],"_links":{"self":[{"href":"https:\/\/diariodominicano.com\/index.php?rest_route=\/wp\/v2\/posts\/65997","targetHints":{"allow":["GET"]}}],"collection":[{"href":"https:\/\/diariodominicano.com\/index.php?rest_route=\/wp\/v2\/posts"}],"about":[{"href":"https:\/\/diariodominicano.com\/index.php?rest_route=\/wp\/v2\/types\/post"}],"author":[{"embeddable":true,"href":"https:\/\/diariodominicano.com\/index.php?rest_route=\/wp\/v2\/users\/3"}],"replies":[{"embeddable":true,"href":"https:\/\/diariodominicano.com\/index.php?rest_route=%2Fwp%2Fv2%2Fcomments&post=65997"}],"version-history":[{"count":0,"href":"https:\/\/diariodominicano.com\/index.php?rest_route=\/wp\/v2\/posts\/65997\/revisions"}],"wp:attachment":[{"href":"https:\/\/diariodominicano.com\/index.php?rest_route=%2Fwp%2Fv2%2Fmedia&parent=65997"}],"wp:term":[{"taxonomy":"category","embeddable":true,"href":"https:\/\/diariodominicano.com\/index.php?rest_route=%2Fwp%2Fv2%2Fcategories&post=65997"},{"taxonomy":"post_tag","embeddable":true,"href":"https:\/\/diariodominicano.com\/index.php?rest_route=%2Fwp%2Fv2%2Ftags&post=65997"}],"curies":[{"name":"wp","href":"https:\/\/api.w.org\/{rel}","templated":true}]}}