{"id":65996,"date":"2012-03-28T18:44:48","date_gmt":"2012-03-28T18:44:48","guid":{"rendered":"http:\/\/diariodominicano.ddns.net\/?p=65996"},"modified":"2012-03-28T18:44:48","modified_gmt":"2012-03-28T18:44:48","slug":"cultura-celebra-dia-internacional-del-teatro","status":"publish","type":"post","link":"https:\/\/diariodominicano.com\/?p=65996","title":{"rendered":"Cultura celebra D\u00eda Internacional del Teatro"},"content":{"rendered":"<p><body><\/p>\n<p><img decoding=\"async\" src=\"img3\/teatro.JPG\" \/>  <\/p>\n<p><span class=\"text1noticias\">urante todo el mes de marzo, Cultura desarroll\u00f3 una intensa programaci\u00f3n que incluy\u00f3 presentaciones, cursos, conferencias, talleres, y la celebraci\u00f3n del Festival Internacional de Teatro Aficionado Emilio Aparicio, que culmina este s\u00e1bado 31.<\/span><\/p>\n<\/p>\n<p><span class=\"text1noticias\">Rep.Dom, 28 de Marzo 02:40 P.M.-Con motivo de celebrar el 50 aniversario del \u00abD\u00eda Internacional del Teatro\u00bb, el Ministerio de Cultura ofreci\u00f3 un encuentro en el Sal\u00f3n La Carabela, del hotel V Centenario.<\/span><\/p>\n<\/p>\n<p><span class=\"text1noticias\">El acto fue presidido por Bernarda Jorge, Viceministra de Creatividad y Participaci\u00f3n Popular; le acompa\u00f1aron Karina Noble, Directora de Festivales, Franklin Dom\u00ednguez, Director General de Bellas Artes, Radham\u00e9s Polanco, Director de la Escuela de Arte Dram\u00e1tico y Basilio Nova, Director General del Centro Cultural Narciso Gonz\u00e1lez. <\/span><\/p>\n<\/p>\n<p><span class=\"text1noticias\">En el encuentro se dio lectura a la declaraci\u00f3n Internacional de la UNESCO, escrita por el actor Jhon Malcovich, donde se exhort\u00f3 a los actores a \u00abQue su trabajo sea convincente y original. Que sea profundo, conmovedor, contemplativo y \u00fanico. Que nos ayude a reflexionar sobre qu\u00e9 significa ser humano, y que esa reflexi\u00f3n sea bendecida con coraz\u00f3n, sinceridad, honestidad y gracia. Que se sobrepongan a la adversidad, a la censura, a la pobreza y al nihilismo, como muchos se ver\u00e1n casi ciertamente obligados a hacer. Que sean bendecidos con el talento y el rigor de ense\u00f1arnos acerca del latir del coraz\u00f3n humano en toda su complejidad, y la humildad y la curiosidad de hacer de eso el trabajo de su vida. Y que los mejores de entre ustedes -porque s\u00f3lo ser\u00e1n los mejores, y a\u00fan ellos s\u00f3lo en los momentos m\u00e1s breves y escasos- tengan \u00e9xito en esbozar esa pregunta b\u00e1sica: \u00bfc\u00f3mo vivimos?\u00bb.<\/span><\/p>\n<\/p>\n<p><span class=\"text1noticias\">De inmediato se dio lectura a la Proclama Nacional, que en esta ocasi\u00f3n fue escrita por el actor Rhadam\u00e9s Polanco, quien se\u00f1alo que \u00aben el marco de la celebraci\u00f3n del d\u00eda mundial del teatro, los artistas esc\u00e9nicos dominicanos  redoblamos  nuestra fe, conciencia y esfuerzo por la calidad, la competitividad y el fortalecimiento del arte teatral que corresponde a este momento de nuestra historia y de nuestra identidad en el contexto multicultural y globalizado\u00bb.<\/span><\/p>\n<\/p>\n<p><span class=\"text1noticias\">El discurso central estuvo a cargo de Bernarda Jorge, quien destac\u00f3 todo el trabajo realizado por la actual gesti\u00f3n, en beneficio del desarrollo del Teatro Dominicano, destacando la realizaci\u00f3n de los Festivales Nacional e Internacional de Teatro; la actualizaci\u00f3n curricular de la Escuela de Arte Dram\u00e1tico; la promoci\u00f3n de nuestras figuras en el extranjero, con la participaci\u00f3n en Festivales y Encuentros de Teatro; la consolidaci\u00f3n de la Compa\u00f1\u00eda Nacional de Teatro; el Programa Sembrando Teatro, entre otros.<\/span><\/p>\n<\/p>\n<p><span class=\"text1noticias\">Para concluir la parte protocolar, se entreg\u00f3 reconocimientos a las destacadas figuras del teatro dominicano: Germana Quintana, Carlota Carretero, Mar\u00eda Ligia Grull\u00f3n, Amaurys S\u00e1nchez y William Mej\u00eda.<\/span><\/p>\n<\/p>\n<p><span class=\"text1noticias\">Cada 27 de marzo, una figura sobresaliente del teatro o una persona excepcional en coraz\u00f3n y esp\u00edritu de otro campo, es invitada a compartir sus reflexiones sobre el teatro y la armon\u00eda internacional. Lo que se conoce como el Mensaje Internacional se traduce en m\u00e1s de 20 idiomas, le\u00eddo por decenas de miles de espectadores antes de las presentaciones en teatros de todo el mundo e impreso en cientos de diarios. Colegas en el \u00e1mbito audiovisual dan una mano fraternal, m\u00e1s de cien estaciones de radio y televisi\u00f3n que transmiten el Mensaje a los oyentes en todos los rincones de los cinco continentes.(HG)<\/span>.<\/p>\n<\/p>\n<\/p>\n<h6> 2012-03-28 18:44:48 <\/h6>\n<p><!--\n<link rel=\"stylesheet\" href=\"css\/bootstrap.min.css\">\n\n\n<ul class=\"pagination\">\n\t    \n\t\n\n<li >\n\t<a href='?page_no=17673'>Previous<\/a>\n\t<\/li>\n\n\n       \n    \n\n<li><a href='?page_no=1'>1<\/a><\/li>\n\n\n\n<li><a href='?page_no=2'>2<\/a><\/li>\n\n\n\n<li><a>...<\/a><\/li>\n\n\n\n<li><a href='?page_no=17672'>17672<\/a><\/li>\n\n\n\n<li><a href='?page_no=17673'>17673<\/a><\/li>\n\n\n\n<li class='active'><a>17674<\/a><\/li>\n\n\n\n<li><a href='?page_no=17675'>17675<\/a><\/li>\n\n\n\n<li><a href='?page_no=17676'>17676<\/a><\/li>\n\n\n\n<li><a>...<\/a><\/li>\n\n\n\n<li><a href='?page_no=22911'>22911<\/a><\/li>\n\n\n\n<li><a href='?page_no=22912'>22912<\/a><\/li>\n\n    \n\t\n\n<li >\n\t<a href='?page_no=17675'>Next<\/a>\n\t<\/li>\n\n\n    \n\n<li><a href='?page_no=22912'>Last &rsaquo;&rsaquo;<\/a><\/li>\n\n<\/ul>\n\n\n--><br \/>\n<\/body><\/p>\n","protected":false},"excerpt":{"rendered":"<p>urante todo el mes de marzo, Cultura desarroll\u00f3 una intensa programaci\u00f3n que incluy\u00f3 presentaciones, cursos, conferencias, talleres, y la celebraci\u00f3n del Festival Internacional de Teatro Aficionado Emilio Aparicio, que culmina este s\u00e1bado 31. Rep.Dom, 28 de Marzo 02:40 P.M.-Con motivo de celebrar el 50 aniversario del \u00abD\u00eda Internacional del Teatro\u00bb, el Ministerio de Cultura ofreci\u00f3 [&hellip;]<\/p>\n","protected":false},"author":3,"featured_media":0,"comment_status":"open","ping_status":"open","sticky":false,"template":"","format":"standard","meta":{"footnotes":""},"categories":[21],"tags":[],"class_list":["post-65996","post","type-post","status-publish","format-standard","hentry","category-cultura"],"_links":{"self":[{"href":"https:\/\/diariodominicano.com\/index.php?rest_route=\/wp\/v2\/posts\/65996","targetHints":{"allow":["GET"]}}],"collection":[{"href":"https:\/\/diariodominicano.com\/index.php?rest_route=\/wp\/v2\/posts"}],"about":[{"href":"https:\/\/diariodominicano.com\/index.php?rest_route=\/wp\/v2\/types\/post"}],"author":[{"embeddable":true,"href":"https:\/\/diariodominicano.com\/index.php?rest_route=\/wp\/v2\/users\/3"}],"replies":[{"embeddable":true,"href":"https:\/\/diariodominicano.com\/index.php?rest_route=%2Fwp%2Fv2%2Fcomments&post=65996"}],"version-history":[{"count":0,"href":"https:\/\/diariodominicano.com\/index.php?rest_route=\/wp\/v2\/posts\/65996\/revisions"}],"wp:attachment":[{"href":"https:\/\/diariodominicano.com\/index.php?rest_route=%2Fwp%2Fv2%2Fmedia&parent=65996"}],"wp:term":[{"taxonomy":"category","embeddable":true,"href":"https:\/\/diariodominicano.com\/index.php?rest_route=%2Fwp%2Fv2%2Fcategories&post=65996"},{"taxonomy":"post_tag","embeddable":true,"href":"https:\/\/diariodominicano.com\/index.php?rest_route=%2Fwp%2Fv2%2Ftags&post=65996"}],"curies":[{"name":"wp","href":"https:\/\/api.w.org\/{rel}","templated":true}]}}