{"id":659956,"date":"2026-01-13T14:17:20","date_gmt":"2026-01-13T18:17:20","guid":{"rendered":"https:\/\/diariodominicano.com\/?p=659956"},"modified":"2026-01-14T01:55:35","modified_gmt":"2026-01-14T05:55:35","slug":"chile-absuelven-a-carabinero-que-cego-a-joven-en-estallido-social","status":"publish","type":"post","link":"https:\/\/diariodominicano.com\/?p=659956","title":{"rendered":"Chile: absuelven a carabinero que ceg\u00f3 a joven en estallido social"},"content":{"rendered":"\n<p>Santiago de Chile, 13 ene (Prensa Latina) Un Tribunal de Chile absolvi\u00f3 hoy de todos los cargos al comandante de Carabineros Claudio Crespo, quien durante el estallido social de 2019 dispar\u00f3 con una escopeta contra manifestantes y caus\u00f3 ceguera total al joven Gustavo Gatica.<\/p>\n\n\n\n<ul class=\"wp-block-list\">\n<li><a href=\"https:\/\/www.prensa-latina.cu\/2026\/01\/13\/\"><time>enero 13, 2026 | 12:45<\/time><\/a><\/li>\n<\/ul>\n\n\n\n<ul class=\"wp-block-list\">\n<li><a href=\"https:\/\/www.prensa-latina.cu\/2026\/01\/13\/chile-absuelven-a-carabinero-que-cego-a-joven-en-estallido-social\/#\"><\/a><\/li>\n\n\n\n<li><a href=\"https:\/\/www.prensa-latina.cu\/2026\/01\/13\/chile-absuelven-a-carabinero-que-cego-a-joven-en-estallido-social\/#\"><\/a><\/li>\n\n\n\n<li><a href=\"https:\/\/www.prensa-latina.cu\/2026\/01\/13\/chile-absuelven-a-carabinero-que-cego-a-joven-en-estallido-social\/#\"><\/a><\/li>\n\n\n\n<li><a href=\"https:\/\/www.prensa-latina.cu\/2026\/01\/13\/chile-absuelven-a-carabinero-que-cego-a-joven-en-estallido-social\/#\"><\/a><\/li>\n<\/ul>\n\n\n\n<p>De acuerdo con la fiscal\u00eda, el oficial utiliz\u00f3 su arma apuntando al tercio superior de los manifestantes y los perdigones impactaron en el rostro de Gatica, quien en las \u00faltimas elecciones fue elegido diputado al Congreso Nacional.<\/p>\n\n\n\n<p>La acusaci\u00f3n indicaba que el polic\u00eda es responsable del delito de apremios ileg\u00edtimos y ped\u00eda una pena de 12 a\u00f1os de prisi\u00f3n.<\/p>\n\n\n\n<p>Sin embargo, los jueces indicaron en su resoluci\u00f3n que la distancia en que mediaba entre manifestantes y fuerzas de seguridad, superior a los 20 metros, imped\u00eda precisar la direcci\u00f3n del disparo.<\/p>\n\n\n\n<p>Argumentaron, adem\u00e1s, que el carabinero actu\u00f3 en defensa propia, a pesar de contar con todo el equipamiento antimotines y un arma en la mano, frente a un grupo de j\u00f3venes, algunos de los cuales portaban piedras.<\/p>\n\n\n\n<figure class=\"wp-block-image\"><img decoding=\"async\" src=\"https:\/\/www.prensa-latina.cu\/wp-content\/uploads\/2026\/01\/Gatica-2.11.jpg\" alt=\"\" class=\"wp-image-1692926\"\/><\/figure>\n\n\n\n<p>Durante las revueltas populares que se extendieron desde el 18 de octubre de 2019 hasta el 20 de marzo de 2020, fue una pr\u00e1ctica com\u00fan de los aparatos de seguridad atacar al rostro a los participantes en las manifestaciones.<\/p>\n\n\n\n<p>De acuerdo con un informe del Instituto Nacional de Derechos Humanos, al menos 427 personas recibieron heridas oculares durante ese per\u00edodo, muchos de ellos con p\u00e9rdida parcial o total de la vista.<\/p>\n\n\n\n<p>Un caso emblem\u00e1tico fue el de la hoy senadora Fabiola Campillay, quien no participaba en las revueltas y, sin embargo, un polic\u00eda le dispar\u00f3 al rostro una granada de gas lacrim\u00f3geno que le caus\u00f3 graves fracturas de cr\u00e1neo y rostro y la p\u00e9rdida de los sentidos de la vista, olfato y gusto.<\/p>\n\n\n\n<p>Tras conocerse el veredicto, grupos de personas que acompa\u00f1aron a Gustavo Gatica en el Centro de Tribunales reaccionaron con airadas protestas por lo que consideraron una burla a la justicia.<\/p>\n\n\n\n<figure class=\"wp-block-image\"><img decoding=\"async\" src=\"https:\/\/www.prensa-latina.cu\/wp-content\/uploads\/2026\/01\/Gatica-1.11.jpg\" alt=\"\" class=\"wp-image-1692927\"\/><\/figure>\n\n\n\n<p>Al salir del recinto, la v\u00edctima expres\u00f3 su insatisfacci\u00f3n por el veredicto del tribunal, si bien reconoci\u00f3 que luego de a\u00f1os de incertidumbre, hoy durante el juicio se acredit\u00f3 totalmente que Claudio Crespo fue el autor del disparo.<\/p>\n\n\n\n<p>\u201cAhora, cabe cuestionarnos \u00bfpor qu\u00e9 una persona que le quita la visi\u00f3n a otro ciudadano, no es condenada, por qu\u00e9 pasan estas cosas en Chile?\u201d<\/p>\n\n\n\n<p>Agreg\u00f3 que el problema debe discutirse en el pr\u00f3ximo Congreso, donde \u00e9l ser\u00e1 diputado, pues hay cosas que cambiar.<\/p>\n\n\n\n<p>\u00bfPor qu\u00e9 un delito tan grave no es castigado con c\u00e1rcel?, esto tenemos que cambiarlo, asegur\u00f3 Gatica y afirm\u00f3 que se reunir\u00e1 con sus abogados para acudir a todas las instancias hasta alcanzar justicia.<\/p>\n\n\n\n<p>Por el bien de la democracia, por el Chile del futuro, estos casos no pueden quedar impunes y si hace falta llegar hasta cortes internacionales, lo haremos, precis\u00f3.<\/p>\n\n\n\n<p>Mientras, Constanza Mart\u00ednez, presidenta del partido Frente Amplio, se\u00f1al\u00f3 que la absoluci\u00f3n de Crespo consagra la impunidad frente a una grave violaci\u00f3n a los derechos humanos ocurrida en 2019.<\/p>\n\n\n\n<p>Es una sentencia, puntualiz\u00f3, que da\u00f1a la confianza en las instituciones y env\u00eda una se\u00f1al equivocada, pues sin justicia no hay democracia plena.<\/p>\n\n\n\n<p>rc\/car\/eam<\/p>\n\n\n\n<ul class=\"wp-block-list\">\n<li>#<a href=\"https:\/\/www.prensa-latina.cu\/etiqueta\/carabineros\/\">carabineros<\/a>\u00a0#<a href=\"https:\/\/www.prensa-latina.cu\/etiqueta\/chile\/\">Chile<\/a><\/li>\n<\/ul>\n\n\n\n<p>MINUTO A MINUTO<\/p>\n\n\n\n<ul class=\"wp-block-list\">\n<li>12:45<\/li>\n<\/ul>\n\n\n\n<p><a href=\"https:\/\/www.prensa-latina.cu\/2026\/01\/13\/chile-absuelven-a-carabinero-que-cego-a-joven-en-estallido-social\/\">Chile: absuelven a carabinero que ceg\u00f3 a joven en estallido social<\/a><\/p>\n\n\n\n<ul class=\"wp-block-list\">\n<li>12:32<\/li>\n<\/ul>\n\n\n\n<p><a href=\"https:\/\/www.prensa-latina.cu\/2026\/01\/13\/presidente-colombiano-pidio-a-la-ciudadania-defender-medidas-sociales\/\">Presidente colombiano pidi\u00f3 a la ciudadan\u00eda defender medidas sociales<\/a><\/p>\n\n\n\n<ul class=\"wp-block-list\">\n<li>12:30<\/li>\n<\/ul>\n\n\n\n<p><a href=\"https:\/\/www.prensa-latina.cu\/2026\/01\/13\/los-domingos-y-sirat-nominadas-a-goya-de-cine\/\">Los Domingos y Sirat nominadas a Goya de cine<\/a><\/p>\n\n\n\n<ul class=\"wp-block-list\">\n<li>12:27<\/li>\n<\/ul>\n\n\n\n<p><a href=\"https:\/\/www.prensa-latina.cu\/2026\/01\/13\/ecuador-y-reino-unido-dialogan-sobre-seguridad-y-cooperacion\/\">Ecuador y Reino Unido dialogan sobre seguridad y cooperaci\u00f3n<\/a><\/p>\n\n\n\n<ul class=\"wp-block-list\">\n<li>12:27<\/li>\n<\/ul>\n\n\n\n<p><a href=\"https:\/\/www.prensa-latina.cu\/2026\/01\/13\/sintesis-de-cuba-448\/\">S\u00edntesis de Cuba<\/a><\/p>\n\n\n\n<ul class=\"wp-block-list\">\n<li>11:50<\/li>\n<\/ul>\n\n\n\n<p><a href=\"https:\/\/www.prensa-latina.cu\/2026\/01\/13\/arrestan-en-iran-a-miembros-de-celulas-terroristas\/\">Arrestan en Ir\u00e1n a miembros de c\u00e9lulas terroristas<\/a><\/p>\n\n\n\n<p>relacionadas<\/p>\n\n\n\n<h4 class=\"wp-block-heading\"><a href=\"https:\/\/www.prensa-latina.cu\/2026\/01\/12\/cierran-en-chile-tras-46-anos-el-servicio-nacional-de-menores\/\">Cierran en Chile tras 46 a\u00f1os el Servicio Nacional de Menores<\/a><\/h4>\n\n\n\n<ul class=\"wp-block-list\">\n<li>enero 12, 2026<\/li>\n\n\n\n<li>19:24<\/li>\n<\/ul>\n\n\n\n<figure class=\"wp-block-image\"><img decoding=\"async\" src=\"https:\/\/www.prensa-latina.cu\/wp-content\/uploads\/2026\/01\/humedal-chile-1.jpg\" alt=\"\" class=\"wp-image-1692407\"\/><\/figure>\n\n\n\n<h4 class=\"wp-block-heading\"><a href=\"https:\/\/www.prensa-latina.cu\/2026\/01\/12\/suma-chile-dos-nuevos-humedales-urbanos-protegidos\/\">Suma Chile dos nuevos humedales urbanos protegidos<\/a><\/h4>\n\n\n\n<ul class=\"wp-block-list\">\n<li>enero 12, 2026<\/li>\n\n\n\n<li>11:46<\/li>\n<\/ul>\n\n\n\n<figure class=\"wp-block-image\"><img decoding=\"async\" src=\"https:\/\/www.prensa-latina.cu\/wp-content\/uploads\/2026\/01\/chile-dolar-peso-1.jpg\" alt=\"\" class=\"wp-image-1692328\"\/><\/figure>\n\n\n\n<h4 class=\"wp-block-heading\"><a href=\"https:\/\/www.prensa-latina.cu\/2026\/01\/12\/debil-arranque-de-semana-del-dolar-frente-al-peso-de-chile\/\">D\u00e9bil arranque de semana del d\u00f3lar frente al peso de Chile<\/a><\/h4>\n\n\n\n<ul class=\"wp-block-list\">\n<li>enero 12, 2026<\/li>\n\n\n\n<li>09:21<\/li>\n<\/ul>\n\n\n\n<figure class=\"wp-block-image\"><img decoding=\"async\" src=\"https:\/\/www.prensa-latina.cu\/wp-content\/uploads\/2025\/03\/sarampion-1.jpg\" alt=\"\" class=\"wp-image-1539961\"\/><\/figure>\n\n\n\n<h4 class=\"wp-block-heading\"><a href=\"https:\/\/www.prensa-latina.cu\/2026\/01\/10\/refuerzan-vigilancia-en-chile-por-caso-de-sarampion-importado\/\">Refuerzan vigilancia en Chile por caso de sarampi\u00f3n importado<\/a><\/h4>\n\n\n\n<ul class=\"wp-block-list\">\n<li>enero 10, 2026<\/li>\n\n\n\n<li>23:10<\/li>\n<\/ul>\n\n\n\n<p>TASAS DE CAMBIO \/ EXCHANGE RATES<\/p>\n\n\n\n<p>13 &#8211; enero &#8211; 2026<\/p>\n\n\n\n<p><img decoding=\"async\" src=\"https:\/\/www.bc.gob.cu\/images\/flags\/us.png\" alt=\"USD\">USD<\/p>\n\n\n\n<p>413,00&nbsp;<small>CUP<\/small><\/p>\n\n\n\n<p><img decoding=\"async\" src=\"https:\/\/www.bc.gob.cu\/images\/flags\/eu.png\" alt=\"EUR\">EUR<\/p>\n\n\n\n<p>482,22&nbsp;<small>CUP<\/small><\/p>\n\n\n\n<p><img decoding=\"async\" src=\"https:\/\/www.bc.gob.cu\/images\/flags\/ca.png\" alt=\"CAD\">CAD<\/p>\n\n\n\n<p>297,66&nbsp;<small>CUP<\/small><\/p>\n\n\n\n<p><img decoding=\"async\" src=\"https:\/\/www.bc.gob.cu\/images\/flags\/ru.png\" alt=\"RUB\">RUB<\/p>\n\n\n\n<p>5,32&nbsp;<small>CUP<\/small><\/p>\n\n\n\n<p><img decoding=\"async\" src=\"https:\/\/www.bc.gob.cu\/images\/flags\/mx.png\" alt=\"MXN\">MXN<\/p>\n\n\n\n<p>23,08&nbsp;<small>CUP<\/small><\/p>\n\n\n\n<p><img decoding=\"async\" src=\"https:\/\/www.bc.gob.cu\/images\/flags\/cn.png\" alt=\"CNY\">CNY<\/p>\n\n\n\n<p>59,23&nbsp;<small>CUP<\/small><\/p>\n\n\n\n<p><img decoding=\"async\" src=\"https:\/\/www.bc.gob.cu\/images\/flags\/gb.png\" alt=\"GBP\">GBP<\/p>\n\n\n\n<p>556,17&nbsp;<small>CUP<\/small><\/p>\n\n\n\n<p><img decoding=\"async\" src=\"https:\/\/www.bc.gob.cu\/images\/flags\/jp.png\" alt=\"JPY\">JPY&nbsp;*<\/p>\n\n\n\n<p>0,38&nbsp;<small>CUP<\/small><\/p>\n\n\n\n<p>Fuente: Banco Central de Cuba<\/p>\n\n\n\n<p>Agencias de noticias y medios digitales<\/p>\n\n\n\n<p><a href=\"http:\/\/www.fidelcastro.cu\/es\"><\/a><a href=\"http:\/\/www.fidelcastro.cu\/es\"><\/a><\/p>\n\n\n\n<p><a href=\"https:\/\/news.vnanet.vn\/?LangID=4\"><\/a><a href=\"https:\/\/news.vnanet.vn\/?LangID=4\"><\/a><\/p>\n\n\n\n<p><a href=\"http:\/\/www.sana.sy\/es\/\"><\/a><a href=\"http:\/\/www.sana.sy\/es\/\"><\/a><\/p>\n\n\n\n<p><a href=\"http:\/\/www.el19digital.com\/\"><\/a><a href=\"http:\/\/www.el19digital.com\/\"><\/a><\/p>\n\n\n\n<p><a href=\"https:\/\/www.correo.ca\/\"><\/a><a href=\"https:\/\/www.correo.ca\/\"><\/a><\/p>\n\n\n\n<p><a href=\"https:\/\/stenincontest.com\/\"><\/a><a href=\"https:\/\/stenincontest.com\/\"><\/a><\/p>\n\n\n\n<p><a href=\"https:\/\/cuatrof.net\/\"><\/a><a href=\"https:\/\/cuatrof.net\/\"><\/a><\/p>\n\n\n\n<p><a href=\"https:\/\/www.chinadaily.com.cn\/\"><\/a><a href=\"https:\/\/www.chinadaily.com.cn\/\"><\/a><\/p>\n\n\n\n<p><a href=\"http:\/\/spanish.china.org.cn\/\"><\/a><a href=\"http:\/\/spanish.china.org.cn\/\"><\/a><\/p>\n\n\n\n<p><a href=\"https:\/\/www.ahn.hn\/\"><\/a><a href=\"https:\/\/www.ahn.hn\/\"><\/a><\/p>\n\n\n\n<p><a href=\"https:\/\/mundo.sputniknews.com\/\"><\/a><a href=\"https:\/\/mundo.sputniknews.com\/\"><\/a><\/p>\n\n\n\n<p><a href=\"https:\/\/espanol.almayadeen.net\/\"><\/a><a href=\"https:\/\/espanol.almayadeen.net\/\"><\/a><\/p>\n\n\n\n<p><a href=\"http:\/\/www.hispantv.com\/\"><\/a><a href=\"http:\/\/www.hispantv.com\/\"><\/a><\/p>\n\n\n\n<p><a href=\"http:\/\/www.avn.info.ve\/\"><\/a><a href=\"http:\/\/www.avn.info.ve\/\"><\/a><\/p>\n\n\n\n<p><a href=\"http:\/\/spanish.xinhuanet.com\/\"><\/a><a href=\"http:\/\/spanish.xinhuanet.com\/\"><\/a><\/p>\n\n\n\n<p><a href=\"http:\/\/www.fidelcastro.cu\/es\"><\/a><a href=\"http:\/\/www.fidelcastro.cu\/es\"><\/a><\/p>\n\n\n\n<p><a href=\"https:\/\/news.vnanet.vn\/?LangID=4\"><\/a><a href=\"https:\/\/news.vnanet.vn\/?LangID=4\"><\/a><\/p>\n\n\n\n<p><a href=\"http:\/\/www.sana.sy\/es\/\"><\/a><a href=\"http:\/\/www.sana.sy\/es\/\"><\/a><\/p>\n\n\n\n<p><a href=\"http:\/\/www.el19digital.com\/\"><\/a><a href=\"http:\/\/www.el19digital.com\/\"><\/a><\/p>\n\n\n\n<p><a href=\"https:\/\/www.correo.ca\/\"><\/a><a href=\"https:\/\/www.correo.ca\/\"><\/a><\/p>\n\n\n\n<p><a href=\"https:\/\/stenincontest.com\/\"><\/a><a href=\"https:\/\/stenincontest.com\/\"><\/a><\/p>\n\n\n\n<p><a href=\"https:\/\/cuatrof.net\/\"><\/a><a href=\"https:\/\/cuatrof.net\/\"><\/a><\/p>\n\n\n\n<p><a href=\"https:\/\/www.chinadaily.com.cn\/\"><\/a><a href=\"https:\/\/www.chinadaily.com.cn\/\"><\/a><\/p>\n\n\n\n<p><a href=\"http:\/\/spanish.china.org.cn\/\"><\/a><\/p>\n","protected":false},"excerpt":{"rendered":"<p>Santiago de Chile, 13 ene (Prensa Latina) Un Tribunal de Chile absolvi\u00f3 hoy de todos los cargos al comandante de Carabineros Claudio Crespo, quien durante el estallido social de 2019 dispar\u00f3 con una escopeta contra manifestantes y caus\u00f3 ceguera total al joven Gustavo Gatica. De acuerdo con la fiscal\u00eda, el oficial utiliz\u00f3 su arma apuntando [&hellip;]<\/p>\n","protected":false},"author":2,"featured_media":659957,"comment_status":"closed","ping_status":"closed","sticky":false,"template":"","format":"standard","meta":{"footnotes":""},"categories":[23,24],"tags":[2849],"class_list":["post-659956","post","type-post","status-publish","format-standard","has-post-thumbnail","hentry","category-internacional","category-justicia-y-derecho","tag-chile"],"_links":{"self":[{"href":"https:\/\/diariodominicano.com\/index.php?rest_route=\/wp\/v2\/posts\/659956","targetHints":{"allow":["GET"]}}],"collection":[{"href":"https:\/\/diariodominicano.com\/index.php?rest_route=\/wp\/v2\/posts"}],"about":[{"href":"https:\/\/diariodominicano.com\/index.php?rest_route=\/wp\/v2\/types\/post"}],"author":[{"embeddable":true,"href":"https:\/\/diariodominicano.com\/index.php?rest_route=\/wp\/v2\/users\/2"}],"replies":[{"embeddable":true,"href":"https:\/\/diariodominicano.com\/index.php?rest_route=%2Fwp%2Fv2%2Fcomments&post=659956"}],"version-history":[{"count":3,"href":"https:\/\/diariodominicano.com\/index.php?rest_route=\/wp\/v2\/posts\/659956\/revisions"}],"predecessor-version":[{"id":659960,"href":"https:\/\/diariodominicano.com\/index.php?rest_route=\/wp\/v2\/posts\/659956\/revisions\/659960"}],"wp:featuredmedia":[{"embeddable":true,"href":"https:\/\/diariodominicano.com\/index.php?rest_route=\/wp\/v2\/media\/659957"}],"wp:attachment":[{"href":"https:\/\/diariodominicano.com\/index.php?rest_route=%2Fwp%2Fv2%2Fmedia&parent=659956"}],"wp:term":[{"taxonomy":"category","embeddable":true,"href":"https:\/\/diariodominicano.com\/index.php?rest_route=%2Fwp%2Fv2%2Fcategories&post=659956"},{"taxonomy":"post_tag","embeddable":true,"href":"https:\/\/diariodominicano.com\/index.php?rest_route=%2Fwp%2Fv2%2Ftags&post=659956"}],"curies":[{"name":"wp","href":"https:\/\/api.w.org\/{rel}","templated":true}]}}