{"id":659951,"date":"2026-01-13T12:51:31","date_gmt":"2026-01-13T16:51:31","guid":{"rendered":"https:\/\/diariodominicano.com\/?p=659951"},"modified":"2026-01-13T12:51:34","modified_gmt":"2026-01-13T16:51:34","slug":"luis-el-gallo-respalda-posicion-de-abinader-para-acabar-con-la-pobreza-extrema-y-las-casas-con-piso-de-tierra-2","status":"publish","type":"post","link":"https:\/\/diariodominicano.com\/?p=659951","title":{"rendered":"Luis \u201cEl Gallo\u201d respalda posici\u00f3n de Abinader para acabar con la pobreza extrema y las casas con piso de tierra"},"content":{"rendered":"\n<p>El presidente   de la Uni\u00f3n Dem\u00f3crata Cristiana \u2013UDC-, Luis Acosta Moreta, Luis \u201cEl Gallo\u201d, salud\u00f3 hoy y dio su apoyo a las resoluciones tomadas en el Consejo de Gobierno, que van dirigidas a lograr el desarrollo nacional,  y la estabilidad econ\u00f3mica  y social. <\/p>\n\n\n\n<p>Dijo que con los diez puntos anunciados para ser desarrollados en este a\u00f1o, el gobierno busca el relanzamiento e impulso de la econom\u00eda, y favorecer a todos los sectores nacionales. <\/p>\n\n\n\n<p>Enfatiz\u00f3 que el presidente Luis Abinader es un estadista que est\u00e1 trabajando para mejorar la econom\u00eda y las condiciones de vida de todos los sectores nacionales, en especial los excluidos sociales. <\/p>\n\n\n\n<p>Consider\u00f3 altamente positivo que el gobierno anuncie que va a desarrollar una campa\u00f1a para acabar con las casas con piso de tierra, y darle dignidad a los pobres mejorando sus viviendas. <\/p>\n\n\n\n<p>El momento, como lo demuestra el presidente Abinader, es de trabajar y no de hacer, como sectores de la oposici\u00f3n, criticas sin fundamento, y con el rejuego de oponerse a todo lo que sea bueno y sensato.  <\/p>\n\n\n\n<p>El presidente Abinader, destac\u00f3, trabaja en favor de los pobres, de los m\u00e1s necesitados del pa\u00eds, y le garantiza que tengan un techo donde vivir, y que puedan conseguir los alimentos y las medicinas que necesiten.  <\/p>\n\n\n\n<p>La UDC siempre ha estado a favor de los pobres, de los m\u00e1s necesitados, de los que requieren protecci\u00f3n, para que puedan llevar una vida digna y sana. <\/p>\n\n\n\n<p>A\u00f1adi\u00f3 que en los enunciados hechos en el Consejo de Gobierno encabezado por el presidente Abinader se habla con claridad sobre la importancia de avanzar en los programas sociales que m\u00e1s favorezcan a los dominicanos.<\/p>\n\n\n\n<p>Hizo una invitaci\u00f3n al sector privado para que preste toda su colaboraci\u00f3n al gobierno, y que se pueda desarrollar un programa nacional de desarrollo, que tanto necesita el pa\u00eds en estos momentos.<\/p>\n\n\n\n<p><\/p>\n\n\n\n<p>Agreg\u00f3 que la hora  es de unificaci\u00f3n, de buscar hermanar conceptos y comprender que el desarrollo de un pa\u00eds no se logra en solitario, y para ello se necesita la colaboraci\u00f3n y el empuje tanto del sector oficial, como de los empresarios. <\/p>\n\n\n\n<p>La Peque priky72@gmail.com <\/p>\n","protected":false},"excerpt":{"rendered":"<p>El presidente de la Uni\u00f3n Dem\u00f3crata Cristiana \u2013UDC-, Luis Acosta Moreta, Luis \u201cEl Gallo\u201d, salud\u00f3 hoy y dio su apoyo a las resoluciones tomadas en el Consejo de Gobierno, que van dirigidas a lograr el desarrollo nacional, y la estabilidad econ\u00f3mica y social. Dijo que con los diez puntos anunciados para ser desarrollados en este [&hellip;]<\/p>\n","protected":false},"author":7,"featured_media":547366,"comment_status":"closed","ping_status":"closed","sticky":false,"template":"","format":"standard","meta":{"footnotes":""},"categories":[16],"tags":[3792],"class_list":["post-659951","post","type-post","status-publish","format-standard","has-post-thumbnail","hentry","category-opiniones","tag-luis-el-gallo-2"],"_links":{"self":[{"href":"https:\/\/diariodominicano.com\/index.php?rest_route=\/wp\/v2\/posts\/659951","targetHints":{"allow":["GET"]}}],"collection":[{"href":"https:\/\/diariodominicano.com\/index.php?rest_route=\/wp\/v2\/posts"}],"about":[{"href":"https:\/\/diariodominicano.com\/index.php?rest_route=\/wp\/v2\/types\/post"}],"author":[{"embeddable":true,"href":"https:\/\/diariodominicano.com\/index.php?rest_route=\/wp\/v2\/users\/7"}],"replies":[{"embeddable":true,"href":"https:\/\/diariodominicano.com\/index.php?rest_route=%2Fwp%2Fv2%2Fcomments&post=659951"}],"version-history":[{"count":1,"href":"https:\/\/diariodominicano.com\/index.php?rest_route=\/wp\/v2\/posts\/659951\/revisions"}],"predecessor-version":[{"id":659952,"href":"https:\/\/diariodominicano.com\/index.php?rest_route=\/wp\/v2\/posts\/659951\/revisions\/659952"}],"wp:featuredmedia":[{"embeddable":true,"href":"https:\/\/diariodominicano.com\/index.php?rest_route=\/wp\/v2\/media\/547366"}],"wp:attachment":[{"href":"https:\/\/diariodominicano.com\/index.php?rest_route=%2Fwp%2Fv2%2Fmedia&parent=659951"}],"wp:term":[{"taxonomy":"category","embeddable":true,"href":"https:\/\/diariodominicano.com\/index.php?rest_route=%2Fwp%2Fv2%2Fcategories&post=659951"},{"taxonomy":"post_tag","embeddable":true,"href":"https:\/\/diariodominicano.com\/index.php?rest_route=%2Fwp%2Fv2%2Ftags&post=659951"}],"curies":[{"name":"wp","href":"https:\/\/api.w.org\/{rel}","templated":true}]}}