{"id":659944,"date":"2026-01-13T02:44:57","date_gmt":"2026-01-13T06:44:57","guid":{"rendered":"https:\/\/diariodominicano.com\/?p=659944"},"modified":"2026-01-14T01:56:42","modified_gmt":"2026-01-14T05:56:42","slug":"el-presidente-abinader-encabeza-reunion-de-seguimiento-al-plan-de-seguridad-ciudadana","status":"publish","type":"post","link":"https:\/\/diariodominicano.com\/?p=659944","title":{"rendered":"El Presidente Abinader encabeza reuni\u00f3n de seguimiento al Plan de Seguridad Ciudadana"},"content":{"rendered":"\n<h3 class=\"wp-block-heading\">La sesi\u00f3n de trabajo se llev\u00f3  a cabo en el Sal\u00f3n del Club de Oficiales del Palacio de la Polic\u00eda Nacional<\/h3>\n\n\n\n<p>12 de Enero 2026 | <\/p>\n\n\n\n<p>Santo Domingo, RD.\u2013\u00a0<strong>El presidente Luis Abinader<\/strong>\u00a0encabez\u00f3 el lunes la\u00a0<strong>reuni\u00f3n de seguimiento al Plan de Seguridad Ciudadana<\/strong>, con el prop\u00f3sito de fortalecer las\u00a0<strong>estrategias<\/strong>\u00a0que se implementan en Rep\u00fablica Dominicana  para garantizar\u00a0<strong>mayor protecci\u00f3n y tranquilidad a la poblaci\u00f3n.<\/strong><\/p>\n\n\n\n<p>La sesi\u00f3n de trabajo se llev\u00f3  a cabo en el Sal\u00f3n del Club de Oficiales del Palacio de la Polic\u00eda Nacional. En ella se evaluaron las\u00a0<strong>tareas cumplidas hasta la fecha, los resultados alcanzados y nuevas disposiciones\u00a0<\/strong>que ser\u00e1n adoptadas para continuar elevando los\u00a0<strong>niveles de seguridad en beneficio de los dominicanos.<\/strong><\/p>\n\n\n\n<p>En compa\u00f1\u00eda del mandatario, estuvieron  la ministra de Interior y Polic\u00eda,\u00a0<strong>Faride Raful<\/strong>; el ministro de Defensa, teniente general\u00a0<strong>Carlos Antonio Fern\u00e1ndez Onofre<\/strong>; el comandante general de la Armada de Rep\u00fablica Dominicana, vicealmirante\u00a0<strong>Juan Bienvenido Cris\u00f3stomo Mart\u00ednez<\/strong>; el director de la Polic\u00eda Nacional, mayor general\u00a0<strong>Ram\u00f3n Antonio Guzm\u00e1n Peralta<\/strong>; la procuradora general de la Rep\u00fablica,\u00a0<strong>Yeni Berenice Reynoso,\u00a0<\/strong>y el viceministro de la Presidencia para Proyectos Especiales y Coordinaci\u00f3n de Seguridad,\u00a0<strong>Roger G. Pujols<\/strong>.<\/p>\n\n\n\n<p>Tambi\u00e9n, el presidente de la Direcci\u00f3n Nacional de Control de Drogas (DNCD), vicealmirante&nbsp;<strong>Jos\u00e9 Manuel Cabrera Ulloa<\/strong>; del Consejo Nacional de Drogas (CND),&nbsp;<strong>Alejandro de Jes\u00fas Abreu<\/strong>; el director de la Comisi\u00f3n Militar y Policial (Comipol), coronel&nbsp;<strong>Luis Rafael Herrera Almonte<\/strong>; de Migraci\u00f3n, vicealmirante&nbsp;<strong>Luis Rafael Lee Ballester<\/strong>; de la Direcci\u00f3n General de Seguridad de Tr\u00e1nsito y Transporte Terrestre (Digesett), general&nbsp;<strong>Pascual Cruz M\u00e9ndez<\/strong>; de la Polic\u00eda de Turismo (Politur), general&nbsp;<strong>Minoru Matsunaga<\/strong>; del Sistema Nacional de Atenci\u00f3n a Emergencias 911, coronel piloto&nbsp;<strong>Randolfo Rijo<\/strong>; el subdirector general de la Polic\u00eda Nacional y director central de Transformaci\u00f3n Policial, general&nbsp;<strong>Juan H. Guzm\u00e1n Bad\u00eda<\/strong>, y el director de Asuntos Internos de la Polic\u00eda Nacional, general&nbsp;<strong>Werner N\u00fa\u00f1ez Quezada<\/strong>.<\/p>\n\n\n\n<p>Adem\u00e1s, el director de la Polic\u00eda Escolar, el general&nbsp;<strong>Francisco Osoria de la Cruz;<\/strong>&nbsp;de Prisiones,&nbsp;<strong>Roberto Santana<\/strong>; el comisionado ejecutivo para Reforma Policial,&nbsp;<strong>Luis Ernesto Garc\u00eda Hern\u00e1ndez,&nbsp;<\/strong>y el coronel paracaidista&nbsp;<strong>Osvaldo W. Montero Mena<\/strong>, en representaci\u00f3n de la Fuerza A\u00e9rea.<\/p>\n\n\n\n<p>En la reuni\u00f3n participa una&nbsp;<strong>comisi\u00f3n de fiscales<\/strong>&nbsp;integrada por la del Distrito Nacional,&nbsp;<strong>Rosalba Ramos<\/strong>; de San Crist\u00f3bal,&nbsp;<strong>Ramona Santana<\/strong>; de La Vega,&nbsp;<strong>Aura Luz Garc\u00eda<\/strong>; de Mar\u00eda Trinidad S\u00e1nchez,&nbsp;<strong>Juan Antonio Mateo Cipri\u00e1n<\/strong>; de La Altagracia,&nbsp;<strong>Claudia Garrido<\/strong>; de San Pedro de Macor\u00eds,&nbsp;<strong>Suleyka Mateo<\/strong>, y de Duarte,&nbsp;<strong>Smaily Yamel Rodr\u00edguez<\/strong>.&nbsp;<\/p>\n\n\n\n<p>Igualmente, particip\u00f3 el fiscal titular de Santo Domingo Este,\u00a0<strong>Milc\u00edades Guzm\u00e1n<\/strong>, junto con el de Santo Domingo Oeste,\u00a0<strong>Eduard L\u00f3pez<\/strong>; de Valverde,\u00a0<strong>V\u00edctor Mej\u00eda<\/strong>; de Hermanas Mirabal,\u00a0<strong>Zoila Agustina Rodr\u00edguez Ynfante<\/strong>; de Barahona,\u00a0<strong>Wellington Matos Espinal<\/strong>; de Peravia,\u00a0<strong>\u00c1ngel Dar\u00edo Tejeda Fabal<\/strong>; de Dajab\u00f3n,\u00a0<strong>Yeisin Alc\u00e1ntara<\/strong>; de Espaillat,\u00a0<strong>Yorelbin Rivas<\/strong>, y de La Romana,\u00a0<strong>Kevin Santana.<\/strong><\/p>\n\n\n\n<p>Con informaci\u00f3n de la Presidencia de la Rep\u00fablica.<\/p>\n","protected":false},"excerpt":{"rendered":"<p>La sesi\u00f3n de trabajo se llev\u00f3 a cabo en el Sal\u00f3n del Club de Oficiales del Palacio de la Polic\u00eda Nacional 12 de Enero 2026 | Santo Domingo, RD.\u2013\u00a0El presidente Luis Abinader\u00a0encabez\u00f3 el lunes la\u00a0reuni\u00f3n de seguimiento al Plan de Seguridad Ciudadana, con el prop\u00f3sito de fortalecer las\u00a0estrategias\u00a0que se implementan en Rep\u00fablica Dominicana para garantizar\u00a0mayor [&hellip;]<\/p>\n","protected":false},"author":2,"featured_media":659945,"comment_status":"closed","ping_status":"closed","sticky":false,"template":"","format":"standard","meta":{"footnotes":""},"categories":[20,29,27],"tags":[1854],"class_list":["post-659944","post","type-post","status-publish","format-standard","has-post-thumbnail","hentry","category-dominicana-hoy","category-policiasucesos","category-portada","tag-presidente-abinader"],"_links":{"self":[{"href":"https:\/\/diariodominicano.com\/index.php?rest_route=\/wp\/v2\/posts\/659944","targetHints":{"allow":["GET"]}}],"collection":[{"href":"https:\/\/diariodominicano.com\/index.php?rest_route=\/wp\/v2\/posts"}],"about":[{"href":"https:\/\/diariodominicano.com\/index.php?rest_route=\/wp\/v2\/types\/post"}],"author":[{"embeddable":true,"href":"https:\/\/diariodominicano.com\/index.php?rest_route=\/wp\/v2\/users\/2"}],"replies":[{"embeddable":true,"href":"https:\/\/diariodominicano.com\/index.php?rest_route=%2Fwp%2Fv2%2Fcomments&post=659944"}],"version-history":[{"count":3,"href":"https:\/\/diariodominicano.com\/index.php?rest_route=\/wp\/v2\/posts\/659944\/revisions"}],"predecessor-version":[{"id":659950,"href":"https:\/\/diariodominicano.com\/index.php?rest_route=\/wp\/v2\/posts\/659944\/revisions\/659950"}],"wp:featuredmedia":[{"embeddable":true,"href":"https:\/\/diariodominicano.com\/index.php?rest_route=\/wp\/v2\/media\/659945"}],"wp:attachment":[{"href":"https:\/\/diariodominicano.com\/index.php?rest_route=%2Fwp%2Fv2%2Fmedia&parent=659944"}],"wp:term":[{"taxonomy":"category","embeddable":true,"href":"https:\/\/diariodominicano.com\/index.php?rest_route=%2Fwp%2Fv2%2Fcategories&post=659944"},{"taxonomy":"post_tag","embeddable":true,"href":"https:\/\/diariodominicano.com\/index.php?rest_route=%2Fwp%2Fv2%2Ftags&post=659944"}],"curies":[{"name":"wp","href":"https:\/\/api.w.org\/{rel}","templated":true}]}}