{"id":65994,"date":"2012-03-28T22:36:48","date_gmt":"2012-03-28T22:36:48","guid":{"rendered":"http:\/\/diariodominicano.ddns.net\/?p=65994"},"modified":"2012-03-28T22:36:48","modified_gmt":"2012-03-28T22:36:48","slug":"firman-convenio-para-alfabetizacion-de-adultos-envejecientes","status":"publish","type":"post","link":"https:\/\/diariodominicano.com\/?p=65994","title":{"rendered":"Firman convenio  para alfabetizaci\u00f3n de adultos envejecientes"},"content":{"rendered":"<p><body><\/p>\n<p><img decoding=\"async\" src=\"http:\/\/localhost:8080\/img3\/alfabetizaci%C3%83%C2%B3n.JPG\" \/>  <\/p>\n<p><span class=\"text1noticias\">Rep.Dom, 28 de Marzo 06: 35 P.M.-El Ministerio de Educaci\u00f3n (MINERD), la Confederaci\u00f3n Aut\u00f3noma Sindical Clasista (CASC) y la Uni\u00f3n Dominicana de Jubilados y Pensionados Envejecientes (UDOJUPE) firmaron un convenio mediante el cual la instituci\u00f3n educativa ofrecer\u00e1 apoyo t\u00e9cnico a los gremios para capacitar facilitadores que trabajar\u00e1n en procesos de alfabetizaci\u00f3n de personas adultas envejecientes.<\/span><\/p>\n<\/p>\n<p><span class=\"text1noticias\">El acuerdo fue rubricado por la licenciada Josefina Pimentel, titular del MINERD; Gabriel del R\u00edo Do\u00f1\u00e9, secretario general de la CASC, y Sigfredo Cabral Pujols, presidente de la UDOJUPE, durante un acto celebrado en el despacho de la ministra.<\/span><\/p>\n<\/p>\n<p><span class=\"text1noticias\">El convenio establece que el MINERD capacitar\u00e1 a 60 multiplicadores, en representaci\u00f3n de las 32 provincias, que formar\u00e1n a los comit\u00e9s de selecci\u00f3n y acreditaci\u00f3n, junto a una representaci\u00f3n de las uniones municipales y de distritos. Adem\u00e1s, se compromete a facilitar materiales did\u00e1cticos para los procesos de alfabetizaci\u00f3n, educaci\u00f3n b\u00e1sica y media de personas adultas envejecientes.<\/span><\/p>\n<\/p>\n<p><span class=\"text1noticias\">En tanto, la CASC y la UDOJUPE se comprometen a reclutar, seleccionar y capacitar a los instructores que ser\u00e1n los multiplicadores de la formaci\u00f3n de l\u00edderes que constituir\u00e1n los comit\u00e9s de selecci\u00f3n y acreditaci\u00f3n, y a 5 personas de cada uni\u00f3n municipal y de distrito.<\/span><\/p>\n<\/p>\n<p><span class=\"text1noticias\">Luego de firmar el documento, la licenciada Pimentel dijo que es una satisfacci\u00f3n rubricar un convenio con dos entidades que tienen como misi\u00f3n fundamental apoyar el desarrollo humano integral de personas que han sido servidores en instituciones p\u00fablicas y privadas y que requieren alg\u00fan tipo de inserci\u00f3n en espacios de formaci\u00f3n continua y en el \u00e1mbito social y comunitario.<\/span><\/p>\n<\/p>\n<p><span class=\"text1noticias\">\u00abCreemos que con la firma de este acuerdo el MINERD contribuye a la atenci\u00f3n de las personas en una etapa de la vida donde han culminado un proceso laboral; pero que todav\u00eda tienen oportunidades de seguir contribuyendo al desarrollo de sus familias, sus comunidades y el pa\u00eds\u00bb, indic\u00f3 la ministra.<\/span><\/p>\n<\/p>\n<p><span class=\"text1noticias\">Mientras, Cabral Pujols agradeci\u00f3 el apoyo que ofrecer\u00e1 el MINERD y afirm\u00f3 que nunca en el pa\u00eds se hab\u00eda asumido un proyecto de educaci\u00f3n dirigido no s\u00f3lo a personas que no saben leer y escribir, sino para seguir capacitando a todos aquellos que tambi\u00e9n demanden educaci\u00f3n t\u00e9cnica.<\/span><\/p>\n<\/p>\n<p><span class=\"text1noticias\">Puntualiz\u00f3 que lo m\u00e1s importante de este convenio es que de inmediato se formar\u00e1n los promotores que llevar\u00e1n educaci\u00f3n a los comit\u00e9s de evaluaci\u00f3n y acreditaci\u00f3n de los envejecientes, madres solteras y discapacitados.<\/span><\/p>\n<\/p>\n<p><span class=\"text1noticias\">Asimismo, Del R\u00edo Do\u00f1\u00e9 agradeci\u00f3 a la ministra en nombre de la CASC haberle brindado la posibilidad de alfabetizar a envejecientes, madres solteras, pensionados y discapacitados, cuyo proceso calific\u00f3 de trascendente, y abog\u00f3 para que el convenio se haga una realidad para beneficio de los involucrados.<\/span><\/p>\n<\/p>\n<p><span class=\"text1noticias\">Uno de los considerandos del convenio dice que \u00abla CASC y la UDOJUPE han organizado a los jubilados y pensionados envejecientes en 162 municipios y distritos municipales, con 362,000 miembros, con proyecci\u00f3n a duplicar esta cantidad, con el objetivo de lograr la aplicaci\u00f3n del R\u00e9gimen Subsidiado, sustentado en los art\u00edculos 63 al 70 de la Ley No. 87-01, la que establece el derecho a una pensi\u00f3n solidaria del 60% del salario m\u00ednimo y asistencia m\u00e9dica y medicamentos\u00bb.<\/span><\/p>\n<\/p>\n<p><span class=\"text1noticias\">En la firma del acuerdo participaron, adem\u00e1s, Carmen Reyes, consultora jur\u00eddica del MINERD; Miriam Camilo, directora general de Educaci\u00f3n de Adultos, as\u00ed como Delci Sosa, directora de Relaciones P\u00fablicas de la CASC y los miembros del Comit\u00e9 Ejecutivo de la UDOJUPE, Nurca Nieves Luciano, Humberto Morrobel y Rafael Moreno.(HG)<\/span>.    <\/p>\n<h6> 2012-03-28 22:36:48 <\/h6>\n<p><!--\n<link rel=\"stylesheet\" href=\"css\/bootstrap.min.css\">\n\n\n<ul class=\"pagination\">\n\t    \n\t\n\n<li >\n\t<a href='?page_no=17671'>Previous<\/a>\n\t<\/li>\n\n\n       \n    \n\n<li><a href='?page_no=1'>1<\/a><\/li>\n\n\n\n<li><a href='?page_no=2'>2<\/a><\/li>\n\n\n\n<li><a>...<\/a><\/li>\n\n\n\n<li><a href='?page_no=17670'>17670<\/a><\/li>\n\n\n\n<li><a href='?page_no=17671'>17671<\/a><\/li>\n\n\n\n<li class='active'><a>17672<\/a><\/li>\n\n\n\n<li><a href='?page_no=17673'>17673<\/a><\/li>\n\n\n\n<li><a href='?page_no=17674'>17674<\/a><\/li>\n\n\n\n<li><a>...<\/a><\/li>\n\n\n\n<li><a href='?page_no=22911'>22911<\/a><\/li>\n\n\n\n<li><a href='?page_no=22912'>22912<\/a><\/li>\n\n    \n\t\n\n<li >\n\t<a href='?page_no=17673'>Next<\/a>\n\t<\/li>\n\n\n    \n\n<li><a href='?page_no=22912'>Last &rsaquo;&rsaquo;<\/a><\/li>\n\n<\/ul>\n\n\n--><br \/>\n<\/body><\/p>\n","protected":false},"excerpt":{"rendered":"<p>Rep.Dom, 28 de Marzo 06: 35 P.M.-El Ministerio de Educaci\u00f3n (MINERD), la Confederaci\u00f3n Aut\u00f3noma Sindical Clasista (CASC) y la Uni\u00f3n Dominicana de Jubilados y Pensionados Envejecientes (UDOJUPE) firmaron un convenio mediante el cual la instituci\u00f3n educativa ofrecer\u00e1 apoyo t\u00e9cnico a los gremios para capacitar facilitadores que trabajar\u00e1n en procesos de alfabetizaci\u00f3n de personas adultas envejecientes. [&hellip;]<\/p>\n","protected":false},"author":3,"featured_media":0,"comment_status":"open","ping_status":"open","sticky":false,"template":"","format":"standard","meta":{"footnotes":""},"categories":[21],"tags":[],"class_list":["post-65994","post","type-post","status-publish","format-standard","hentry","category-cultura"],"_links":{"self":[{"href":"https:\/\/diariodominicano.com\/index.php?rest_route=\/wp\/v2\/posts\/65994","targetHints":{"allow":["GET"]}}],"collection":[{"href":"https:\/\/diariodominicano.com\/index.php?rest_route=\/wp\/v2\/posts"}],"about":[{"href":"https:\/\/diariodominicano.com\/index.php?rest_route=\/wp\/v2\/types\/post"}],"author":[{"embeddable":true,"href":"https:\/\/diariodominicano.com\/index.php?rest_route=\/wp\/v2\/users\/3"}],"replies":[{"embeddable":true,"href":"https:\/\/diariodominicano.com\/index.php?rest_route=%2Fwp%2Fv2%2Fcomments&post=65994"}],"version-history":[{"count":0,"href":"https:\/\/diariodominicano.com\/index.php?rest_route=\/wp\/v2\/posts\/65994\/revisions"}],"wp:attachment":[{"href":"https:\/\/diariodominicano.com\/index.php?rest_route=%2Fwp%2Fv2%2Fmedia&parent=65994"}],"wp:term":[{"taxonomy":"category","embeddable":true,"href":"https:\/\/diariodominicano.com\/index.php?rest_route=%2Fwp%2Fv2%2Fcategories&post=65994"},{"taxonomy":"post_tag","embeddable":true,"href":"https:\/\/diariodominicano.com\/index.php?rest_route=%2Fwp%2Fv2%2Ftags&post=65994"}],"curies":[{"name":"wp","href":"https:\/\/api.w.org\/{rel}","templated":true}]}}