{"id":659938,"date":"2026-01-13T02:23:04","date_gmt":"2026-01-13T06:23:04","guid":{"rendered":"https:\/\/diariodominicano.com\/?p=659938"},"modified":"2026-01-14T02:02:08","modified_gmt":"2026-01-14T06:02:08","slug":"especial-llaman-en-chile-a-pensar-hacia-donde-vamos-como-humanidad-en-congreso-futuro-2026","status":"publish","type":"post","link":"https:\/\/diariodominicano.com\/?p=659938","title":{"rendered":"Especial: Llaman en Chile a pensar \u00abhacia d\u00f3nde vamos como humanidad\u00bb en Congreso Futuro 2026"},"content":{"rendered":"\n<p><em>spanish.news.cn<\/em>|<em>&nbsp;2026-01-13 04:01:45<\/em>|<\/p>\n\n\n\n<p>Por Crist\u00f3bal Ch\u00e1vez Bravo<\/p>\n\n\n\n<p>El presidente chileno, Gabriel Boric, pronuncia un discurso durante la inauguraci\u00f3n de la decimoquinta edici\u00f3n del Congreso Futuro de Chile, en el Sal\u00f3n de Honor del Congreso Nacional de Santiago, en Santiago, capital de Chile, el 12 de enero de 2026. Autoridades y expertos llaman a pensar en tiempos complejos \u00abhacia d\u00f3nde vamos como humanidad\u00bb, en el marco del arranque de la decimoquinta edici\u00f3n del Congreso Futuro de Chile, el espacio de encuentro de las ideas y el pensamiento de Am\u00e9rica Latina. (Xinhua\/Jorge Villegas)<\/p>\n\n\n\n<p>SANTIAGO, 12 ene (Xinhua) &#8212; Autoridades y expertos llaman a pensar en tiempos complejos \u00abhacia d\u00f3nde vamos como humanidad\u00bb, en el marco del arranque de la decimoquinta edici\u00f3n del Congreso Futuro de Chile, el espacio de encuentro de las ideas y el pensamiento de Am\u00e9rica Latina.<\/p>\n\n\n\n<p>El XV Congreso Futuro inici\u00f3 hoy lunes en la sede del Congreso Nacional, en la ciudad de Santiago, capital del pa\u00eds sudamericano, y se extender\u00e1 hasta el pr\u00f3ximo 17 de enero, lapso en el que reunir\u00e1 a m\u00e1s de 120 exponentes locales e internacionales, entre ellos tres Premio Nobel.<\/p>\n\n\n\n<p>\u00abEstamos en un momento muy excepcional que nos cuesta quiz\u00e1 valorar y dimensionar\u00bb, afirm\u00f3 en este marco el presidente chileno, Gabriel Boric.<\/p>\n\n\n\n<p>\u00abA lo largo de la historia, la humanidad ha creado permanentemente herramientas que ampliaron su capacidad de relacionarse con el mundo y de transformarlo. Pero son pocas las veces que ha desatado fuerzas que han llegado a redefinir qui\u00e9nes somos, qu\u00e9 significa ser humano, y creo que es un consenso que la inteligencia artificial (IA) pertenece a esta categor\u00eda que es muy excepcional\u00bb, agreg\u00f3 el mandatario.<\/p>\n\n\n\n<p>El presidente apunt\u00f3 que \u00abes impresionante con la velocidad que se ha desatado\u00bb y advirti\u00f3 que \u00abestamos ante una infraestructura de poder que comienza a orientar decisiones que anticipa comportamientos, que reorganiza silenciosamente pero de manera muy decisiva la relaci\u00f3n entre los individuos, el Estado y el mercado\u00bb.<\/p>\n\n\n\n<p>Subray\u00f3, no obstante, que la IA y las nuevas tecnolog\u00edas \u00abno solo son una tremenda oportunidad de futuro, sino que lo est\u00e1n siendo hoy d\u00eda\u00bb y ejemplific\u00f3 que su Gobierno la utiliza para enfrentar el crimen organizado.<\/p>\n\n\n\n<p>Por su parte, Guido Girardi, vicepresidente ejecutivo de la Fundaci\u00f3n Encuentros del Futuro, instituci\u00f3n encargada de coorganizar el Congreso Futuro, apunt\u00f3 que el evento busca \u00abser una plataforma de encuentro (&#8230;) que en tiempos muy complejos de la humanidad genera puentes\u00bb.<\/p>\n\n\n\n<p>\u00abHay muy pocos lugares que uno puede reunir a todo un espectro pol\u00edtico, a todas sus universidades p\u00fablicas y privadas, a su academia de ciencia, gobierno de turno y m\u00e1s (&#8230;) poder convocar a las principales mentes, las m\u00e1s relevantes del planeta que est\u00e1n en la frontera para poder construir juntos visiones de futuro\u00bb, coment\u00f3 Girardi.<\/p>\n\n\n\n<p>Por su parte, el representante del Banco de Desarrollo de Am\u00e9rica Latina, Juli\u00e1n Su\u00e1rez, dijo que se trata de un espacio que Chile \u00abha sabido consolidar como un referente global para pensar el porvenir con rigor cient\u00edfico, vocaci\u00f3n p\u00fablica y con profundo sentido humano\u00bb.<\/p>\n\n\n\n<p>Coincidi\u00f3 en que \u00abvivimos un tiempo de transformaciones profundas y simult\u00e1neas; avances tecnol\u00f3gicos vertiginosos; crisis clim\u00e1ticas y de p\u00e9rdida de biodiversidad; cambios demogr\u00e1ficos acelerados y nuevas formas de producir, trabajar y convivir\u00bb.<\/p>\n\n\n\n<p>Apunt\u00f3 que por esa raz\u00f3n, el espacio \u00abes un puente esencial entre conocimiento y pol\u00edtica p\u00fablica, ciencia y ciudadan\u00eda, innovaci\u00f3n y desarrollo sostenible\u00bb.<\/p>\n\n\n\n<p>En tanto, el presidente electo de Chile, Jos\u00e9 Antonio Kast, quien asumir\u00e1 en marzo pr\u00f3ximo, a\u00f1adi\u00f3 que el Congreso Futuro no es un evento m\u00e1s, sino \u00abuna se\u00f1al profunda de que incluso en los momentos de divisi\u00f3n, Chile ha sabido levantar espacios donde el futuro se piensa con seriedad, con evidencia y con visi\u00f3n de largo plazo\u00bb.<\/p>\n\n\n\n<p>Durante la inauguraci\u00f3n del encuentro de las ideas y el pensamiento se homenaje\u00f3 a la astr\u00f3noma Premio Nacional de Ciencias Exactas de Chile, Mar\u00eda Teresa Ruiz, una de las cient\u00edficas m\u00e1s importantes en el pa\u00eds sudamericano.<\/p>\n\n\n\n<p>Congreso Futuro se transmite este a\u00f1o a otras naciones de la regi\u00f3n latinoamericana como Colombia, Ecuador, Paraguay y Per\u00fa.<\/p>\n\n\n\n<figure class=\"wp-block-image\"><img decoding=\"async\" src=\"https:\/\/spanish.xinhuanet.com\/20260113\/5d8f0ef379b7423d858704b67acee26d\/12a8067f4cda4d8282e2b7888c36aa6e.jpg\" alt=\"\"\/><\/figure>\n\n\n\n<p>El presidente electo chileno, Jos\u00e9 Antonio Kast, pronuncia un discurso durante la inauguraci\u00f3n de la decimoquinta edici\u00f3n del Congreso Futuro de Chile, en el Sal\u00f3n de Honor del Congreso Nacional de Santiago, en Santiago, capital de Chile, el 12 de enero de 2026. Autoridades y expertos llaman a pensar en tiempos complejos \u00abhacia d\u00f3nde vamos como humanidad\u00bb, en el marco del arranque de la decimoquinta edici\u00f3n del Congreso Futuro de Chile, el espacio de encuentro de las ideas y el pensamiento de Am\u00e9rica Latina. (Xinhua\/Jorge Villegas)<\/p>\n\n\n\n<figure class=\"wp-block-image\"><img decoding=\"async\" src=\"https:\/\/spanish.xinhuanet.com\/20260113\/5d8f0ef379b7423d858704b67acee26d\/7c127e0f321c492385b927a1c2c4395e.jpg\" alt=\"\"\/><\/figure>\n\n\n\n<p>El vicepresidente ejecutivo de la Fundaci\u00f3n Encuentros del Futuro, Guido Girardi, pronuncia un discurso durante la inauguraci\u00f3n de la decimoquinta edici\u00f3n del Congreso Futuro de Chile, en el Sal\u00f3n de Honor del Congreso Nacional de Santiago, en Santiago, capital de Chile, el 12 de enero de 2026. Autoridades y expertos llaman a pensar en tiempos complejos \u00abhacia d\u00f3nde vamos como humanidad\u00bb, en el marco del arranque de la decimoquinta edici\u00f3n del Congreso Futuro de Chile, el espacio de encuentro de las ideas y el pensamiento de Am\u00e9rica Latina. (Xinhua\/Jorge Villegas)<\/p>\n\n\n\n<figure class=\"wp-block-image\"><img decoding=\"async\" src=\"https:\/\/spanish.xinhuanet.com\/20260113\/5d8f0ef379b7423d858704b67acee26d\/75f4635dbed34d57a9ce85c520b503d6.jpg\" alt=\"\"\/><\/figure>\n\n\n\n<p>Un hombre visita un estand en la decimoquinta edici\u00f3n del Congreso Futuro de Chile, en el Centro Cultural CEINA, en Santiago, capital de Chile, el 12 de enero de 2026. Autoridades y expertos llaman a pensar en tiempos complejos \u00abhacia d\u00f3nde vamos como humanidad\u00bb, en el marco del arranque de la decimoquinta edici\u00f3n del Congreso Futuro de Chile, el espacio de encuentro de las ideas y el pensamiento de Am\u00e9rica Latina. (Xinhua\/Jorge Villegas)<\/p>\n\n\n\n<figure class=\"wp-block-image\"><img decoding=\"async\" src=\"https:\/\/spanish.xinhuanet.com\/20260113\/5d8f0ef379b7423d858704b67acee26d\/0d639574c2ac4305b92ff96f20550357.jpg\" alt=\"\"\/><\/figure>\n\n\n\n<p>Un hombre interact\u00faa con un robot durante la decimoquinta edici\u00f3n del Congreso Futuro de Chile, en el Centro Cultural CEINA, en Santiago, capital de Chile, el 12 de enero de 2026. Autoridades y expertos llaman a pensar en tiempos complejos \u00abhacia d\u00f3nde vamos como humanidad\u00bb, en el marco del arranque de la decimoquinta edici\u00f3n del Congreso Futuro de Chile, el espacio de encuentro de las ideas y el pensamiento de Am\u00e9rica Latina. (Xinhua\/Jorge Villegas)<\/p>\n\n\n\n<p><a href=\"https:\/\/www.facebook.com\/sharer\/sharer.php?u=https:\/\/spanish.xinhuanet.com\/20260113\/5d8f0ef379b7423d858704b67acee26d\/c.html\" target=\"_blank\" rel=\"noreferrer noopener\"><\/a>&nbsp;<a href=\"https:\/\/twitter.com\/intent\/tweet?text=Especial:%20Llaman%20en%20Chile%20a%20pensar%20%22hacia%20d%C3%B3nde%20vamos%20como%20humanidad%22%20en%20Congreso%20Futuro%202026&amp;url=https:\/\/spanish.xinhuanet.com\/20260113\/5d8f0ef379b7423d858704b67acee26d\/c.html\" target=\"_blank\" rel=\"noreferrer noopener\"><\/a>&nbsp;<a target=\"_blank\" href=\"https:\/\/service.weibo.com\/share\/share.php?title=Especial:%20Llaman%20en%20Chile%20a%20pensar%20%22hacia%20d%C3%B3nde%20vamos%20como%20humanidad%22%20en%20Congreso%20Futuro%202026&amp;url=https:\/\/spanish.xinhuanet.com\/20260113\/5d8f0ef379b7423d858704b67acee26d\/c.html\" rel=\"noreferrer noopener\"><\/a>&nbsp;<a><\/a><\/p>\n\n\n\n<figure class=\"wp-block-image\"><img decoding=\"async\" src=\"https:\/\/imgs.news.cn\/res\/xhwimg\/spanish\/20170522\/img\/jc-xfa.png\" alt=\"\"\/><\/figure>\n","protected":false},"excerpt":{"rendered":"<p>spanish.news.cn|&nbsp;2026-01-13 04:01:45| Por Crist\u00f3bal Ch\u00e1vez Bravo El presidente chileno, Gabriel Boric, pronuncia un discurso durante la inauguraci\u00f3n de la decimoquinta edici\u00f3n del Congreso Futuro de Chile, en el Sal\u00f3n de Honor del Congreso Nacional de Santiago, en Santiago, capital de Chile, el 12 de enero de 2026. Autoridades y expertos llaman a pensar en tiempos [&hellip;]<\/p>\n","protected":false},"author":2,"featured_media":659939,"comment_status":"closed","ping_status":"closed","sticky":false,"template":"","format":"standard","meta":{"footnotes":""},"categories":[36,23],"tags":[2849],"class_list":["post-659938","post","type-post","status-publish","format-standard","has-post-thumbnail","hentry","category-hombresmujeresycosas","category-internacional","tag-chile"],"_links":{"self":[{"href":"https:\/\/diariodominicano.com\/index.php?rest_route=\/wp\/v2\/posts\/659938","targetHints":{"allow":["GET"]}}],"collection":[{"href":"https:\/\/diariodominicano.com\/index.php?rest_route=\/wp\/v2\/posts"}],"about":[{"href":"https:\/\/diariodominicano.com\/index.php?rest_route=\/wp\/v2\/types\/post"}],"author":[{"embeddable":true,"href":"https:\/\/diariodominicano.com\/index.php?rest_route=\/wp\/v2\/users\/2"}],"replies":[{"embeddable":true,"href":"https:\/\/diariodominicano.com\/index.php?rest_route=%2Fwp%2Fv2%2Fcomments&post=659938"}],"version-history":[{"count":1,"href":"https:\/\/diariodominicano.com\/index.php?rest_route=\/wp\/v2\/posts\/659938\/revisions"}],"predecessor-version":[{"id":659940,"href":"https:\/\/diariodominicano.com\/index.php?rest_route=\/wp\/v2\/posts\/659938\/revisions\/659940"}],"wp:featuredmedia":[{"embeddable":true,"href":"https:\/\/diariodominicano.com\/index.php?rest_route=\/wp\/v2\/media\/659939"}],"wp:attachment":[{"href":"https:\/\/diariodominicano.com\/index.php?rest_route=%2Fwp%2Fv2%2Fmedia&parent=659938"}],"wp:term":[{"taxonomy":"category","embeddable":true,"href":"https:\/\/diariodominicano.com\/index.php?rest_route=%2Fwp%2Fv2%2Fcategories&post=659938"},{"taxonomy":"post_tag","embeddable":true,"href":"https:\/\/diariodominicano.com\/index.php?rest_route=%2Fwp%2Fv2%2Ftags&post=659938"}],"curies":[{"name":"wp","href":"https:\/\/api.w.org\/{rel}","templated":true}]}}