{"id":65993,"date":"2012-03-29T17:47:27","date_gmt":"2012-03-29T17:47:27","guid":{"rendered":"http:\/\/diariodominicano.ddns.net\/?p=65993"},"modified":"2012-03-29T17:47:27","modified_gmt":"2012-03-29T17:47:27","slug":"frank-fernandez-un-piano-latino-en-el-tchaikovsky","status":"publish","type":"post","link":"https:\/\/diariodominicano.com\/?p=65993","title":{"rendered":"Frank Fern\u00e1ndez, un piano latino en el Tchaikovsky"},"content":{"rendered":"<p><body><\/p>\n<p><img decoding=\"async\" src=\"img3\/cuba frankfdez rusia(pl).jpg\" \/>  <\/p>\n<p><span class=\"text1noticias\">Por Antonio Rond\u00f3n <\/span><\/p>\n<\/p>\n<p><span class=\"text1noticias\">Mosc\u00fa, 29 marzo (PL).- La invitaci\u00f3n de la mejor escuela de piano del mundo al cubano Frank Fern\u00e1ndez, para interpretar a Rajmaninov en el conservatorio Tchaikovsky, fue una deferencia devenida reto y un desaf\u00edo convertido en honor para la cultura latinoamericana.<\/span><\/p>\n<\/p>\n<p><span class=\"text1noticias\">El maestro caribe\u00f1o del piano, con m\u00e1s de 650 obras compuestas de todo tipo en su haber, asumi\u00f3 la reverencia hecha por la cuna del piano en el orbe para deleitar al p\u00fablico moscovita con el segundo concierto del compositor m\u00e1s ruso de este pa\u00eds.<\/span><\/p>\n<\/p>\n<p><span class=\"text1noticias\">Unos dos mil espectadores, incluido gran parte del cuerpo diplom\u00e1tico acreditado en esta capital, conoci\u00f3 del virtuosismo de Fern\u00e1ndez al actuar el 22 de marzo junto a la Sinf\u00f3nica de Mosc\u00fa en la Gran Sala del Tchaikovsky, a un a\u00f1o de ser remozada.<\/span><\/p>\n<\/p>\n<p><span class=\"text1noticias\">La qu\u00edmica para unir a casi 80 m\u00fasicos con el consagrado pianista cubano estuvo a cargo del joven director holand\u00e9s Arthur Arnold, quien traspas\u00f3 barreras de idiomas y latitudes para unir en un todo que se dio a conocer en una interpretaci\u00f3n muy ovacionada.<\/span><\/p>\n<\/p>\n<p><span class=\"text1noticias\">Prensa Latina fue testigo de varios momentos de la estancia del gran maestro cubano en Mosc\u00fa y de su orgullo de ir a un ensayo para plantear pautas al desaf\u00edo, de la alegr\u00eda de la interpretaci\u00f3n y de la nueva meta de ofrecer aqu\u00ed una clase magistral.<\/span><\/p>\n<\/p>\n<p><span class=\"text1noticias\">Frank Fern\u00e1ndez estren\u00f3 en casi todo para Cuba y Am\u00e9rica Latina en Rusia, pero tuvimos la oportunidad de conocer como valor\u00f3 \u00e9l mismo la experiencia de su visita a esta urbe y su opini\u00f3n sobre otros temas m\u00e1s generales.<\/span><\/p>\n<\/p>\n<p><span class=\"text1noticias\">-\u00bfQu\u00e9 signific\u00f3 ser invitado a presentar el segundo concierto de Sergu\u00e9i Rajmaninov para piano y orquesta en la Gran Sala del Conservatorio Tchaikovsky? <\/span><\/p>\n<\/p>\n<p><span class=\"text1noticias\">-Se trata de la sala con la mejor ac\u00fastica del pa\u00eds y una de las seis mejores del mundo. Es un gusto doblemente grato para m\u00ed con un concierto con la Gran Sinf\u00f3nica de Mosc\u00fa, con el concierto n\u00famero dos de Rajmaninov, el m\u00e1s ruso de todos los conciertos.<\/span><\/p>\n<\/p>\n<p><span class=\"text1noticias\">Eso ped\u00edrselo a un latinoamericano es una concesi\u00f3n realmente, una muestra de respeto, pues siempre piden que toques piezas cubanas o latinoamericanas, como si no tuvi\u00e9ramos la posibilidad de hacer piezas de nivel mundial.<\/span><\/p>\n<\/p>\n<p><span class=\"text1noticias\">Para los rusos, el compositor que representa el alma rusa no es Peter Tchaikovsky, sino Rajmaninov. No se trata de mi opini\u00f3n, ni un tema para discusi\u00f3n, sino algo que los rusos entienden as\u00ed, aunque aman a Tchaikovsky, pues con ello no se le quita ning\u00fan m\u00e9rito.<\/span><\/p>\n<\/p>\n<p><span class=\"text1noticias\">Pero con ello preciso que pedir un concierto del m\u00e1s ruso de los compositores de este pa\u00eds es un homenaje para la escuela cubana de piano, para las escuelas de arte, para la cultura de la isla.<\/span><\/p>\n<\/p>\n<p><span class=\"text1noticias\">A ello sumamos el hecho de que el concierto es uno de los m\u00e1s famosos de todos los de Rajmaninov y, seg\u00fan analistas, entre los cuatro conciertos m\u00e1s famosos del mundo de todos los compositores.<\/span><\/p>\n<\/p>\n<p><span class=\"text1noticias\">Tal situaci\u00f3n, si bien fue un verdadero reto para m\u00ed, cre\u00f3 tensiones extra musicales, pues ese concierto lo han tocado aqu\u00ed no solo los grandes pianistas de toda la historia rusa, sino los grandes pianistas de todo el mundo que han venido a Rusia.<\/span><\/p>\n<\/p>\n<p><span class=\"text1noticias\">El otro hecho que la da trascendencia desde el punto de vista de expertos, profesores y amigos nuestros como el empresario Bartan Tonoyian, que gestion\u00f3 nuestro viaje a Rusia, es que se toca en la sala m\u00e1s prestigiosa de Rusia, la Gran Sala del Tchaikovsky.<\/span><\/p>\n<\/p>\n<p><span class=\"text1noticias\">El hecho de que pidan una obra tan famosa de la m\u00fasica cl\u00e1sica rusa fue un honor para m\u00ed, tambi\u00e9n personal, porque en mi pueblito natal de Mayar\u00ed, para un mayarisero, ello es un verdadero honor.<\/span><\/p>\n<\/p>\n<p><span class=\"text1noticias\">Viktor Marzhanov fue mi maestro, en agosto pr\u00f3ximo cumple 93 a\u00f1os y es uno de los grandes maestros que quedan vivos de la gran escuela rusa de piano, considerado un mito, una leyenda viva.<\/span><\/p>\n<\/p>\n<p><span class=\"text1noticias\">Si bien todos los maestros, desde mi madre que me puso las manos en el piano, Margot Rojas, que fue una alumna de Frank Luis, me ayudaron a conocer la escuela de piano del siglo XIX, la \u00e9poca de oro del piano, Marzhanov fue el colof\u00f3n y barniz final de una formaci\u00f3n.<\/span><\/p>\n<\/p>\n<p><span class=\"text1noticias\">Esa formaci\u00f3n que empieza en Mayar\u00ed, muy ligada a la m\u00fasica tradicional cubana, pero con la ense\u00f1anza de mi mam\u00e1, porque ella daba clases de Amadeus Mozart y de Ludwig van Beethoven.<\/span><\/p>\n<\/p>\n<p><span class=\"text1noticias\">Mi madre ten\u00eda una academia en Mayar\u00ed natal y el primer concierto que escuch\u00e9 fue, precisamente, el segundo de Rajmaninov.<\/span><\/p>\n<\/p>\n<p><span class=\"text1noticias\">Despu\u00e9s iba para casa de Mart\u00edn Mel\u00e9ndez, director de la banda municipal y all\u00ed, con solo cuatro a\u00f1os, escuchaba a Sindo Garay, Manuel Corona, Miguel Matamoros y a Benny More.<\/span><\/p>\n<\/p>\n<p><span class=\"text1noticias\">Tuve una formaci\u00f3n bastante arbitraria, tambi\u00e9n deb\u00ed ganarme la vida en centros nocturnos, acompa\u00f1\u00e9 a Elena Burke. Pero eso empez\u00f3 como un medio de vida y termin\u00f3 por ser una gran escuela.<\/span><\/p>\n<\/p>\n<p><span class=\"text1noticias\">Despu\u00e9s pasar por La Habana, tener contacto con m\u00e1s de 36 pa\u00edses y terminar aqu\u00ed en el Tchaikovsky es una formaci\u00f3n poco usual, pero que a m\u00ed me llena de alegr\u00eda y riqueza espiritual.<\/span><\/p>\n<\/p>\n<p><span class=\"text1noticias\">-\u00bfNos podr\u00eda hablar de algunos de sus trabajos para el rescate de la m\u00fasica cubana en general, en especial sus or\u00edgenes? <\/span><\/p>\n<\/p>\n<p><span class=\"text1noticias\">-Ninguna de las cosas que me han pasado ha dejado de ser importante porque empezar en Mayar\u00ed (localidad en el oriente cubano) y terminar en Mosc\u00fa, es como un arcoiris de posibilidades.<\/span><\/p>\n<\/p>\n<p><span class=\"text1noticias\">Sin Mayar\u00ed, no tuviera el conocimiento de la m\u00fasica popular cubana y yo he dedicado mucho tiempo a promover a los padres de la m\u00fasica tradicional cubana como Ignacio Cervantes y Manuel Saumell.<\/span><\/p>\n<\/p>\n<p><span class=\"text1noticias\">En realidad ellos son los padres de la m\u00fasica cubana, en general. Ambos son los compositores de lo cubano en la m\u00fasica cl\u00e1sica, pero antes de eso estuvo el padre Esteban Salas, considerado el primer m\u00fasico de formaci\u00f3n cl\u00e1sica cubana, del cual Miriam Escudero ha hecho un muy buen trabajo de investigaci\u00f3n.<\/span><\/p>\n<\/p>\n<p><span class=\"text1noticias\">Pero su m\u00fasica sonaba como la m\u00fasica cl\u00e1sica europea de la \u00e9poca. No lo digo como un dem\u00e9rito, sino como un hecho objetivo y ello no permiti\u00f3 que fuera el primer punto de partida de la m\u00fasica cubana, a la cual, llamada as\u00ed, identifica al ser cubano, la cuban\u00eda.<\/span><\/p>\n<\/p>\n<p><span class=\"text1noticias\">Eso es, como dir\u00eda la escritora Mirta Aguirre, algo no describible, pero si identificable, relacionado con la manera de amar, de sentir, de caminar o de comer de los cubanos.<\/span><\/p>\n<\/p>\n<p><span class=\"text1noticias\">Saumell y Cervantes son los padres de la m\u00fasica cubana con sus danzas y contradanzas. Fui el primero en el mundo en preparar su edici\u00f3n completa con la editora Sociedad de Autores Espa\u00f1oles, en un libro y en disco.<\/span><\/p>\n<\/p>\n<p><span class=\"text1noticias\">Se hab\u00edan hecho las grabaciones de todas las danzas de Cervantes por una convocatoria de un alumno m\u00edo. Pero el grabar juntas a todas las danzas y contradanzas de ambos compositores me lo propuse y me lo aceptaron.<\/span><\/p>\n<\/p>\n<p><span class=\"text1noticias\">Adem\u00e1s, hice el primer disco en 1985, despu\u00e9s que Ernesto Lecuona no se grababa, con el disco Lecuona plays Lecuona y tuve la suerte que se convirti\u00f3 en el primer premio Egrem de la m\u00fasica cl\u00e1sica, en ese a\u00f1o. Luego se pas\u00f3 a CD, ligado con Ignacio Cervantes.<\/span><\/p>\n<\/p>\n<p><span class=\"text1noticias\">-Conocemos que adem\u00e1s de ser un afamado pianista, tambi\u00e9n tiene una larga trayectoria como compositor, \u00bfnos podr\u00eda hablar de los planes inmediatos en ese sentido? <\/span><\/p>\n<\/p>\n<p><span class=\"text1noticias\">-Hay 650 obras inscritas, pero hablar de composici\u00f3n para m\u00ed es bien dif\u00edcil, pues en Cuba es una tierra de grandes m\u00fasicos y hay tantos buenos compositores y mi prestigio en el mundo fundamentalmente se desarroll\u00f3 mucho m\u00e1s como int\u00e9rprete.<\/span><\/p>\n<\/p>\n<p><span class=\"text1noticias\">Acabo de terminar un disco, donde hice una recopilaci\u00f3n de obras relacionadas con el devenir de etapas importantes de la Revoluci\u00f3n, que fue un peque\u00f1o obsequio que le hice a Fidel Castro en su 85 cumplea\u00f1os.<\/span><\/p>\n<\/p>\n<p><span class=\"text1noticias\">Me di cuenta yo de cu\u00e1ntas cosas he compuesto, tanto para orquesta, como para piano o ballet, como el 90 aniversario de Alicia Alonso, que se abri\u00f3 con un ballet con mi m\u00fasica, bailado por Viengsay Vald\u00e9s y coreograf\u00eda de la camagueyana Tania Vergara.<\/span><\/p>\n<\/p>\n<p><span class=\"text1noticias\">Por cierto, Viengsay acaba de ser calificada como uno de los seis mejores bailarines del mundo y la cuarta entre las mujeres.<\/span><\/p>\n<\/p>\n<p><span class=\"text1noticias\">El ballet no tiene un argumento definido, es como el esp\u00edritu de la danza que se posa y se detiene ante algunos privilegiados y en este caso todos sabemos que Alicia fue, es y ser\u00e1 uno de los casos m\u00e1s privilegiados.<\/span><\/p>\n<\/p>\n<p><span class=\"text1noticias\">Lo cierto es que yo recibo un placer enorme cada vez que compongo algo ya sea para piano, para orquesta o para cine; el proceso de creaci\u00f3n me da un placer enorme.<\/span><\/p>\n<\/p>\n<p><span class=\"text1noticias\">Ahora, planes para componer no me gusta hacer mucho. Yo casi siempre dependo de que me pidan las cosas y la mayor cantidad de m\u00fasica que yo he hecho han sido cosas que me han pedido.<\/span><\/p>\n<\/p>\n<p><span class=\"text1noticias\">Me da mucha tristeza saber que grandes compositores, iguales o superiores a m\u00ed tienen su m\u00fasica en una gaveta y pasa tiempo y nadie las convierte en sonido y la m\u00fasica mientras no suena, no existe.<\/span><\/p>\n<\/p>\n<p><span class=\"text1noticias\">Por estos d\u00edas se recuerda un d\u00eda terriblemente significativo y cruel de la relaci\u00f3n de la historia y los compositores.<\/span><\/p>\n<\/p>\n<p><span class=\"text1noticias\">Un d\u00eda 21 de marzo naci\u00f3 Juan Sebasti\u00e1n Bach, y junto a \u00e9l Modest Musorgski, as\u00ed como la cubana Niurka Gonz\u00e1lez, flautista de primer nivel que llevamos como 10 a\u00f1os en la preparaci\u00f3n de un concierto y ahora le garantizo que lo vamos a hacer de todas formas.<\/span><\/p>\n<\/p>\n<p><span class=\"text1noticias\">Pero en el caso de Bach, que se le considera el m\u00e1s famoso de todos los compositores populares y una de las figuras cumbres de la m\u00fasica mundial, estuvo 100 a\u00f1os oculta su composici\u00f3n musical.<\/span><\/p>\n<\/p>\n<p><span class=\"text1noticias\">La mayor\u00eda del tiempo estuvo oculta en la Catedral de Leipzig, donde descansa ahora su tumba en Alemania. El era organista.<\/span><\/p>\n<\/p>\n<p><span class=\"text1noticias\">Desconozco las razones de por qu\u00e9 no tocaban su m\u00fasica y estuvo un siglo oculta para el mundo. Lo redescubri\u00f3 Felix Mendelssohn, otro organista que 100 a\u00f1os despu\u00e9s de la muerte de Bach revel\u00f3 sus fugas, sus preludios, sus corales y otras obras.<\/span><\/p>\n<\/p>\n<p><span class=\"text1noticias\">-Nos podr\u00eda hablar de sus planes m\u00e1s inmediatos como compositor, pedagogo y m\u00fasico en general.<\/span><\/p>\n<\/p>\n<p><span class=\"text1noticias\">-Aparte del concierto en Mosc\u00fa, cuando llegue a La Habana tengo que hacer cinco conciertos de Beethoven con la Orquesta Sinf\u00f3nica Nacional, pues \u00e9stos nunca se han grabado en Cuba. Para m\u00ed es un honor que me dieran la oportunidad de hacer en Cuba el ciclo completo del compositor germano.<\/span><\/p>\n<\/p>\n<p><span class=\"text1noticias\">Hay muy pocos artistas latinoamericanos que puedan grabar los citados conciertos, pero lo hacen por separado, por eso grabarlos todos es una tarea realmente tit\u00e1nica.<\/span><\/p>\n<\/p>\n<p><span class=\"text1noticias\">Al mismo tiempo, es un trabajo formativo, como recorrer el final del siglo del clasicismo y entrar en el siglo del romanticismo.<\/span><\/p>\n<\/p>\n<p><span class=\"text1noticias\">Beethoven fue el \u00faltimo gran cl\u00e1sico y el primer gran rom\u00e1ntico, y en ese periodo estaban las figuras de Mozart y Joseph Haydn y en el romanticismo, Rajmaninov, Robert Schumann y Frederick Chopin, entre otros.<\/span><\/p>\n<\/p>\n<p><span class=\"text1noticias\">Pero Beethoven es el \u00fanico compositor que esta en una \u00e9poca de transici\u00f3n y que es un grande en ambas corrientes. Por eso es que resulta un reto tan grande grabar los cinco conciertos.<\/span><\/p>\n<\/p>\n<p><span class=\"text1noticias\">Adem\u00e1s, debo terminar un DVD de la m\u00fasica de Chopin.<\/span><\/p>\n<\/p>\n<p><span class=\"text1noticias\">Fuera de Cuba, adem\u00e1s de esta gira importante, actualmente estamos contactando con empresarios alemanes porque me han invitado a la Opera de Berl\u00edn y preparamos una gira en julio de este a\u00f1o, la cual incluir\u00eda Hamburgo, Colonia, Frankfurt y Berl\u00edn.<\/span><\/p>\n<\/p>\n<p><span class=\"text1noticias\">-Nos gustar\u00eda que nos hablara del significado de ser invitado a ofrecer una clase magistral en la Sala Blanca del Conservatorio Tchaikovsky con la complejidad de las piezas de Beethoven.<\/span><\/p>\n<\/p>\n<p><span class=\"text1noticias\">-La invitaci\u00f3n para impartir una clase magistral fue algo inesperado para m\u00ed, pues ni ellos me hab\u00edan invitado, ni yo pens\u00e9 que me tocar\u00eda hacer algo as\u00ed.<\/span><\/p>\n<\/p>\n<p><span class=\"text1noticias\">Si bien mi esposa, Alina Neira, chelista y muy buen m\u00fasico, dice que mi maestro Marzhanov hace muchos a\u00f1os propon\u00eda que dictara una clase magistral.<\/span><\/p>\n<\/p>\n<p><span class=\"text1noticias\">Lo que s\u00ed recuerdo haber hecho aqu\u00ed es una clase abierta, que consiste en trabajar con algunos alumnos de la c\u00e1tedra de piano, una de las cuales la preside Marzhanov.<\/span><\/p>\n<\/p>\n<p><span class=\"text1noticias\">Neira me sugiri\u00f3 que ser\u00eda interesante para el conservatorio hablar de la m\u00fasica cl\u00e1sica cubana como Cervantes o Saumell.<\/span><\/p>\n<\/p>\n<p><span class=\"text1noticias\">Lo sorprendente fue que el rector del conservatorio me dio plena libertad de escoger las obras, incluidas de la m\u00fasica universal, para impartir la clase magistral.<\/span><\/p>\n<\/p>\n<p><span class=\"text1noticias\">De esa forma, yo propuse a dos de los cinco conciertos (el segundo y el quinto) para piano y orquesta, que constituyen un paradigma y un reto para todos los pianistas del mundo.<\/span><\/p>\n<\/p>\n<p><span class=\"text1noticias\">Los cinco conciertos en sus notas, en sus sentimientos, en sus formas de escribirse son la evaluaci\u00f3n del clasicismo al romanticismo. Haber escogido esas obras fue un atrevimiento m\u00edo, un intento de probar mis fuerzas.<\/span><\/p>\n<\/p>\n<p><span class=\"text1noticias\">Me siento muy honrado por eso. Aunque la clase, con esas complicadas obras, sigui\u00f3 a la interpretaci\u00f3n del segundo concierto de Rajmaninov. Es como prepararse para correr 100 metros planos y al otro d\u00eda correr 400 metros.<\/span><\/p>\n<\/p>\n<p><span class=\"text1noticias\">Los amantes del deporte en mi pa\u00eds deben saber que eso es un reto para todos los atletas.<\/span><\/p>\n<\/p>\n<p><span class=\"text1noticias\">Preparar bien un concierto ya es un m\u00e9rito grande, pero hacerlo con tres en menos de 48 horas es complicado y hasta peligroso, pero yo no dejo ning\u00fan guante en el suelo.<\/span><\/p>\n<\/p>\n<p><span class=\"text1noticias\">-Tenemos entendido que la Orquesta Sinf\u00f3nica Nacional tambi\u00e9n estar\u00e1 por Mosc\u00fa pr\u00f3ximamente, \u00bfqu\u00e9 detalles puede ofrecernos al respecto? <\/span><\/p>\n<\/p>\n<p><span class=\"text1noticias\">-La Sinf\u00f3nica Nacional est\u00e1 invitada aqu\u00ed para mayo pr\u00f3ximo. Yo creo que es un reencuentro con los lazos tan profundos que hubo entre Cuba y Rusia desde todos los puntos de vista. Debemos rescatar los v\u00ednculos culturales.<\/span><\/p>\n<\/p>\n<p><span class=\"text1noticias\">He tenido la dicha de que no he estado alejado demasiado tiempo de aqu\u00ed. Tambi\u00e9n yo he querido hacerlo, yo amo mucho al pueblo ruso.<\/span><\/p>\n<\/p>\n<p><span class=\"text1noticias\">Creo que las relaciones culturales entre los pueblos de Rusia y Cuba son un hecho hist\u00f3rico que debe rescatarse y la visita de la Orquesta Sinf\u00f3nica Nacional a Rusia es otro aporte en ese sentido.<\/span><\/p>\n<\/p>\n<p><span class=\"text1noticias\">-\u00bfQu\u00e9 cree de la cultura como puente permanente de relaciones entre los pueblos? <\/span><\/p>\n<\/p>\n<p><span class=\"text1noticias\">-De hecho, el arte tiene la virtud de romper los hielos m\u00e1s duros, anchos y poderosos y despu\u00e9s se dan m\u00e1s f\u00e1cilmente los entendimientos, a\u00fan cuando haya puntos de vista pol\u00edticos o ideol\u00f3gicos diferentes.<\/span><\/p>\n<\/p>\n<p><span class=\"text1noticias\">Los entendimientos entre los pueblos, cuando como punta de lanza est\u00e1 el mensaje de paz, amor y espiritualidad que lleva el arte, y dentro de ello la m\u00fasica como idioma universal, es un progreso importante. Como dijera Jos\u00e9 Mart\u00ed, es el alma de los pueblos.<\/span><\/p>\n<\/p>\n<p><span class=\"text1noticias\">El arte en general y la m\u00fasica en particular poseen un nivel de persuasi\u00f3n, convencimiento y de ternura mucho mayor que cualquier proyecto o cualquier discurso te\u00f3rico.<\/span><\/p>\n<\/p>\n<p><span class=\"text1noticias\">-\u00bfC\u00f3mo valora el estado de la composici\u00f3n en Cuba de la m\u00fasica cl\u00e1sica y c\u00f3mo incentivar esa direcci\u00f3n del desarrollo de la m\u00fasica? <\/span><\/p>\n<\/p>\n<p><span class=\"text1noticias\">-En cuanto a la salud de la m\u00fasica cl\u00e1sica en estos momentos, tanto para compositores como para int\u00e9rpretes siempre ha tenido como dificultad la falta de promoci\u00f3n, lo cual es un problema mundial.<\/span><\/p>\n<\/p>\n<p><span class=\"text1noticias\">Lamentablemente, a la m\u00fasica cl\u00e1sica la tienen como adorno muchas personas que no son verdaderamente cultas, o como un disfrute espiritual o aquellas muy sencillas, pero que sienten la cultura.<\/span><\/p>\n<\/p>\n<p><span class=\"text1noticias\">Hay personas alejadas de la cultura cl\u00e1sica, siendo universitarios y otros muy humildes que tuvieron entrenamiento musical o una madre m\u00fasico y conocen a los cl\u00e1sicos como en mi caso, que conoc\u00ed esa m\u00fasica por mi madre, quien pose\u00eda una academia.<\/span><\/p>\n<\/p>\n<p><span class=\"text1noticias\">Pero la m\u00fasica cl\u00e1sica en Cuba siempre ha tenido carencia del respeto absoluto que se merece y es la menos divulgada. Pero ese asunto posee un car\u00e1cter universal.<\/span><\/p>\n<\/p>\n<p><span class=\"text1noticias\">Por otro lado, se le debe hacer la promoci\u00f3n a un evento que me pidieron presidir, es decir, el Festival de M\u00fasica de C\u00e1mara, que se realizar\u00e1 en noviembre pr\u00f3ximo y ah\u00ed pedimos a cada grupo que lleve composiciones. Este a\u00f1o ser\u00e1 para las orquestas de c\u00e1mara.<\/span><\/p>\n<\/p>\n<p><span class=\"text1noticias\">Queremos promover la m\u00fasica cl\u00e1sica realizada por orquestas de c\u00e1mara como M\u00fasica eterna, la Camerata Romeo, la Orquesta de C\u00e1mara de la Habana, la Orquesta Solistas de La Habana, la Orquesta de C\u00e1mara de Holgu\u00edn y la Orquesta de C\u00e1mara de Camaguey, entre otras.<\/span><\/p>\n<\/p>\n<p><span class=\"text1noticias\">Desear\u00edamos que mediante gestiones de las embajadas de Rusia en Cuba y viceversa nos ayuden a gestionar la posible presencia de un cuarteto de c\u00e1mara ruso en el citado festival.<\/span><\/p>\n<\/p>\n<p><span class=\"text1noticias\">Adem\u00e1s, en el foro deben presentarse obras cubanas compuestas para orquestas de c\u00e1mara. Pero si no se hace un esfuerzo para divulgar el evento o crearle condiciones, los compositores se van a ver poco estimulados, entonces ese tipo de m\u00fasica va a ser menos comprendida.<\/span><\/p>\n<\/p>\n<p><span class=\"text1noticias\">La m\u00fasica cl\u00e1sica no necesita de un nivel universitario, solo de un entrenamiento, as\u00ed que si esa m\u00fasica cl\u00e1sica se divulgara mucho m\u00e1s, el pueblo cubano tendr\u00eda m\u00e1s amor del que tiene por ella. Todo lo que te repiten t\u00fa lo amas.<\/span><\/p>\n<\/p>\n<p><span class=\"text1noticias\">Estamos en una situaci\u00f3n en nuestro pa\u00eds que si bien es un fen\u00f3meno mundial, contamos con divulgaci\u00f3n exagerada de expresiones musicales de las m\u00e1s embrutecedoras.<\/span><\/p>\n<\/p>\n<p><span class=\"text1noticias\">Nosotros podemos divulgar m\u00e1s la m\u00fasica cl\u00e1sica porque aunque no es la m\u00e1s importante, es una expresi\u00f3n donde Cuba se ha lucido y posee grandes nombres, no solo interpretes, sino compositores.<\/span><\/p>\n<\/p>\n<p><span class=\"text1noticias\">La barrera del sonido quien m\u00e1s la ha roto y se le debe rendir honor a ella es Alicia Alonso y el Ballet Nacional de Cuba que, siendo una expresi\u00f3n de las llamadas eruditas, cultas y supercultas, ha logrado tener una aceptaci\u00f3n masiva.<\/span><\/p>\n<\/p>\n<p><span class=\"text1noticias\">Ello quiz\u00e1s est\u00e1 relacionado con ese empe\u00f1o, por su gran calidad, pero tambi\u00e9n por su car\u00e1cter, por su persistencia y por su genialidad y todo el mundo le ha prestado atenci\u00f3n a Alicia por ser una de las bailarinas m\u00e1s respetadas del mundo de todos los tiempos.<\/span><\/p>\n<\/p>\n<p><span class=\"text1noticias\">Pero lo cierto es que si en Cuba mucha gente que ama y respeta el ballet le divulg\u00e1ramos m\u00e1s la m\u00fasica cl\u00e1sica, la amar\u00edan y respetar\u00edan mucho m\u00e1s que ahora.<\/span><\/p>\n<\/p>\n<p><span class=\"text1noticias\">Asimismo, si nuestro pa\u00eds lo primero que hizo al triunfar la Revoluci\u00f3n fue alfabetizar para aplicar la m\u00e1xima de Jos\u00e9 Mart\u00ed de ser cultos para ser libres, c\u00f3mo es posible que le hayamos dedicado tanto espacio a una m\u00fasica de baj\u00edsimo nivel literario y musical.<\/span><\/p>\n<\/p>\n<p><span class=\"text1noticias\">Si ser culto fue una demanda de Mart\u00ed para ser libres, entonces, \u00bfacaso se trata ahora de ser brutos para ser colonizados? Nos podr\u00edan estar colonizando con la incultura<\/span>.<\/p>\n<\/p>\n<p>Creo que debe haber una evoluci\u00f3n, pero tambi\u00e9n un l\u00edmite de buen gusto y sensibilidad humana. Entiendo las diferencias dentro del mismo rock de los Beetles o de Emelson Lake and Palmer, pero lo que no puedo entender es que algo se haga famoso por est\u00fapido o grosero.<\/p>\n<\/p>\n<p>Quiz\u00e1s le podr\u00edamos estar haciendo el juego al Imperio, pues esas expresiones de embrutecimiento vienen de un concepto comercial y de la oferta y la demanda, cuidado con el diablo que se disfraza de cordero muchas veces.<\/p>\n<h6> 2012-03-29 17:47:27 <\/h6>\n<p><!--\n<link rel=\"stylesheet\" href=\"css\/bootstrap.min.css\">\n\n\n<ul class=\"pagination\">\n\t    \n\t\n\n<li >\n\t<a href='?page_no=17670'>Previous<\/a>\n\t<\/li>\n\n\n       \n    \n\n<li><a href='?page_no=1'>1<\/a><\/li>\n\n\n\n<li><a href='?page_no=2'>2<\/a><\/li>\n\n\n\n<li><a>...<\/a><\/li>\n\n\n\n<li><a href='?page_no=17669'>17669<\/a><\/li>\n\n\n\n<li><a href='?page_no=17670'>17670<\/a><\/li>\n\n\n\n<li class='active'><a>17671<\/a><\/li>\n\n\n\n<li><a href='?page_no=17672'>17672<\/a><\/li>\n\n\n\n<li><a href='?page_no=17673'>17673<\/a><\/li>\n\n\n\n<li><a>...<\/a><\/li>\n\n\n\n<li><a href='?page_no=22911'>22911<\/a><\/li>\n\n\n\n<li><a href='?page_no=22912'>22912<\/a><\/li>\n\n    \n\t\n\n<li >\n\t<a href='?page_no=17672'>Next<\/a>\n\t<\/li>\n\n\n    \n\n<li><a href='?page_no=22912'>Last &rsaquo;&rsaquo;<\/a><\/li>\n\n<\/ul>\n\n\n--><br \/>\n<\/body><\/p>\n","protected":false},"excerpt":{"rendered":"<p>Por Antonio Rond\u00f3n Mosc\u00fa, 29 marzo (PL).- La invitaci\u00f3n de la mejor escuela de piano del mundo al cubano Frank Fern\u00e1ndez, para interpretar a Rajmaninov en el conservatorio Tchaikovsky, fue una deferencia devenida reto y un desaf\u00edo convertido en honor para la cultura latinoamericana. El maestro caribe\u00f1o del piano, con m\u00e1s de 650 obras compuestas [&hellip;]<\/p>\n","protected":false},"author":3,"featured_media":0,"comment_status":"open","ping_status":"open","sticky":false,"template":"","format":"standard","meta":{"footnotes":""},"categories":[21],"tags":[],"class_list":["post-65993","post","type-post","status-publish","format-standard","hentry","category-cultura"],"_links":{"self":[{"href":"https:\/\/diariodominicano.com\/index.php?rest_route=\/wp\/v2\/posts\/65993","targetHints":{"allow":["GET"]}}],"collection":[{"href":"https:\/\/diariodominicano.com\/index.php?rest_route=\/wp\/v2\/posts"}],"about":[{"href":"https:\/\/diariodominicano.com\/index.php?rest_route=\/wp\/v2\/types\/post"}],"author":[{"embeddable":true,"href":"https:\/\/diariodominicano.com\/index.php?rest_route=\/wp\/v2\/users\/3"}],"replies":[{"embeddable":true,"href":"https:\/\/diariodominicano.com\/index.php?rest_route=%2Fwp%2Fv2%2Fcomments&post=65993"}],"version-history":[{"count":0,"href":"https:\/\/diariodominicano.com\/index.php?rest_route=\/wp\/v2\/posts\/65993\/revisions"}],"wp:attachment":[{"href":"https:\/\/diariodominicano.com\/index.php?rest_route=%2Fwp%2Fv2%2Fmedia&parent=65993"}],"wp:term":[{"taxonomy":"category","embeddable":true,"href":"https:\/\/diariodominicano.com\/index.php?rest_route=%2Fwp%2Fv2%2Fcategories&post=65993"},{"taxonomy":"post_tag","embeddable":true,"href":"https:\/\/diariodominicano.com\/index.php?rest_route=%2Fwp%2Fv2%2Ftags&post=65993"}],"curies":[{"name":"wp","href":"https:\/\/api.w.org\/{rel}","templated":true}]}}