{"id":65992,"date":"2012-03-29T18:42:42","date_gmt":"2012-03-29T18:42:42","guid":{"rendered":"http:\/\/diariodominicano.ddns.net\/?p=65992"},"modified":"2012-03-29T18:42:42","modified_gmt":"2012-03-29T18:42:42","slug":"centro-cultural-para-santo-domingo-norte","status":"publish","type":"post","link":"https:\/\/diariodominicano.com\/?p=65992","title":{"rendered":"Centro Cultural para Santo Domingo Norte"},"content":{"rendered":"<p><body><\/p>\n<p><img decoding=\"async\" src=\"img3\/Virgilio.JPG\" \/>  <\/p>\n<p><span class=\"text1noticias\">Rep.Dom, 29 de Marzo 02:45 P.M.-La C\u00e1mara de Diputados aprob\u00f3 en primera lectura un proyecto de resoluci\u00f3n para la construcci\u00f3n en el municipio Santo Domingo Norte de un centro cultural que permita la preservaci\u00f3n y conservaci\u00f3n de las tradiciones socio-culturales de esta comunidad.<\/span><\/p>\n<\/p>\n<p><span class=\"text1noticias\">El proyecto de resoluci\u00f3n es una iniciativa del Diputado Virgilio Mer\u00e1n introducida el 19 de julio del 2011 y respaldada por los otros 6 diputados del municipio.<\/span><\/p>\n<p><span class=\"text1noticias\"> <\/span><\/p>\n<p><span class=\"text1noticias\">El informe favorable de la Comisi\u00f3n Permanente de Cultura que preside el Diputado Manuel Jim\u00e9nez, acogi\u00f3 el proyecto de iniciativa con algunas modificaciones en sus art\u00edculos primero y segundo, que establecen que \u00ablos recursos para la construcci\u00f3n y fomento para las actividades conexas de dicho centro Cultural sean consignados en el Presupuesto General del Estado del a\u00f1o 2013.\u00bb<\/span><\/p>\n<\/p>\n<p><span class=\"text1noticias\">\u00abLa construcci\u00f3n de este centro cultural, permitir\u00e1 el desarrollo econ\u00f3mico y social de Santo Domingo Norte, potencializando una visi\u00f3n de futuro basada en una explotaci\u00f3n tur\u00edstico-cultural del municipio.\u00bb Expresa el Diputado Mer\u00e1n.<\/span><\/p>\n<\/p>\n<p><span class=\"text1noticias\">El legislador se\u00f1ala que en el municipio Santo Domingo Norte, se encuentran \u00abLos Congo de la Cofrad\u00eda del Esp\u00edritu Santo\u00bb, expresi\u00f3n viva de las identidades de los pueblos Afro-caribe\u00f1os y afro-antillanos, reconocida en mayo del 2001 por la Organizaci\u00f3n de las Naciones Unidas para la Educaci\u00f3n, la Ciencia y la Cultura  (UNESCO), como \u00abPatrimonio Oral e Inmaterial de la Humanidad\u00bb lo que convierte a toda esta zona, en un municipio cultural que no se ha explotado tur\u00edsticamente.<\/span><\/p>\n<\/p>\n<p><span class=\"text1noticias\">La Comisi\u00f3n Permanente de Cultural recomienda que \u00abel Ministerio de Cultura debe apropiarse de este proyecto, que conjuntamente con el Ayuntamiento de la zona deben establecer el lugar y el dise\u00f1o arquitect\u00f3nico, acorde con la naturaleza de los centros dedicados a la promoci\u00f3n de una cultura \u00fanica y singular en todo el Caribe.<\/span><\/p>\n<\/p>\n<p><span class=\"text1noticias\">Tambi\u00e9n plantea que \u00abesta resoluci\u00f3n es un claro ejemplo para lograr elevar el gran potencial de una cultural  sin paralelo en Am\u00e9rica.\u00bb     <\/span><\/p>\n<\/p>\n<p><span class=\"text1noticias\">El Diputado Virgilio Mer\u00e1n agradeci\u00f3 el respaldo de los legisladores a esta iniciativa, \u00abque sin lugar a dudas contribuir\u00e1 al desarrollo econ\u00f3mico y social del municipio.\u00bb.(HG)<\/span>.<\/p>\n<\/p>\n<h6> 2012-03-29 18:42:42 <\/h6>\n<p><!--\n<link rel=\"stylesheet\" href=\"css\/bootstrap.min.css\">\n\n\n<ul class=\"pagination\">\n\t    \n\t\n\n<li >\n\t<a href='?page_no=17669'>Previous<\/a>\n\t<\/li>\n\n\n       \n    \n\n<li><a href='?page_no=1'>1<\/a><\/li>\n\n\n\n<li><a href='?page_no=2'>2<\/a><\/li>\n\n\n\n<li><a>...<\/a><\/li>\n\n\n\n<li><a href='?page_no=17668'>17668<\/a><\/li>\n\n\n\n<li><a href='?page_no=17669'>17669<\/a><\/li>\n\n\n\n<li class='active'><a>17670<\/a><\/li>\n\n\n\n<li><a href='?page_no=17671'>17671<\/a><\/li>\n\n\n\n<li><a href='?page_no=17672'>17672<\/a><\/li>\n\n\n\n<li><a>...<\/a><\/li>\n\n\n\n<li><a href='?page_no=22911'>22911<\/a><\/li>\n\n\n\n<li><a href='?page_no=22912'>22912<\/a><\/li>\n\n    \n\t\n\n<li >\n\t<a href='?page_no=17671'>Next<\/a>\n\t<\/li>\n\n\n    \n\n<li><a href='?page_no=22912'>Last &rsaquo;&rsaquo;<\/a><\/li>\n\n<\/ul>\n\n\n--><br \/>\n<\/body><\/p>\n","protected":false},"excerpt":{"rendered":"<p>Rep.Dom, 29 de Marzo 02:45 P.M.-La C\u00e1mara de Diputados aprob\u00f3 en primera lectura un proyecto de resoluci\u00f3n para la construcci\u00f3n en el municipio Santo Domingo Norte de un centro cultural que permita la preservaci\u00f3n y conservaci\u00f3n de las tradiciones socio-culturales de esta comunidad. El proyecto de resoluci\u00f3n es una iniciativa del Diputado Virgilio Mer\u00e1n introducida [&hellip;]<\/p>\n","protected":false},"author":3,"featured_media":0,"comment_status":"open","ping_status":"open","sticky":false,"template":"","format":"standard","meta":{"footnotes":""},"categories":[21],"tags":[],"class_list":["post-65992","post","type-post","status-publish","format-standard","hentry","category-cultura"],"_links":{"self":[{"href":"https:\/\/diariodominicano.com\/index.php?rest_route=\/wp\/v2\/posts\/65992","targetHints":{"allow":["GET"]}}],"collection":[{"href":"https:\/\/diariodominicano.com\/index.php?rest_route=\/wp\/v2\/posts"}],"about":[{"href":"https:\/\/diariodominicano.com\/index.php?rest_route=\/wp\/v2\/types\/post"}],"author":[{"embeddable":true,"href":"https:\/\/diariodominicano.com\/index.php?rest_route=\/wp\/v2\/users\/3"}],"replies":[{"embeddable":true,"href":"https:\/\/diariodominicano.com\/index.php?rest_route=%2Fwp%2Fv2%2Fcomments&post=65992"}],"version-history":[{"count":0,"href":"https:\/\/diariodominicano.com\/index.php?rest_route=\/wp\/v2\/posts\/65992\/revisions"}],"wp:attachment":[{"href":"https:\/\/diariodominicano.com\/index.php?rest_route=%2Fwp%2Fv2%2Fmedia&parent=65992"}],"wp:term":[{"taxonomy":"category","embeddable":true,"href":"https:\/\/diariodominicano.com\/index.php?rest_route=%2Fwp%2Fv2%2Fcategories&post=65992"},{"taxonomy":"post_tag","embeddable":true,"href":"https:\/\/diariodominicano.com\/index.php?rest_route=%2Fwp%2Fv2%2Ftags&post=65992"}],"curies":[{"name":"wp","href":"https:\/\/api.w.org\/{rel}","templated":true}]}}