{"id":65991,"date":"2012-03-29T18:46:51","date_gmt":"2012-03-29T18:46:51","guid":{"rendered":"http:\/\/diariodominicano.ddns.net\/?p=65991"},"modified":"2012-03-29T18:46:51","modified_gmt":"2012-03-29T18:46:51","slug":"concluye-con-exito-la-sexta-edicion-del-festival-de-teatro-escolar","status":"publish","type":"post","link":"https:\/\/diariodominicano.com\/?p=65991","title":{"rendered":"Concluye con \u00e9xito la sexta edici\u00f3n del Festival de Teatro Escolar"},"content":{"rendered":"<p><body><\/p>\n<p><img decoding=\"async\" src=\"img3\/eco.JPG\" \/>  <\/p>\n<p><span class=\"text1noticias\">Rep.Dom, 29 de Marzo 02:50 P.M.-Concluye con \u00e9xito la sexta versi\u00f3n del Festival de Teatro Escolar que auspicia la Oficina Senatorial de Santiago y el Ministerio de Educaci\u00f3n con la coordinaci\u00f3n t\u00e9cnica y art\u00edstica de La 37 por Las Tablas.<\/span><\/p>\n<\/p>\n<p><span class=\"text1noticias\">En la categor\u00eda para todo p\u00fablico, el primer lugar fue otorgado al Colegio San Juan Bautista, con la obra \u00abEl Ni\u00f1o y el Bamb\u00fa o El Mundo no Anda Bien, Carolina\u00bb, de Alejandro Binet y Danilo Rodr\u00edguez.<\/span><\/p>\n<\/p>\n<p><span class=\"text1noticias\">El segundo lugar lo gan\u00f3 el Colegio Cuerpo de Cristo, con la obra \u00abEnrique Blanco: El Mito que Atrap\u00f3 la Leyenda\u00bb, de  Gregorio Castillo. Mientras que el tercer lugar fue un emocionante empate entre el Colegio de La Salle, con la obra \u00abUna Cama en el Jard\u00edn\u00bb, de Rogelio San Luis, y el Colegio Utesiano de Estudios Integrados con \u00abArco\u00edris\u00bb  de Javier Oviedo.<\/span><\/p>\n<\/p>\n<p><span class=\"text1noticias\">La 37 por Las Tablas, representada por Adelso Reinoso, egresado del IV Festival de Teatro, entreg\u00f3 un afiche con las firmas de todos los j\u00f3venes que participaron en el festival, a Julio C\u00e9sar Valent\u00edn, Senador de la Provincia de Santiago, por asumir el reto de continuar con el proyecto aportando a la juventud un futuro mejor.<\/span><\/p>\n<\/p>\n<p><span class=\"text1noticias\">\u00abSi pudiera definir en una palabra todo lo que he vivido estos cinco d\u00edas ser\u00eda definitivamente \u00abemocionante\u00bb, es por esto que la mejor forma de premiarlos es comprometernos a que el a\u00f1o que viene sea mejor y que Santiago siga siendo la capital del teatro de la Rep\u00fablica Dominicana porque Santiago puede m\u00e1s\u00bb, expres\u00f3 el Senador Valent\u00edn.<\/span><\/p>\n<\/p>\n<p><span class=\"text1noticias\">En la categor\u00eda infantil, gan\u00f3 en primer lugar el Colegio Santiago Ap\u00f3stol, con \u00abEl Clamor de la Madre Naturaleza\u00bb de  Anny Morrobel; la segunda posici\u00f3n pertenece al Liceo Pedro Mar\u00eda Espaillat, con la obra \u00abL\u00e1grimas de Agua Dulce\u00bb,  de  Jaime Chabaud; y el tercer lugar el Colegio de Educaci\u00f3n Integral Salom\u00e9 Ure\u00f1a con la obra \u00abUn Sue\u00f1o Verde Esperanza\u00bb de Lili Beni.<\/span><\/p>\n<\/p>\n<p><span class=\"text1noticias\">Mar\u00eda Ligia Grull\u00f3n, directora del espacio cultural independiente dedicado a las artes esc\u00e9nicas La 37 por Las Tablas, expres\u00f3 unas palabras donde adujo: \u00abEste proyecto no tiene futuro, solo tiene presente, as\u00ed que hablen de \u00e9l, d\u00e9moslo a conocer y c\u00f3mo podemos mejorarlo, el teatro no nos necesita a nosotros, nosotros necesitamos el teatro\u00bb. <\/span><\/p>\n<\/p>\n<p><span class=\"text1noticias\">Este a\u00f1o, el festival estuvo dedicado al ECOTEATRO: Humanidad y Naturaleza para resaltar los temas de ecolog\u00eda, deidades, mitos y leyendas universales, con el objetivo de hacer que el teatro contribuya al fortalecimiento de las relaciones personales y lograr que el ser humano se compenetre con su entorno.(HG)<\/span>.<\/p>\n<\/p>\n<h6> 2012-03-29 18:46:51 <\/h6>\n<p><!--\n<link rel=\"stylesheet\" href=\"css\/bootstrap.min.css\">\n\n\n<ul class=\"pagination\">\n\t    \n\t\n\n<li >\n\t<a href='?page_no=17668'>Previous<\/a>\n\t<\/li>\n\n\n       \n    \n\n<li><a href='?page_no=1'>1<\/a><\/li>\n\n\n\n<li><a href='?page_no=2'>2<\/a><\/li>\n\n\n\n<li><a>...<\/a><\/li>\n\n\n\n<li><a href='?page_no=17667'>17667<\/a><\/li>\n\n\n\n<li><a href='?page_no=17668'>17668<\/a><\/li>\n\n\n\n<li class='active'><a>17669<\/a><\/li>\n\n\n\n<li><a href='?page_no=17670'>17670<\/a><\/li>\n\n\n\n<li><a href='?page_no=17671'>17671<\/a><\/li>\n\n\n\n<li><a>...<\/a><\/li>\n\n\n\n<li><a href='?page_no=22911'>22911<\/a><\/li>\n\n\n\n<li><a href='?page_no=22912'>22912<\/a><\/li>\n\n    \n\t\n\n<li >\n\t<a href='?page_no=17670'>Next<\/a>\n\t<\/li>\n\n\n    \n\n<li><a href='?page_no=22912'>Last &rsaquo;&rsaquo;<\/a><\/li>\n\n<\/ul>\n\n\n--><br \/>\n<\/body><\/p>\n","protected":false},"excerpt":{"rendered":"<p>Rep.Dom, 29 de Marzo 02:50 P.M.-Concluye con \u00e9xito la sexta versi\u00f3n del Festival de Teatro Escolar que auspicia la Oficina Senatorial de Santiago y el Ministerio de Educaci\u00f3n con la coordinaci\u00f3n t\u00e9cnica y art\u00edstica de La 37 por Las Tablas. En la categor\u00eda para todo p\u00fablico, el primer lugar fue otorgado al Colegio San Juan [&hellip;]<\/p>\n","protected":false},"author":3,"featured_media":0,"comment_status":"open","ping_status":"open","sticky":false,"template":"","format":"standard","meta":{"footnotes":""},"categories":[21],"tags":[],"class_list":["post-65991","post","type-post","status-publish","format-standard","hentry","category-cultura"],"_links":{"self":[{"href":"https:\/\/diariodominicano.com\/index.php?rest_route=\/wp\/v2\/posts\/65991","targetHints":{"allow":["GET"]}}],"collection":[{"href":"https:\/\/diariodominicano.com\/index.php?rest_route=\/wp\/v2\/posts"}],"about":[{"href":"https:\/\/diariodominicano.com\/index.php?rest_route=\/wp\/v2\/types\/post"}],"author":[{"embeddable":true,"href":"https:\/\/diariodominicano.com\/index.php?rest_route=\/wp\/v2\/users\/3"}],"replies":[{"embeddable":true,"href":"https:\/\/diariodominicano.com\/index.php?rest_route=%2Fwp%2Fv2%2Fcomments&post=65991"}],"version-history":[{"count":0,"href":"https:\/\/diariodominicano.com\/index.php?rest_route=\/wp\/v2\/posts\/65991\/revisions"}],"wp:attachment":[{"href":"https:\/\/diariodominicano.com\/index.php?rest_route=%2Fwp%2Fv2%2Fmedia&parent=65991"}],"wp:term":[{"taxonomy":"category","embeddable":true,"href":"https:\/\/diariodominicano.com\/index.php?rest_route=%2Fwp%2Fv2%2Fcategories&post=65991"},{"taxonomy":"post_tag","embeddable":true,"href":"https:\/\/diariodominicano.com\/index.php?rest_route=%2Fwp%2Fv2%2Ftags&post=65991"}],"curies":[{"name":"wp","href":"https:\/\/api.w.org\/{rel}","templated":true}]}}