{"id":65990,"date":"2012-03-29T18:59:28","date_gmt":"2012-03-29T18:59:28","guid":{"rendered":"http:\/\/diariodominicano.ddns.net\/?p=65990"},"modified":"2012-03-29T18:59:28","modified_gmt":"2012-03-29T18:59:28","slug":"de-mi-barrio-a-tu-barrio-en-el-monumento-fray-anton-de-montesinos","status":"publish","type":"post","link":"https:\/\/diariodominicano.com\/?p=65990","title":{"rendered":"\u00abDe mi barrio a tu barrio\u00bb en el Monumento Fray Ant\u00f3n de Montesinos"},"content":{"rendered":"<p><body><\/p>\n<p><img decoding=\"async\" src=\"img3\/urbano.JPG\" \/>  <\/p>\n<p><span class=\"text1noticias\">Rep.Dom, 29 de Marzo 03:00 P.M.- El Ministerio de Cultura (MINC), la Embajada de Alemania y el Centro Dominico Alem\u00e1n presentaron al p\u00fablico la conclusi\u00f3n, en el pa\u00eds, del proyecto \u00abDe mi barrio a tu barrio\u00bb, en el monumento Fray Ant\u00f3n de Montesinos, como parte de la gira de arte urbano, del performance alem\u00e1n  Jim Avigno.<\/span><\/p>\n<p><span class=\"text1noticias\">  <\/span><\/p>\n<p><span class=\"text1noticias\">El MINC proporcion\u00f3 el monumento al performance alem\u00e1n, para que desplegase el proyecto urban\u00edstico, junto con artistas locales, por su gran importancia cultural. <\/span><\/p>\n<\/p>\n<p><span class=\"text1noticias\">Diez artistas del pa\u00eds participaron y plasmaron su arte en cada pincelada, en los vistosos murales que cubren parte de las instalaciones del hist\u00f3rico espacio, ubicado en la Avenida George Washington.<\/span><\/p>\n<\/p>\n<p><span class=\"text1noticias\">El trabajo desarrollado por la Embajada de la Rep\u00fablica Federal de Alemania en Santo Domingo ha sido una iniciativa del Goethe-Institut Mexiko y la colaboraci\u00f3n de  entidades locales. <\/span><\/p>\n<\/p>\n<p><span class=\"text1noticias\">En la clausura estuvieron presentes la directora de Patrimonio Monumental, Edda Grull\u00f3n, y la soci\u00f3loga, artista pl\u00e1stica y gestora cultura nicarag\u00fcense, Alicia Zamora. Adem\u00e1s, el personal de las instituciones alemanas en el pa\u00eds. <\/span><\/p>\n<\/p>\n<p><span class=\"text1noticias\">Los artistas dominicanos fueron: \u00c1ngel Urelly, Luis Geraldino, Luis Hidalgo, Ana de Le\u00f3n, Gregory Moya, Citlally Miranda, Jos\u00e9 Ramia, Carlos Estrada y Patricia Grassals.<\/span><\/p>\n<p><span class=\"text1noticias\"> <\/span><\/p>\n<p><span class=\"text1noticias\">A trav\u00e9s de la gira de arte urbano \u00abDe mi barrio a tu barrio\u00bb \/ \u00aburban heartbeat\u00bb, el Goethe-Institut Mexiko contin\u00faa con el muralismo mundialmente conocido y otras variantes del mismo en espacios p\u00fablicos.(HG)<\/span>.<\/p>\n<\/p>\n<h6> 2012-03-29 18:59:28 <\/h6>\n<p><!--\n<link rel=\"stylesheet\" href=\"css\/bootstrap.min.css\">\n\n\n<ul class=\"pagination\">\n\t    \n\t\n\n<li >\n\t<a href='?page_no=17667'>Previous<\/a>\n\t<\/li>\n\n\n       \n    \n\n<li><a href='?page_no=1'>1<\/a><\/li>\n\n\n\n<li><a href='?page_no=2'>2<\/a><\/li>\n\n\n\n<li><a>...<\/a><\/li>\n\n\n\n<li><a href='?page_no=17666'>17666<\/a><\/li>\n\n\n\n<li><a href='?page_no=17667'>17667<\/a><\/li>\n\n\n\n<li class='active'><a>17668<\/a><\/li>\n\n\n\n<li><a href='?page_no=17669'>17669<\/a><\/li>\n\n\n\n<li><a href='?page_no=17670'>17670<\/a><\/li>\n\n\n\n<li><a>...<\/a><\/li>\n\n\n\n<li><a href='?page_no=22911'>22911<\/a><\/li>\n\n\n\n<li><a href='?page_no=22912'>22912<\/a><\/li>\n\n    \n\t\n\n<li >\n\t<a href='?page_no=17669'>Next<\/a>\n\t<\/li>\n\n\n    \n\n<li><a href='?page_no=22912'>Last &rsaquo;&rsaquo;<\/a><\/li>\n\n<\/ul>\n\n\n--><br \/>\n<\/body><\/p>\n","protected":false},"excerpt":{"rendered":"<p>Rep.Dom, 29 de Marzo 03:00 P.M.- El Ministerio de Cultura (MINC), la Embajada de Alemania y el Centro Dominico Alem\u00e1n presentaron al p\u00fablico la conclusi\u00f3n, en el pa\u00eds, del proyecto \u00abDe mi barrio a tu barrio\u00bb, en el monumento Fray Ant\u00f3n de Montesinos, como parte de la gira de arte urbano, del performance alem\u00e1n Jim [&hellip;]<\/p>\n","protected":false},"author":3,"featured_media":0,"comment_status":"open","ping_status":"open","sticky":false,"template":"","format":"standard","meta":{"footnotes":""},"categories":[21],"tags":[],"class_list":["post-65990","post","type-post","status-publish","format-standard","hentry","category-cultura"],"_links":{"self":[{"href":"https:\/\/diariodominicano.com\/index.php?rest_route=\/wp\/v2\/posts\/65990","targetHints":{"allow":["GET"]}}],"collection":[{"href":"https:\/\/diariodominicano.com\/index.php?rest_route=\/wp\/v2\/posts"}],"about":[{"href":"https:\/\/diariodominicano.com\/index.php?rest_route=\/wp\/v2\/types\/post"}],"author":[{"embeddable":true,"href":"https:\/\/diariodominicano.com\/index.php?rest_route=\/wp\/v2\/users\/3"}],"replies":[{"embeddable":true,"href":"https:\/\/diariodominicano.com\/index.php?rest_route=%2Fwp%2Fv2%2Fcomments&post=65990"}],"version-history":[{"count":0,"href":"https:\/\/diariodominicano.com\/index.php?rest_route=\/wp\/v2\/posts\/65990\/revisions"}],"wp:attachment":[{"href":"https:\/\/diariodominicano.com\/index.php?rest_route=%2Fwp%2Fv2%2Fmedia&parent=65990"}],"wp:term":[{"taxonomy":"category","embeddable":true,"href":"https:\/\/diariodominicano.com\/index.php?rest_route=%2Fwp%2Fv2%2Fcategories&post=65990"},{"taxonomy":"post_tag","embeddable":true,"href":"https:\/\/diariodominicano.com\/index.php?rest_route=%2Fwp%2Fv2%2Ftags&post=65990"}],"curies":[{"name":"wp","href":"https:\/\/api.w.org\/{rel}","templated":true}]}}