{"id":65989,"date":"2012-03-29T19:12:51","date_gmt":"2012-03-29T19:12:51","guid":{"rendered":"http:\/\/diariodominicano.ddns.net\/?p=65989"},"modified":"2012-03-29T19:12:51","modified_gmt":"2012-03-29T19:12:51","slug":"cultura-dona-10-mil-libros-a-participantes-del-segundo-maraton-juvenil-de-lectura-2012","status":"publish","type":"post","link":"https:\/\/diariodominicano.com\/?p=65989","title":{"rendered":"Cultura dona 10 mil libros a participantes del Segundo Marat\u00f3n Juvenil de Lectura 2012"},"content":{"rendered":"<p><body><\/p>\n<p><img decoding=\"async\" src=\"img3\/maraton.JPG\" \/>  <\/p>\n<p><span class=\"text1noticias\">Rep.Dom, 29 de Marzo 03:15 P.M.-El Ministerio de Cultura (MINC), a  trav\u00e9s  de  la Direcci\u00f3n General del Libro y la Lectura, entreg\u00f3 10 mil vol\u00famenes de libros a los j\u00f3venes que participan en el Segundo Marat\u00f3n Juvenil de Lectura 2012, que organiza el Ministerio de la Juventud.<\/span><\/p>\n<\/p>\n<p><span class=\"text1noticias\">La donaci\u00f3n fue realizada en acto encabezado por el ministro de Cultura, Jos\u00e9 Rafael Lantigua y Franklin Rodr\u00edguez, ministro de la Juventud, en la sede de la entidad juvenil, ubicada en la avenida Jim\u00e9nez Moya No. 71.<\/span><\/p>\n<\/p>\n<p><span class=\"text1noticias\">El ministro de cultura expres\u00f3 que \u00abdebe elogiarse la iniciativa del Ministerio de la Juventud para promover el libro y la lectura, donde centenares de j\u00f3venes de todos los municipios del pa\u00eds, sin excepci\u00f3n, desde el 20 de febrero hasta el pr\u00f3ximo lunes, estar\u00e1n leyendo de manera continua. Y para  estos j\u00f3venes que est\u00e1n participando en este proyecto, el MINC entrega hoy 10 mil vol\u00famenes, para seguir incentivando entre estos lectores continuos el amor por el libro y la lectura\u00bb. <\/span><\/p>\n<\/p>\n<p><span class=\"text1noticias\">Mientras que, Franklin Rodr\u00edguez agradeci\u00f3 al MINC, una vez m\u00e1s, por servir de instrumento para que, mediante estos libros, se fortalezca el h\u00e1bito de la lectura en la Rep\u00fablica Dominicana. <\/span><\/p>\n<\/p>\n<p><span class=\"text1noticias\">Tambi\u00e9n destac\u00f3 que \u00abdesde el a\u00f1o pasado hemos estado haciendo maratones de lectura con el objetivo de incentivar este importante proyecto, para seguir fortaleciendo y fomentando entre los j\u00f3venes el inter\u00e9s por la lectura en cada uno de sus escenarios\u00bb. <\/span><\/p>\n<\/p>\n<p><span class=\"text1noticias\">Con esta acci\u00f3n, el MINC contin\u00faa contribuyendo a la promoci\u00f3n de la literatura y la lectura en el pa\u00eds, premiando a los j\u00f3venes que han participado en el marat\u00f3n, el cual constituye un est\u00edmulo y ejemplo para la juventud dominicana.<\/span><\/p>\n<\/p>\n<p><span class=\"text1noticias\">Los textos entregados incluyen una colecci\u00f3n de libros sobre historia, poes\u00eda, cuento, narrativa, ensayo, novela, ciencia, entre otros, de autores dominicanos y extranjeros.  Estas obras han sido editadas por los distintos sellos editoriales del MINC, que ha realizado una intensa labor en los \u00faltimos siete a\u00f1os, a trav\u00e9s de la Editora Nacional.<\/span><\/p>\n<\/p>\n<p><span class=\"text1noticias\">El donativo est\u00e1 contemplado dentro de un proyecto de entrega de libros que desarrolla la cartera, como parte de las estrategias de promoci\u00f3n de la  literatura nacional y fomento al lector. Este programa contempla los proyectos \u00abInicia tu propia biblioteca\u00bb, \u00abFestivales de Lectura al Aire Libre\u00bb y \u00abPlanes de Lectura\u00bb, todos desarrollados por la Direcci\u00f3n General del Libro y la Lectura, que es dirigida por la escritora Eleanor Grimaldi Sili\u00e9.<\/span><\/p>\n<\/p>\n<p><span class=\"text1noticias\">En el acto estuvieron presente Eleanor Grimaldi Sili\u00e9, Directora del Libro y la Lectura, Cristian Beltr\u00e9 y Clarisa de la Cruz, viceministros de la Juventud, entre otras personalidades.<\/span><\/p>\n<p><span class=\"text1noticias\"> <\/span><\/p>\n<p><span class=\"text1noticias\">El segundo marat\u00f3n cuenta con la participaci\u00f3n de 930 j\u00f3venes de 155 municipios del pa\u00eds, los cuales leer\u00e1n mil horas ininterrumpidas en voz alta, en un total de 42 d\u00edas, bajo el lema \u00abPor amor a Dios y a la Patria\u00bb.(HG)<\/span>.<\/p>\n<\/p>\n<h6> 2012-03-29 19:12:51 <\/h6>\n<p><!--\n<link rel=\"stylesheet\" href=\"css\/bootstrap.min.css\">\n\n\n<ul class=\"pagination\">\n\t    \n\t\n\n<li >\n\t<a href='?page_no=17666'>Previous<\/a>\n\t<\/li>\n\n\n       \n    \n\n<li><a href='?page_no=1'>1<\/a><\/li>\n\n\n\n<li><a href='?page_no=2'>2<\/a><\/li>\n\n\n\n<li><a>...<\/a><\/li>\n\n\n\n<li><a href='?page_no=17665'>17665<\/a><\/li>\n\n\n\n<li><a href='?page_no=17666'>17666<\/a><\/li>\n\n\n\n<li class='active'><a>17667<\/a><\/li>\n\n\n\n<li><a href='?page_no=17668'>17668<\/a><\/li>\n\n\n\n<li><a href='?page_no=17669'>17669<\/a><\/li>\n\n\n\n<li><a>...<\/a><\/li>\n\n\n\n<li><a href='?page_no=22911'>22911<\/a><\/li>\n\n\n\n<li><a href='?page_no=22912'>22912<\/a><\/li>\n\n    \n\t\n\n<li >\n\t<a href='?page_no=17668'>Next<\/a>\n\t<\/li>\n\n\n    \n\n<li><a href='?page_no=22912'>Last &rsaquo;&rsaquo;<\/a><\/li>\n\n<\/ul>\n\n\n--><br \/>\n<\/body><\/p>\n","protected":false},"excerpt":{"rendered":"<p>Rep.Dom, 29 de Marzo 03:15 P.M.-El Ministerio de Cultura (MINC), a trav\u00e9s de la Direcci\u00f3n General del Libro y la Lectura, entreg\u00f3 10 mil vol\u00famenes de libros a los j\u00f3venes que participan en el Segundo Marat\u00f3n Juvenil de Lectura 2012, que organiza el Ministerio de la Juventud. La donaci\u00f3n fue realizada en acto encabezado por [&hellip;]<\/p>\n","protected":false},"author":3,"featured_media":0,"comment_status":"open","ping_status":"open","sticky":false,"template":"","format":"standard","meta":{"footnotes":""},"categories":[21],"tags":[],"class_list":["post-65989","post","type-post","status-publish","format-standard","hentry","category-cultura"],"_links":{"self":[{"href":"https:\/\/diariodominicano.com\/index.php?rest_route=\/wp\/v2\/posts\/65989","targetHints":{"allow":["GET"]}}],"collection":[{"href":"https:\/\/diariodominicano.com\/index.php?rest_route=\/wp\/v2\/posts"}],"about":[{"href":"https:\/\/diariodominicano.com\/index.php?rest_route=\/wp\/v2\/types\/post"}],"author":[{"embeddable":true,"href":"https:\/\/diariodominicano.com\/index.php?rest_route=\/wp\/v2\/users\/3"}],"replies":[{"embeddable":true,"href":"https:\/\/diariodominicano.com\/index.php?rest_route=%2Fwp%2Fv2%2Fcomments&post=65989"}],"version-history":[{"count":0,"href":"https:\/\/diariodominicano.com\/index.php?rest_route=\/wp\/v2\/posts\/65989\/revisions"}],"wp:attachment":[{"href":"https:\/\/diariodominicano.com\/index.php?rest_route=%2Fwp%2Fv2%2Fmedia&parent=65989"}],"wp:term":[{"taxonomy":"category","embeddable":true,"href":"https:\/\/diariodominicano.com\/index.php?rest_route=%2Fwp%2Fv2%2Fcategories&post=65989"},{"taxonomy":"post_tag","embeddable":true,"href":"https:\/\/diariodominicano.com\/index.php?rest_route=%2Fwp%2Fv2%2Ftags&post=65989"}],"curies":[{"name":"wp","href":"https:\/\/api.w.org\/{rel}","templated":true}]}}