{"id":659877,"date":"2026-01-13T00:36:58","date_gmt":"2026-01-13T04:36:58","guid":{"rendered":"https:\/\/diariodominicano.com\/?p=659877"},"modified":"2026-01-13T00:37:00","modified_gmt":"2026-01-13T04:37:00","slug":"cuando-nuestros-pueblos-luchan","status":"publish","type":"post","link":"https:\/\/diariodominicano.com\/?p=659877","title":{"rendered":"Cuando nuestros pueblos luchan"},"content":{"rendered":"\n<p>Por Ram\u00f3n Antonio Veras <\/p>\n\n\n\n<p>1.- Lo que le ha ocurrido a Cuba, Venezuela y Nicaragua es un claro mensaje de lo que puede sucederles a los dem\u00e1s pa\u00edses latinoamericanos y caribe\u00f1os que procuran su liberaci\u00f3n nacional. <\/p>\n\n\n\n<p>2.- Pueblos y dirigentes pol\u00edticos est\u00e1n expuestos a ser objeto por Estados Unidos de los m\u00e9todos m\u00e1s odiosos si deciden romper las cadenas de la opresi\u00f3n. <\/p>\n\n\n\n<p>3.- Cuba, por quitarse de encima el dominio colonialista estadounidense, ha tenido que padecer un bloqueo durante m\u00e1s de 60 a\u00f1os; Venezuela ha sido invadida y su presidente y esposa secuestrados, y Nicaragua es objeto de todas clases de sanciones unilaterales. <\/p>\n\n\n\n<p>4.- Los calificativos m\u00e1s infamantes son colocados a los m\u00e1s sobresalientes l\u00edderes de la revoluci\u00f3n cubana, sandinista y bolivariana. <\/p>\n\n\n\n<p>5.- Distintas administraciones de Estados Unidos se han ocupado de elaborar infracciones penales y atribuirlas a l\u00edderes populares de pa\u00edses en lucha por su plena y real independencia. <\/p>\n\n\n\n<p>6.- Lo que est\u00e1 demostrando la realidad de la batalla que libran nuestros pa\u00edses por su liberaci\u00f3n es que deben poner en pr\u00e1ctica nuevas formas de c\u00f3mo enfrentar a los adversarios internos y externos. <\/p>\n\n\n\n<p>7.- El enemigo pol\u00edtico nacional y extranjero est\u00e1 en disposici\u00f3n de hacer uso de las maniobras m\u00e1s deleznables para aniquilar a los m\u00e1s consecuentes luchadores democr\u00e1ticos. <\/p>\n\n\n\n<p>8.- En ning\u00fan momento u ocasi\u00f3n se puede subestimar a los contrarios, que siempre est\u00e1n listos para inutilizar a quien se opone a sus intereses.  <\/p>\n\n\n\n<p>9.- El enemigo pol\u00edtico de esta \u00e9poca no tiene miramiento de ninguna clase para, de la manera que sea, hundir a quien se opone a sus designios. <\/p>\n\n\n\n<p>10.- La contienda pol\u00edtica, en la forma que se lleva a efecto ahora, est\u00e1 fuera de los marcos de la decencia para caer en la deshonestidad. <\/p>\n\n\n\n<p>11.- En la actualidad, los m\u00e1s consecuentes luchadores sociales siempre est\u00e1n en la mira de los contrarios para reducirlos moralmente y as\u00ed quitarles autoridad ante las masas. <\/p>\n\n\n\n<p>12.- Estamos en una etapa de la lucha pol\u00edtica y social en la cual al militante por las justas causas procuran herirlo en su dignidad y amor propio para descalificarlo. <\/p>\n\n\n\n<p>13.- Los enemigos de los pueblos hacen uso de todos los recursos a su disposici\u00f3n para destruir a quienes se convierten en fieles int\u00e9rpretes de las aspiraciones de los marginados sociales. <\/p>\n\n\n\n<p>14.- Las mujeres y los hombres que en Am\u00e9rica Latina y el Caribe se oponen a los intereses de la minor\u00eda nacional y el imperio de occidente, son objeto de odio, intrigas, difamaciones, prisiones y eliminaci\u00f3n f\u00edsica. <\/p>\n\n\n\n<p>15.- Lo ocurrido en Venezuela con la intervenci\u00f3n, secuestro y asesinatos manda a ser precavido y nunca estar confiado. <\/p>\n\n\n\n<p>16.- Nuestros pueblos cuentan con adversarios que est\u00e1n dispuestos a ejecutar las peores acciones para que todo lo malo siga igual o peor mientras puedan saquear recursos naturales. <\/p>\n","protected":false},"excerpt":{"rendered":"<p>Por Ram\u00f3n Antonio Veras 1.- Lo que le ha ocurrido a Cuba, Venezuela y Nicaragua es un claro mensaje de lo que puede sucederles a los dem\u00e1s pa\u00edses latinoamericanos y caribe\u00f1os que procuran su liberaci\u00f3n nacional. 2.- Pueblos y dirigentes pol\u00edticos est\u00e1n expuestos a ser objeto por Estados Unidos de los m\u00e9todos m\u00e1s odiosos si [&hellip;]<\/p>\n","protected":false},"author":7,"featured_media":654589,"comment_status":"closed","ping_status":"closed","sticky":false,"template":"","format":"standard","meta":{"footnotes":""},"categories":[16],"tags":[426],"class_list":["post-659877","post","type-post","status-publish","format-standard","has-post-thumbnail","hentry","category-opiniones","tag-ramon-antonio-veras"],"_links":{"self":[{"href":"https:\/\/diariodominicano.com\/index.php?rest_route=\/wp\/v2\/posts\/659877","targetHints":{"allow":["GET"]}}],"collection":[{"href":"https:\/\/diariodominicano.com\/index.php?rest_route=\/wp\/v2\/posts"}],"about":[{"href":"https:\/\/diariodominicano.com\/index.php?rest_route=\/wp\/v2\/types\/post"}],"author":[{"embeddable":true,"href":"https:\/\/diariodominicano.com\/index.php?rest_route=\/wp\/v2\/users\/7"}],"replies":[{"embeddable":true,"href":"https:\/\/diariodominicano.com\/index.php?rest_route=%2Fwp%2Fv2%2Fcomments&post=659877"}],"version-history":[{"count":1,"href":"https:\/\/diariodominicano.com\/index.php?rest_route=\/wp\/v2\/posts\/659877\/revisions"}],"predecessor-version":[{"id":659880,"href":"https:\/\/diariodominicano.com\/index.php?rest_route=\/wp\/v2\/posts\/659877\/revisions\/659880"}],"wp:featuredmedia":[{"embeddable":true,"href":"https:\/\/diariodominicano.com\/index.php?rest_route=\/wp\/v2\/media\/654589"}],"wp:attachment":[{"href":"https:\/\/diariodominicano.com\/index.php?rest_route=%2Fwp%2Fv2%2Fmedia&parent=659877"}],"wp:term":[{"taxonomy":"category","embeddable":true,"href":"https:\/\/diariodominicano.com\/index.php?rest_route=%2Fwp%2Fv2%2Fcategories&post=659877"},{"taxonomy":"post_tag","embeddable":true,"href":"https:\/\/diariodominicano.com\/index.php?rest_route=%2Fwp%2Fv2%2Ftags&post=659877"}],"curies":[{"name":"wp","href":"https:\/\/api.w.org\/{rel}","templated":true}]}}