{"id":65987,"date":"2012-03-30T04:40:33","date_gmt":"2012-03-30T04:40:33","guid":{"rendered":"http:\/\/diariodominicano.ddns.net\/?p=65987"},"modified":"2012-03-30T04:40:33","modified_gmt":"2012-03-30T04:40:33","slug":"presidente-fernandez-recuerda-batalla-del-30-de-marzo-es-un-hecho-trascendental","status":"publish","type":"post","link":"https:\/\/diariodominicano.com\/?p=65987","title":{"rendered":"&#13;Presidente Fern\u00e1ndez recuerda  Batalla del 30 de Marzo es un hecho trascendental"},"content":{"rendered":"<p><body><\/p>\n<p><img decoding=\"async\" src=\"img3\/imbert.jpg\" \/>  <\/p>\n<p><span class=\"text1noticias\">SANTO DOMINGO, Rep\u00fablica Dominicana, 30 marzo.- Al conmemorarse este viernes el 168 aniversario de la Batalla del 30 de Marzo, en Santiago, el presidente Leonel Fern\u00e1ndez dijo que este hecho es un episodio trascendental que revela el car\u00e1cter de un pueblo tesonero, luchador y visionario.<\/span><\/p>\n<\/p>\n<p><span class=\"text1noticias\">En un mensaje con motivo de la importante fecha, el jefe de Estado dijo que en consecuencia el pa\u00eds recuerda el extraordinario legado de los h\u00e9rores de dicha gesta.<\/span><\/p>\n<\/p>\n<p><span class=\"text1noticias\">\u00abReconocemos el notable ejemplo de sacrificio, valor y dignidad que orienta y estimula a esforzarnos para contribuir cada d\u00eda para que nuestra Rep\u00fablica Dominicana siga creciendo hacia el progreso, en un clima de estabilidad y concordia\u00bb, resalt\u00f3 el primer mandatario.<\/span><\/p>\n<\/p>\n<p><span class=\"text1noticias\">Precis\u00f3 que este hito de gran trascendencia, enaltece y motiva al pueblo dominicano a rendirle un merecido reconocimiento a esos hombres valientes que arriesgaron sus vidas para defender el territorio nacional.<\/span><\/p>\n<\/p>\n<p><span class=\"text1noticias\">El pueblo unido recuerda, con profundo agradecimiento, a los insignes h\u00e9roes Jos\u00e9 Mar\u00eda Imbert, Francisco Antonio Salcedo, Fernando Valerio, Ram\u00f3n Mat\u00edas Mella y otros oficiales y ciudadanos que demostraron su gran valor y firme determinaci\u00f3n de defender la libertad y derechos conquistados\u00bb, expres\u00f3  el mandatario. <\/span><\/p>\n<\/p>\n<p><span class=\"text1noticias\">La batalla del 30 de  marzo se produjo en la ciudad de Santiago de los Caballeros  el 30 de marzo de 1844. Los dominicanos derrotaron a las tropas haitianas comandadas por el general Jean Pierrot, quien trataba de reocupar el territorio de la reci\u00e9n proclamada Rep\u00fablica Dominicana.<\/span><\/p>\n<\/p>\n<\/p>\n<\/p>\n<h6> 2012-03-30 04:40:33 <\/h6>\n<p><!--\n<link rel=\"stylesheet\" href=\"css\/bootstrap.min.css\">\n\n\n<ul class=\"pagination\">\n\t    \n\t\n\n<li >\n\t<a href='?page_no=17664'>Previous<\/a>\n\t<\/li>\n\n\n       \n    \n\n<li><a href='?page_no=1'>1<\/a><\/li>\n\n\n\n<li><a href='?page_no=2'>2<\/a><\/li>\n\n\n\n<li><a>...<\/a><\/li>\n\n\n\n<li><a href='?page_no=17663'>17663<\/a><\/li>\n\n\n\n<li><a href='?page_no=17664'>17664<\/a><\/li>\n\n\n\n<li class='active'><a>17665<\/a><\/li>\n\n\n\n<li><a href='?page_no=17666'>17666<\/a><\/li>\n\n\n\n<li><a href='?page_no=17667'>17667<\/a><\/li>\n\n\n\n<li><a>...<\/a><\/li>\n\n\n\n<li><a href='?page_no=22911'>22911<\/a><\/li>\n\n\n\n<li><a href='?page_no=22912'>22912<\/a><\/li>\n\n    \n\t\n\n<li >\n\t<a href='?page_no=17666'>Next<\/a>\n\t<\/li>\n\n\n    \n\n<li><a href='?page_no=22912'>Last &rsaquo;&rsaquo;<\/a><\/li>\n\n<\/ul>\n\n\n--><br \/>\n<\/body><\/p>\n","protected":false},"excerpt":{"rendered":"<p>SANTO DOMINGO, Rep\u00fablica Dominicana, 30 marzo.- Al conmemorarse este viernes el 168 aniversario de la Batalla del 30 de Marzo, en Santiago, el presidente Leonel Fern\u00e1ndez dijo que este hecho es un episodio trascendental que revela el car\u00e1cter de un pueblo tesonero, luchador y visionario. En un mensaje con motivo de la importante fecha, el [&hellip;]<\/p>\n","protected":false},"author":3,"featured_media":0,"comment_status":"open","ping_status":"open","sticky":false,"template":"","format":"standard","meta":{"footnotes":""},"categories":[21],"tags":[],"class_list":["post-65987","post","type-post","status-publish","format-standard","hentry","category-cultura"],"_links":{"self":[{"href":"https:\/\/diariodominicano.com\/index.php?rest_route=\/wp\/v2\/posts\/65987","targetHints":{"allow":["GET"]}}],"collection":[{"href":"https:\/\/diariodominicano.com\/index.php?rest_route=\/wp\/v2\/posts"}],"about":[{"href":"https:\/\/diariodominicano.com\/index.php?rest_route=\/wp\/v2\/types\/post"}],"author":[{"embeddable":true,"href":"https:\/\/diariodominicano.com\/index.php?rest_route=\/wp\/v2\/users\/3"}],"replies":[{"embeddable":true,"href":"https:\/\/diariodominicano.com\/index.php?rest_route=%2Fwp%2Fv2%2Fcomments&post=65987"}],"version-history":[{"count":0,"href":"https:\/\/diariodominicano.com\/index.php?rest_route=\/wp\/v2\/posts\/65987\/revisions"}],"wp:attachment":[{"href":"https:\/\/diariodominicano.com\/index.php?rest_route=%2Fwp%2Fv2%2Fmedia&parent=65987"}],"wp:term":[{"taxonomy":"category","embeddable":true,"href":"https:\/\/diariodominicano.com\/index.php?rest_route=%2Fwp%2Fv2%2Fcategories&post=65987"},{"taxonomy":"post_tag","embeddable":true,"href":"https:\/\/diariodominicano.com\/index.php?rest_route=%2Fwp%2Fv2%2Ftags&post=65987"}],"curies":[{"name":"wp","href":"https:\/\/api.w.org\/{rel}","templated":true}]}}