{"id":65985,"date":"2012-03-30T17:13:49","date_gmt":"2012-03-30T17:13:49","guid":{"rendered":"http:\/\/diariodominicano.ddns.net\/?p=65985"},"modified":"2012-03-30T17:13:49","modified_gmt":"2012-03-30T17:13:49","slug":"gobernante-participara-en-el-maraton-juvenil-de-lectura","status":"publish","type":"post","link":"https:\/\/diariodominicano.com\/?p=65985","title":{"rendered":"Gobernante participar\u00e1 en el Marat\u00f3n Juvenil de Lectura"},"content":{"rendered":"<p><body><\/p>\n<p><img decoding=\"async\" src=\"http:\/\/localhost:8080\/img3\/Maraton Lectura.JPG\" \/><br \/><img decoding=\"async\" src=\"img3\/Maraton Lectura 2.JPG\" \/><br \/><img decoding=\"async\" src=\"img3\/Maraton Lectura 1.JPG\" \/>  <\/p>\n<p><span class=\"text1noticias\">1:10 pm, Santo Domingo, RD, 30 marzo.-  El presidente de la Rep\u00fablica, doctor Leonel Fern\u00e1ndez, concluir\u00e1 el pr\u00f3ximo lunes el II Marat\u00f3n Juvenil de Lectura \u00abPor amor a Dios y a la Patria\u00bb, leyendo en voz alta en el Palacio Nacional 15 minutos de uno de los textos de la Constituci\u00f3n de la Rep\u00fablica.<\/span><\/p>\n<p><span class=\"text1noticias\">As\u00ed lo inform\u00f3 este viernes en rueda de prensa el ministro de la Juventud, Franklin Rodr\u00edguez, quien adelant\u00f3 que el jefe de Estado comenzar\u00e1 a leer a las 10:45 de la ma\u00f1ana en el Sal\u00f3n Las Cari\u00e1tides, para de esa forma concluir la marat\u00f3nica de mil horas de lectura ininterrumpida.<\/span><\/p>\n<p><span class=\"text1noticias\">Explic\u00f3 que en el marat\u00f3n, auspiciado por el Ministerio que dirige, participan unos 863 j\u00f3venes que leen textos de la Constituci\u00f3n dominicana y de la Biblia en voz alta en los municipios del pa\u00eds, para que la Rep\u00fablica Dominicana entre a los r\u00e9cord Guinness como el pa\u00eds que m\u00e1s lee en el mundo.<\/span><\/p>\n<p><span class=\"text1noticias\">El funcionario manifest\u00f3 que al momento los lectores, de los cuales el 87 por ciento son f\u00e9minas, han le\u00eddo 927 horas en 144 de los 155 municipios del territorio nacional.  Cit\u00f3 que la Biblia se ha le\u00eddo ya en 10 ocasiones y la Constituci\u00f3n 210, por un grupo de 863 j\u00f3venes.<\/span><\/p>\n<p><span class=\"text1noticias\">Rodr\u00edguez precis\u00f3 que el presidente Fern\u00e1ndez juramentar\u00e1, tan pronto ingresemos al r\u00e9cord Guinness al C\u00edrculo de J\u00f3venes Lectores que funcionar\u00e1 en cada uno de los municipios del pa\u00eds para promover la cultura.<\/span><\/p>\n<p><span class=\"text1noticias\">En la rueda de prensa participaron, tambi\u00e9n el viceministro de la Juventud, Jos\u00e9 Alberto Blanco,  y la viceministro de la Presidencia, licenciada Sandra Severino<\/span>.<\/p>\n<h6> 2012-03-30 17:13:49 <\/h6>\n<p><!--\n<link rel=\"stylesheet\" href=\"css\/bootstrap.min.css\">\n\n\n<ul class=\"pagination\">\n\t    \n\t\n\n<li >\n\t<a href='?page_no=17662'>Previous<\/a>\n\t<\/li>\n\n\n       \n    \n\n<li><a href='?page_no=1'>1<\/a><\/li>\n\n\n\n<li><a href='?page_no=2'>2<\/a><\/li>\n\n\n\n<li><a>...<\/a><\/li>\n\n\n\n<li><a href='?page_no=17661'>17661<\/a><\/li>\n\n\n\n<li><a href='?page_no=17662'>17662<\/a><\/li>\n\n\n\n<li class='active'><a>17663<\/a><\/li>\n\n\n\n<li><a href='?page_no=17664'>17664<\/a><\/li>\n\n\n\n<li><a href='?page_no=17665'>17665<\/a><\/li>\n\n\n\n<li><a>...<\/a><\/li>\n\n\n\n<li><a href='?page_no=22911'>22911<\/a><\/li>\n\n\n\n<li><a href='?page_no=22912'>22912<\/a><\/li>\n\n    \n\t\n\n<li >\n\t<a href='?page_no=17664'>Next<\/a>\n\t<\/li>\n\n\n    \n\n<li><a href='?page_no=22912'>Last &rsaquo;&rsaquo;<\/a><\/li>\n\n<\/ul>\n\n\n--><br \/>\n<\/body><\/p>\n","protected":false},"excerpt":{"rendered":"<p>1:10 pm, Santo Domingo, RD, 30 marzo.- El presidente de la Rep\u00fablica, doctor Leonel Fern\u00e1ndez, concluir\u00e1 el pr\u00f3ximo lunes el II Marat\u00f3n Juvenil de Lectura \u00abPor amor a Dios y a la Patria\u00bb, leyendo en voz alta en el Palacio Nacional 15 minutos de uno de los textos de la Constituci\u00f3n de la Rep\u00fablica. As\u00ed [&hellip;]<\/p>\n","protected":false},"author":3,"featured_media":0,"comment_status":"open","ping_status":"open","sticky":false,"template":"","format":"standard","meta":{"footnotes":""},"categories":[21],"tags":[],"class_list":["post-65985","post","type-post","status-publish","format-standard","hentry","category-cultura"],"_links":{"self":[{"href":"https:\/\/diariodominicano.com\/index.php?rest_route=\/wp\/v2\/posts\/65985","targetHints":{"allow":["GET"]}}],"collection":[{"href":"https:\/\/diariodominicano.com\/index.php?rest_route=\/wp\/v2\/posts"}],"about":[{"href":"https:\/\/diariodominicano.com\/index.php?rest_route=\/wp\/v2\/types\/post"}],"author":[{"embeddable":true,"href":"https:\/\/diariodominicano.com\/index.php?rest_route=\/wp\/v2\/users\/3"}],"replies":[{"embeddable":true,"href":"https:\/\/diariodominicano.com\/index.php?rest_route=%2Fwp%2Fv2%2Fcomments&post=65985"}],"version-history":[{"count":0,"href":"https:\/\/diariodominicano.com\/index.php?rest_route=\/wp\/v2\/posts\/65985\/revisions"}],"wp:attachment":[{"href":"https:\/\/diariodominicano.com\/index.php?rest_route=%2Fwp%2Fv2%2Fmedia&parent=65985"}],"wp:term":[{"taxonomy":"category","embeddable":true,"href":"https:\/\/diariodominicano.com\/index.php?rest_route=%2Fwp%2Fv2%2Fcategories&post=65985"},{"taxonomy":"post_tag","embeddable":true,"href":"https:\/\/diariodominicano.com\/index.php?rest_route=%2Fwp%2Fv2%2Ftags&post=65985"}],"curies":[{"name":"wp","href":"https:\/\/api.w.org\/{rel}","templated":true}]}}