{"id":659844,"date":"2026-01-12T23:37:23","date_gmt":"2026-01-13T03:37:23","guid":{"rendered":"https:\/\/diariodominicano.com\/?p=659844"},"modified":"2026-01-13T01:14:37","modified_gmt":"2026-01-13T05:14:37","slug":"arribaran-a-cuba-restos-mortales-de-combatientes-caidos-en-venezuela","status":"publish","type":"post","link":"https:\/\/diariodominicano.com\/?p=659844","title":{"rendered":"Arribar\u00e1n a Cuba restos mortales de combatientes ca\u00eddos en Venezuela"},"content":{"rendered":"\n<p>La Habana, 12 ene (Prensa Latina) El gobierno de Cuba anunci\u00f3 hoy que el pr\u00f3ximo jueves arribar\u00e1n a esta capital los restos mortales de los 32 combatientes cubanos ca\u00eddos en defensa de Venezuela, los cuales recibir\u00e1n homenaje p\u00f3stumo.<\/p>\n\n\n\n<ul class=\"wp-block-list\">\n<li><a href=\"https:\/\/www.prensa-latina.cu\/2026\/01\/12\/\"><time>enero 12, 2026 | 20:51<\/time><\/a><\/li>\n<\/ul>\n\n\n\n<ul class=\"wp-block-list\">\n<li><a href=\"https:\/\/www.prensa-latina.cu\/2026\/01\/12\/arribaran-a-cuba-restos-mortales-de-combatientes-caidos-en-venezuela\/#\"><\/a><\/li>\n\n\n\n<li><a href=\"https:\/\/www.prensa-latina.cu\/2026\/01\/12\/arribaran-a-cuba-restos-mortales-de-combatientes-caidos-en-venezuela\/#\"><\/a><\/li>\n\n\n\n<li><a href=\"https:\/\/www.prensa-latina.cu\/2026\/01\/12\/arribaran-a-cuba-restos-mortales-de-combatientes-caidos-en-venezuela\/#\"><\/a><\/li>\n\n\n\n<li><a href=\"https:\/\/www.prensa-latina.cu\/2026\/01\/12\/arribaran-a-cuba-restos-mortales-de-combatientes-caidos-en-venezuela\/#\"><\/a><\/li>\n<\/ul>\n\n\n\n<p>De acuerdo con una nota oficial divulgada este lunes, \u00aben ceremonia militar en el aeropuerto internacional Jos\u00e9 Mart\u00ed\u00bb ser\u00e1n recibidos los f\u00e9retros de los h\u00e9roes y m\u00e1rtires que fallecieron \u00abheroicamente durante el criminal ataque perpetrado por el gobierno de los Estados Unidos contra la hermana Rep\u00fablica Bolivariana de Venezuela\u00bb.<\/p>\n\n\n\n<p>Despu\u00e9s, agrega la notificaci\u00f3n, se trasladar\u00e1n por la avenida Rancho Boyeros hasta la sede del Ministerio de las Fuerzas Armadas Revolucionarias y durante el trayecto \u00abuna representaci\u00f3n del pueblo, concentrado en ambos lados de la v\u00eda, rendir\u00e1 honores a los ca\u00eddos\u00bb.<\/p>\n\n\n\n<p>\u00abA partir de las 10.00 horas del propio d\u00eda 15 de enero comenzar\u00e1 el acceso de la poblaci\u00f3n a la sede del Ministerio de las Fuerzas Armadas Revolucionarias, donde estar\u00e1n expuestos los restos mortales de nuestros combatientes\u00bb, precisa el texto.<\/p>\n\n\n\n<p>A\u00f1ade, asimismo, que el venidero viernes, \u00aba las 07.30 horas, los habaneros se concentrar\u00e1n en la Tribuna Antimperialista Jos\u00e9 Mart\u00ed para realizar el acto que dar\u00e1 inicio a la Marcha del Pueblo Combatiente, como reafirmaci\u00f3n del compromiso con la Patria\u00bb.<\/p>\n\n\n\n<p>Ese propio d\u00eda, se realizar\u00e1n ceremonias de homenaje en todas las cabeceras provinciales, ser\u00e1n inhumados en los panteones de los Ca\u00eddos por la Defensa de sus respectivas localidades y en todos los municipios del pa\u00eds efectuar\u00e1n actos de homenaje p\u00f3stumo, se\u00f1ala la notificaci\u00f3n oficial.<\/p>\n\n\n\n<p>arc\/raj<\/p>\n\n\n\n<ul class=\"wp-block-list\">\n<li>#<a href=\"https:\/\/www.prensa-latina.cu\/etiqueta\/cuba\/\">cuba<\/a>\u00a0#<a href=\"https:\/\/www.prensa-latina.cu\/etiqueta\/estadosunidos\/\">EstadosUNidos<\/a>\u00a0#<a href=\"https:\/\/www.prensa-latina.cu\/etiqueta\/venezuela\/\">Venezuela<\/a><\/li>\n<\/ul>\n","protected":false},"excerpt":{"rendered":"<p>La Habana, 12 ene (Prensa Latina) El gobierno de Cuba anunci\u00f3 hoy que el pr\u00f3ximo jueves arribar\u00e1n a esta capital los restos mortales de los 32 combatientes cubanos ca\u00eddos en defensa de Venezuela, los cuales recibir\u00e1n homenaje p\u00f3stumo. De acuerdo con una nota oficial divulgada este lunes, \u00aben ceremonia militar en el aeropuerto internacional Jos\u00e9 [&hellip;]<\/p>\n","protected":false},"author":2,"featured_media":659845,"comment_status":"closed","ping_status":"closed","sticky":false,"template":"","format":"standard","meta":{"footnotes":""},"categories":[26,23],"tags":[3100],"class_list":["post-659844","post","type-post","status-publish","format-standard","has-post-thumbnail","hentry","category-efemerides","category-internacional","tag-cuba"],"_links":{"self":[{"href":"https:\/\/diariodominicano.com\/index.php?rest_route=\/wp\/v2\/posts\/659844","targetHints":{"allow":["GET"]}}],"collection":[{"href":"https:\/\/diariodominicano.com\/index.php?rest_route=\/wp\/v2\/posts"}],"about":[{"href":"https:\/\/diariodominicano.com\/index.php?rest_route=\/wp\/v2\/types\/post"}],"author":[{"embeddable":true,"href":"https:\/\/diariodominicano.com\/index.php?rest_route=\/wp\/v2\/users\/2"}],"replies":[{"embeddable":true,"href":"https:\/\/diariodominicano.com\/index.php?rest_route=%2Fwp%2Fv2%2Fcomments&post=659844"}],"version-history":[{"count":1,"href":"https:\/\/diariodominicano.com\/index.php?rest_route=\/wp\/v2\/posts\/659844\/revisions"}],"predecessor-version":[{"id":659846,"href":"https:\/\/diariodominicano.com\/index.php?rest_route=\/wp\/v2\/posts\/659844\/revisions\/659846"}],"wp:featuredmedia":[{"embeddable":true,"href":"https:\/\/diariodominicano.com\/index.php?rest_route=\/wp\/v2\/media\/659845"}],"wp:attachment":[{"href":"https:\/\/diariodominicano.com\/index.php?rest_route=%2Fwp%2Fv2%2Fmedia&parent=659844"}],"wp:term":[{"taxonomy":"category","embeddable":true,"href":"https:\/\/diariodominicano.com\/index.php?rest_route=%2Fwp%2Fv2%2Fcategories&post=659844"},{"taxonomy":"post_tag","embeddable":true,"href":"https:\/\/diariodominicano.com\/index.php?rest_route=%2Fwp%2Fv2%2Ftags&post=659844"}],"curies":[{"name":"wp","href":"https:\/\/api.w.org\/{rel}","templated":true}]}}