{"id":65984,"date":"2012-03-30T17:26:13","date_gmt":"2012-03-30T17:26:13","guid":{"rendered":"http:\/\/diariodominicano.ddns.net\/?p=65984"},"modified":"2012-03-30T17:26:13","modified_gmt":"2012-03-30T17:26:13","slug":"dpd-y-bijrd-presentan-ii-festival-internacional-de-cuentacuentos","status":"publish","type":"post","link":"https:\/\/diariodominicano.com\/?p=65984","title":{"rendered":"DPD y BIJRD presentan II Festival Internacional de Cuentacuentos"},"content":{"rendered":"<p><body><\/p>\n<p><img decoding=\"async\" src=\"img3\/Festival de Cuentacuentos.JPG\" \/>  <\/p>\n<p><span class=\"text1noticias\">Con el lema \u00abPalabras de amor a trav\u00e9s de los cuentos\u00bb, la BIJRD vuelve a vestirse de gala para convertirse en la sede del evento literario y cultural, en ocasi\u00f3n de celebrarse el 2 de abril el D\u00eda Mundial del Libro Infantil y Juvenil.<\/span><\/p>\n<\/p>\n<p><span class=\"text1noticias\">1:25 pm, Santo Domingo, RD, 30 marzo.- El Despacho de la Primera Dama y la Biblioteca Infantil y Juvenil Rep\u00fablica Dominicana (BIJRD) llevar\u00e1n a cabo del 10 al 14 de abril el II Festival Internacional de Cuentacuentos.<\/span><\/p>\n<p><span class=\"text1noticias\">Este a\u00f1o escritores de literatura para los m\u00e1s j\u00f3venes y cuentacuentos de Brasil, Estados Unidos, Colombia, Uruguay, Cuba y Rep\u00fablica Dominicana, deleitar\u00e1n a grandes y peque\u00f1os con narraciones de cuentos, talleres, charlas y conferencias acerca de c\u00f3mo cultivar el amor por la lectura a temprana edad y la importancia de contar cuentos a los ni\u00f1os, entre otros.<\/span><\/p>\n<p><span class=\"text1noticias\">Con el lema \u00abPalabras de amor a trav\u00e9s de los cuentos\u00bb, la BIJRD vuelve a vestirse de gala para convertirse en la sede del evento literario y cultural en ocasi\u00f3n de celebrarse el 2 de abril el D\u00eda Mundial del Libro Infantil y Juvenil.<\/span><\/p>\n<p><span class=\"text1noticias\">En esta II edici\u00f3n, el Festival Internacional de Cuentacuentos llegar\u00e1 hasta los Centros Tecnol\u00f3gicos de Villa Altagracia, Haina, Boca Chica, La Victoria y Villa Mella; adem\u00e1s visitar\u00e1 la Biblioteca Villa Duarte, Biblioteca Comunitaria Guaricanos y la Biblioteca del Centro Cultural Mauricio B\u00e1ez, en Villa Juana.<\/span><\/p>\n<p><span class=\"text1noticias\">En estas sub-sedes los escritores invitados impartir\u00e1n acciones formativas para maestros, activistas culturales, cuenteros, padres y bibliotecarios. As\u00ed mismo contaran cuentos a los ni\u00f1os y ni\u00f1as de esas comunidades.<\/span><\/p>\n<p><span class=\"text1noticias\">D\u00eda Mundial del Libro Infantil y Juvenil<\/span><\/p>\n<p><span class=\"text1noticias\">Por iniciativa de la Organizaci\u00f3n Internacional para el Libro Juvenil (IBBY), el d\u00eda 2 de abril ha sido se\u00f1alado desde 1962 como \u00abD\u00eda Mundial del Libro Infantil y Juvenil\u00bb, fecha que coincide con el natalicio del famoso escritor dan\u00e9s Hans Christian Andersen, conocido por  generaciones gracias a sus famoso cuentos dirigido a los m\u00e1s peque\u00f1os, entre ellos \u00abEl patito feo\u00bb, \u00abLa sirenita\u00bb, \u00abEl soldadito de plomo\u00bb, y otros. <\/span><\/p>\n<p><span class=\"text1noticias\">En su honor se concede cada dos a\u00f1os, desde 1956, el premio Hans Christian Andersen de literatura infantil<\/span>. <\/p>\n<h6> 2012-03-30 17:26:13 <\/h6>\n<p><!--\n<link rel=\"stylesheet\" href=\"css\/bootstrap.min.css\">\n\n\n<ul class=\"pagination\">\n\t    \n\t\n\n<li >\n\t<a href='?page_no=17661'>Previous<\/a>\n\t<\/li>\n\n\n       \n    \n\n<li><a href='?page_no=1'>1<\/a><\/li>\n\n\n\n<li><a href='?page_no=2'>2<\/a><\/li>\n\n\n\n<li><a>...<\/a><\/li>\n\n\n\n<li><a href='?page_no=17660'>17660<\/a><\/li>\n\n\n\n<li><a href='?page_no=17661'>17661<\/a><\/li>\n\n\n\n<li class='active'><a>17662<\/a><\/li>\n\n\n\n<li><a href='?page_no=17663'>17663<\/a><\/li>\n\n\n\n<li><a href='?page_no=17664'>17664<\/a><\/li>\n\n\n\n<li><a>...<\/a><\/li>\n\n\n\n<li><a href='?page_no=22911'>22911<\/a><\/li>\n\n\n\n<li><a href='?page_no=22912'>22912<\/a><\/li>\n\n    \n\t\n\n<li >\n\t<a href='?page_no=17663'>Next<\/a>\n\t<\/li>\n\n\n    \n\n<li><a href='?page_no=22912'>Last &rsaquo;&rsaquo;<\/a><\/li>\n\n<\/ul>\n\n\n--><br \/>\n<\/body><\/p>\n","protected":false},"excerpt":{"rendered":"<p>Con el lema \u00abPalabras de amor a trav\u00e9s de los cuentos\u00bb, la BIJRD vuelve a vestirse de gala para convertirse en la sede del evento literario y cultural, en ocasi\u00f3n de celebrarse el 2 de abril el D\u00eda Mundial del Libro Infantil y Juvenil. 1:25 pm, Santo Domingo, RD, 30 marzo.- El Despacho de la [&hellip;]<\/p>\n","protected":false},"author":3,"featured_media":0,"comment_status":"open","ping_status":"open","sticky":false,"template":"","format":"standard","meta":{"footnotes":""},"categories":[21],"tags":[],"class_list":["post-65984","post","type-post","status-publish","format-standard","hentry","category-cultura"],"_links":{"self":[{"href":"https:\/\/diariodominicano.com\/index.php?rest_route=\/wp\/v2\/posts\/65984","targetHints":{"allow":["GET"]}}],"collection":[{"href":"https:\/\/diariodominicano.com\/index.php?rest_route=\/wp\/v2\/posts"}],"about":[{"href":"https:\/\/diariodominicano.com\/index.php?rest_route=\/wp\/v2\/types\/post"}],"author":[{"embeddable":true,"href":"https:\/\/diariodominicano.com\/index.php?rest_route=\/wp\/v2\/users\/3"}],"replies":[{"embeddable":true,"href":"https:\/\/diariodominicano.com\/index.php?rest_route=%2Fwp%2Fv2%2Fcomments&post=65984"}],"version-history":[{"count":0,"href":"https:\/\/diariodominicano.com\/index.php?rest_route=\/wp\/v2\/posts\/65984\/revisions"}],"wp:attachment":[{"href":"https:\/\/diariodominicano.com\/index.php?rest_route=%2Fwp%2Fv2%2Fmedia&parent=65984"}],"wp:term":[{"taxonomy":"category","embeddable":true,"href":"https:\/\/diariodominicano.com\/index.php?rest_route=%2Fwp%2Fv2%2Fcategories&post=65984"},{"taxonomy":"post_tag","embeddable":true,"href":"https:\/\/diariodominicano.com\/index.php?rest_route=%2Fwp%2Fv2%2Ftags&post=65984"}],"curies":[{"name":"wp","href":"https:\/\/api.w.org\/{rel}","templated":true}]}}