{"id":65983,"date":"2012-03-30T19:12:37","date_gmt":"2012-03-30T19:12:37","guid":{"rendered":"http:\/\/diariodominicano.ddns.net\/?p=65983"},"modified":"2012-03-30T19:12:37","modified_gmt":"2012-03-30T19:12:37","slug":"leonel-fernandez-participara-en-el-cierre-de-maraton-de-lectura","status":"publish","type":"post","link":"https:\/\/diariodominicano.com\/?p=65983","title":{"rendered":"Leonel Fern\u00e1ndez participar\u00e1 en el cierre de marat\u00f3n de lectura"},"content":{"rendered":"<p><body><\/p>\n<p><span class=\"text1noticias\">Santo Domingo RD 30 marzo (3:09 pm).- El presidente Leonel Fern\u00e1ndez leer\u00e1 el pr\u00f3ximo lunes los \u00faltimos 15 minutos que completar\u00e1n las mil horas de lectura ininterrumpida en voz alta de la segunda jornada del \u00abMarat\u00f3n Juvenil de Lectura\u00bb denominado \u00abPor amor a Dios y a la Patria\u00bb.<\/span><\/p>\n<\/p>\n<p><span class=\"text1noticias\">El anuncio lo hizo el ministro de la Juventud, Franklin Rodr\u00edguez en rueda de prensa, en el Palacio Nacional.<\/span><\/p>\n<\/p>\n<p><span class=\"text1noticias\">Rodr\u00edguez indic\u00f3 que Fern\u00e1ndez leer\u00e1 a las 10:45 de la ma\u00f1ana la Constituci\u00f3n de la Rep\u00fablica para concluir la jornada a las 11:00 de la ma\u00f1ana. El acto ser\u00e1 realizado en el sal\u00f3n Las Cari\u00e1tides de la Casa de Gobierno y contar\u00e1 con la presencia de la juez designada por Guiness que otorgar\u00e1 a la Rep\u00fablica Dominicana un nuevo r\u00e9cord como el pa\u00eds que m\u00e1s lee del todo el mundo.<\/span><\/p>\n<\/p>\n<p><span class=\"text1noticias\">El ministro de la Juventud sostuvo que el jefe de Estado tomar\u00e1 participaci\u00f3n en la jornada de cierre del marat\u00f3n para estimular a leer a los j\u00f3venes del pa\u00eds y del mundo.<\/span><\/p>\n<\/p>\n<p><span class=\"text1noticias\">Fern\u00e1ndez tambi\u00e9n tomar\u00e1 juramento a los 930 j\u00f3venes que han le\u00eddo en 145 municipios  desde que inici\u00f3 el marat\u00f3n en Pedernales el pasado 20 de febrero.<\/span><\/p>\n<\/p>\n<p><span class=\"text1noticias\">Los juramentados ser\u00e1n los responsables de seguir promoviendo la lectura en cada una de sus demarcaciones.(AD)<\/span>.<\/p>\n<\/p>\n<\/p>\n<h6> 2012-03-30 19:12:37 <\/h6>\n<p><!--\n<link rel=\"stylesheet\" href=\"css\/bootstrap.min.css\">\n\n\n<ul class=\"pagination\">\n\t    \n\t\n\n<li >\n\t<a href='?page_no=17660'>Previous<\/a>\n\t<\/li>\n\n\n       \n    \n\n<li><a href='?page_no=1'>1<\/a><\/li>\n\n\n\n<li><a href='?page_no=2'>2<\/a><\/li>\n\n\n\n<li><a>...<\/a><\/li>\n\n\n\n<li><a href='?page_no=17659'>17659<\/a><\/li>\n\n\n\n<li><a href='?page_no=17660'>17660<\/a><\/li>\n\n\n\n<li class='active'><a>17661<\/a><\/li>\n\n\n\n<li><a href='?page_no=17662'>17662<\/a><\/li>\n\n\n\n<li><a href='?page_no=17663'>17663<\/a><\/li>\n\n\n\n<li><a>...<\/a><\/li>\n\n\n\n<li><a href='?page_no=22911'>22911<\/a><\/li>\n\n\n\n<li><a href='?page_no=22912'>22912<\/a><\/li>\n\n    \n\t\n\n<li >\n\t<a href='?page_no=17662'>Next<\/a>\n\t<\/li>\n\n\n    \n\n<li><a href='?page_no=22912'>Last &rsaquo;&rsaquo;<\/a><\/li>\n\n<\/ul>\n\n\n--><br \/>\n<\/body><\/p>\n","protected":false},"excerpt":{"rendered":"<p>Santo Domingo RD 30 marzo (3:09 pm).- El presidente Leonel Fern\u00e1ndez leer\u00e1 el pr\u00f3ximo lunes los \u00faltimos 15 minutos que completar\u00e1n las mil horas de lectura ininterrumpida en voz alta de la segunda jornada del \u00abMarat\u00f3n Juvenil de Lectura\u00bb denominado \u00abPor amor a Dios y a la Patria\u00bb. El anuncio lo hizo el ministro de [&hellip;]<\/p>\n","protected":false},"author":3,"featured_media":0,"comment_status":"open","ping_status":"open","sticky":false,"template":"","format":"standard","meta":{"footnotes":""},"categories":[21],"tags":[],"class_list":["post-65983","post","type-post","status-publish","format-standard","hentry","category-cultura"],"_links":{"self":[{"href":"https:\/\/diariodominicano.com\/index.php?rest_route=\/wp\/v2\/posts\/65983","targetHints":{"allow":["GET"]}}],"collection":[{"href":"https:\/\/diariodominicano.com\/index.php?rest_route=\/wp\/v2\/posts"}],"about":[{"href":"https:\/\/diariodominicano.com\/index.php?rest_route=\/wp\/v2\/types\/post"}],"author":[{"embeddable":true,"href":"https:\/\/diariodominicano.com\/index.php?rest_route=\/wp\/v2\/users\/3"}],"replies":[{"embeddable":true,"href":"https:\/\/diariodominicano.com\/index.php?rest_route=%2Fwp%2Fv2%2Fcomments&post=65983"}],"version-history":[{"count":0,"href":"https:\/\/diariodominicano.com\/index.php?rest_route=\/wp\/v2\/posts\/65983\/revisions"}],"wp:attachment":[{"href":"https:\/\/diariodominicano.com\/index.php?rest_route=%2Fwp%2Fv2%2Fmedia&parent=65983"}],"wp:term":[{"taxonomy":"category","embeddable":true,"href":"https:\/\/diariodominicano.com\/index.php?rest_route=%2Fwp%2Fv2%2Fcategories&post=65983"},{"taxonomy":"post_tag","embeddable":true,"href":"https:\/\/diariodominicano.com\/index.php?rest_route=%2Fwp%2Fv2%2Ftags&post=65983"}],"curies":[{"name":"wp","href":"https:\/\/api.w.org\/{rel}","templated":true}]}}