{"id":65976,"date":"2012-04-01T11:43:25","date_gmt":"2012-04-01T11:43:25","guid":{"rendered":"http:\/\/diariodominicano.ddns.net\/?p=65976"},"modified":"2012-04-01T11:43:25","modified_gmt":"2012-04-01T11:43:25","slug":"entrevista-a-delia-blanco-coloquio-sobre-senghor-29-y-30-de-marzo-en-funglode","status":"publish","type":"post","link":"https:\/\/diariodominicano.com\/?p=65976","title":{"rendered":"Entrevista a Delia Blanco Coloquio sobre SENGHOR, 29 y 30 de marzo en FUNGLODE&#13;"},"content":{"rendered":"<p><body><\/p>\n<\/p>\n<p><span class=\"text1noticias\">Maribel N\u00fa\u00f1ez <\/span><\/p>\n<p><span class=\"text1noticias\">maribelnunezvaldez@yahoo.com<\/span><\/p>\n<p><span class=\"text1noticias\"> <\/span><\/p>\n<\/p>\n<p><span class=\"text1noticias\">para destinatarios no revelados<\/span><\/p>\n<\/p>\n<p><span class=\"text1noticias\">No se muestran las im\u00e1genes. Mostrar las im\u00e1genes a continuaci\u00f3n &#8211; Mostrar siempre im\u00e1genes de maribelnunezvaldez@yahoo.com<\/span><\/p>\n<\/p>\n<p><span class=\"text1noticias\">Por a\u00f1os sigo a Delia Blanco , doctora en Letras y Antropolog\u00eda de la Universidad Soborna , Paris IV, cr\u00edtica de arte y mujer comprometida con las mejores causas, la solidaridad entre los pueblos y su inconmensurable respeto por la diversidad, por eso la leo, voy a los coloquios y conferencias que organiza y para motivarte a ti a que sea integrante activo de los importantes temas que nos comparte, he querido traerte a la Sra. Blanco en esta entrevista, ella nos invita a que la acompa\u00f1emos a partir de ma\u00f1ana jueves 29 y viernes 30 de marzo en el coloquio sobre el poeta y humanista Leopold Sedar Senghor en la Fundaci\u00f3n Global , 7:00 p.m., leamos:<\/span><\/p>\n<p><span class=\"text1noticias\"> <\/span><\/p>\n<p><span class=\"text1noticias\">(mn)Desde hace unos a\u00f1os vienes organizando seminarios, conferencias y coloquios  sobre Aim\u00e9 C\u00e9saire y Leopold Sedar Senghor, intelectuales que desde Francia crearon los conceptos y movimientos en torno a la negritud. \u00bfDime que te mueve a hacerlo? \u00bfEn tantos a\u00f1os podr\u00edamos hablar de cambios de opiniones en R.D. sobre este tema y en torno a las relaciones con el Caribe Franc\u00e9s \u00f3 los intelectuales que promovieron el movimiento de la negritud?<\/span><\/p>\n<p><span class=\"text1noticias\"> <\/span><\/p>\n<p><span class=\"text1noticias\"> El trabajo  que  cumplo en torno a la&#8230;. n\u00e9gritude, responde a mis  principios de ciudadana del  mundo, que tuvo la suerte de recibir una educaci\u00f3n con los fundamentos de la igualdad, la libertad  y la fraternidad, palabras que tom\u00e9  muy en serio desde  mi infancia y que me ayudaron a pensar y a posicionarme en la vida.<\/span><\/p>\n<p><span class=\"text1noticias\">Desde muy temprano me apasion\u00e9 por la diversidad del continente africano y por el potencial creativo de esta civilizaci\u00f3n. En los caf\u00e9s de  Paris, despu\u00e9s  de mis clases en  La Sorbonne, pas\u00e9 horas y horas acompa\u00f1ada de estudiantes de Senegal y de Martinica y Guyane y Guadalupe que me abrieron las puertas de su  mundo maravilloso y me  liberaron del occidentalismo. Me siento  muy agradecida que tanto Glissant (\u00c9douard), como Confiant (Rapha\u00ebl), Juminer (Bert\u00e8ne) , Ina Cesaire, Patricia Lumumba, me integraran como una hermana en el pensamiento y me  introdujeran en los valores  \u00e9ticos, est\u00e9ticos y pol\u00edticos de la  n\u00e9gritude.<\/span><\/p>\n<p><span class=\"text1noticias\">Pero todo esto lo logr\u00e9 a trav\u00e9s de muchas  lecturas, de muchos seminarios y coloquios y cursos especializados  en   la Escuela Superior de  Altos  Estudios de  Paris.<\/span><\/p>\n<p><span class=\"text1noticias\">Lo que todav\u00eda me mueve, es que en los a\u00f1os  noventa recib\u00ed  mucho apoyo, siendo responsable de cultura en la Fundaci\u00f3n cultural de los pueblos de \u00c1frica  Caribe y Pac\u00edfico A.C.P y entend\u00ed que la africanidad y la negritud est\u00e1n  m\u00e1s  all\u00e1 de  \u00c1frica y es m\u00e1s  que \u00c1frica, es toda  la historia humana, desplazada por el mundo, es una manera de  pensar el mundo en un concierto de paz , entendimiento, tolerancia y  perd\u00f3n , sin olvido&#8230;.<\/span><\/p>\n<p><span class=\"text1noticias\">La n\u00e9gritude&#8230;es el primer humanismo de reconciliaci\u00f3n y de integraci\u00f3n, valores esenciales  para la paz y la convivencia.<\/span><\/p>\n<p><span class=\"text1noticias\">\u00c1frica del Sur sale del apartheid, porque Mandela y su pueblo perdonaron&#8230;.y  lucharon. Los derechos c\u00edvicos en Estados Unidos, se deben a Martin  Luther King&#8230;<\/span><\/p>\n<p><span class=\"text1noticias\">En el pensamiento universal CESAIRE  Y  SENGHOR permitieron el di\u00e1logo en los momentos de crisis  profunda en los a\u00f1os de  la descolonizaci\u00f3n y fueron edificadores y constructores de diversidad  y convivencia, maestros visionarios y anticipadores, profetas el di\u00e1logo universal.<\/span><\/p>\n<p><span class=\"text1noticias\">Pero  hoy, a pesar de estos pensadores, a pesar de las leyes que condenan la violencia, el racismo, la discriminaci\u00f3n tenemos  que seguir  luchando con los principios, senghorianos, cesairianos porque no podemos tolerar frente a los desaf\u00edos del  siglo veinte, que  perdure en la civilizaci\u00f3n  humana la discriminaci\u00f3n.<\/span><\/p>\n<p><span class=\"text1noticias\">Tenemos que mantenernos firmes  y militantes, frente a toda tentaci\u00f3n y acci\u00f3n racista, el pensamiento de la n\u00e9gritude, nos permite  educar, y llevar un conocimiento de tolerancia, por eso sigo comprometida  con este concepto, porque me permite luchar.<\/span><\/p>\n<p><span class=\"text1noticias\">La sociedad  dominicana ha avanzado mucho gracias  a la generaci\u00f3n de los ochenta que poco a poco fue introduciendo en la sociedad los valores de la tolerancia y tambi\u00e9n, gracias a todo el movimiento de los artistas alternativos que han defendido los valores de la negritud en  Rep\u00fablica  Dominicana. Ser\u00eda muy bueno un  d\u00eda hacer un balance de todo este trabajo que ha permitido el reconocimiento de los Congos de Villa  Mella, de los  Guloyas, es el resultado de varias generaciones donde encontramos  a militantes de la identidad como Luis  Dias, Xiomara  Fortuna, Dar\u00edo Solano y tantos m\u00e1s, Carlos Andujar cuyos trabajos ofrecen  al  mundo la cultura afrocaribe\u00f1a, desde la perspectiva  dominicana. Hemos avanzado pero todav\u00eda, queda  mucho&#8230;..<\/span><\/p>\n<p><span class=\"text1noticias\">Cada  vez  tenemos relaciones m\u00e1s abiertas y din\u00e1micas con el Caribe franc\u00f3fono, resultado de un puente abierto desde la Uasd (Universidad Aut\u00f3noma de Santo Domingo) en  los a\u00f1os ochenta con la Universidad de Antillas Guyane y gracias al acercamiento cient\u00edfico y educativo promovido por el  Ministerio de  Educaci\u00f3n Superior  que favorece y fortalece los lazos  cient\u00edficos con las universidades franc\u00f3fonas y francesas. Pero tambi\u00e9n gracias al Ministerio de  Educaci\u00f3n  Secundaria, que se implica  en la capacitaci\u00f3n de maestros y profesores de lengua francesa, lo que permite mayor acercamiento entre las sociedades y el pensamiento<\/span><\/p>\n<p><span class=\"text1noticias\"> <\/span><\/p>\n<p><span class=\"text1noticias\">(mn)\u00bfCrees t\u00fa que ser\u00eda importante que desde plataformas como el Estado, ya sea el Ministerio de Cultura \u00f3 de Educaci\u00f3n asumieran esta bandera de la negritud y el trabajo o educaci\u00f3n para educar a la poblaci\u00f3n dominicana (compuesta en su mayor\u00eda por mulatos y negros) sobre la importancia de la negritud como movimiento social y cultural como medio de promoci\u00f3n de una sociedad libre de racismo.<\/span><\/p>\n<p><span class=\"text1noticias\"> <\/span><\/p>\n<p><span class=\"text1noticias\">La ni\u00f1ez y la  juventud dominicana, necesita mecanismos  pedag\u00f3gicos que le  aporten instrumentos de conocimiento de la civilizaci\u00f3n  afro americana, desde  su especificidad afrocaribe\u00f1a.<\/span><\/p>\n<p><span class=\"text1noticias\">Los libros de texto de lengua, de historia, deben abordar la historia de \u00c1frica, contempor\u00e1nea y universal y los autores deben de ser estudiados en los programas de tal manera que un bachiller dominicano, tenga una cultura general con los valores  literarios de Senghor, Cesaire (Aim\u00e9), Fanon (Frantz), Guill\u00e9n (Nicol\u00e1s), Glissant (\u00c9douard), Toni Morrisson, Cond\u00e9 (Marys\u00e9), Lovelace (Earl), Naipaul (V.S.), en fin  todos los autores poetas  y novelistas que fortalezcan el conocimiento  y la identidad  en todos  sus matices y variaciones, integrando primero  a nuestros pensadores y autores  como Manuel Rueda, Del Cabral (Manuel), Portalat\u00edn (A\u00edda), Morrisson (Mateo), Norberto  James y tantos  contribuyentes del pensamiento como Franklin Franco, Veloz Maggiollo, Andujar (Carlos) que  nos permiten  abarcar estos  temas desde una perspectiva de la dominicanidad. El conocimiento, la educaci\u00f3n y la cultura son lo que  ayudan a liberarse del racismo, no hay  otra&#8230;<\/span><\/p>\n<p><span class=\"text1noticias\"> <\/span><\/p>\n<p><span class=\"text1noticias\">(mn)Ya tienes muchos a\u00f1os en R.D., ya te veo como dominicana, \u00bfhas observado alguna pr\u00e1ctica racista en la sociedad?<\/span><\/p>\n<p><span class=\"text1noticias\"> <\/span><\/p>\n<p><span class=\"text1noticias\">Hay palabras  que  tenemos  que utilizar  con prudencia y matices yo siempre abundo en mis conferencias demostrando que la naci\u00f3n dominicana no es racista en el sentido estructural e institucional de la palabra, para m\u00ed un Estado racista es  el que se instrumenta de un sistema de leyes, raciales como el apartheid  y la segregaci\u00f3n&#8230;ahora bien la sociedad dominicana, como sociedad  humana puede encontrar en ciertos grupos y ciudadanos, comportamientos y actitudes racistas que son el resultado de una ausencia de pedagog\u00eda y conocimiento cultural. Pero en la  actualidad, creo que hay una gran evoluci\u00f3n, por ejemplo hace quince a\u00f1os, o  menos, nadie me  hubiese hecho estas  preguntas y quiz\u00e1s que  yo tampoco las  hubiese contestado, pero debo decir que desde hace unos diez a\u00f1os, he podido organizar  congresos de autores del pensamiento de la negritude, del Caribe franc\u00f3fono y de \u00c1frica, porque desde los ocho \u00faltimos a\u00f1os  existe una real apertura sobre  estos temas y mucha receptividad en la  juventud  y el estudiantado.<\/span><\/p>\n<p><span class=\"text1noticias\">El racismo m\u00e1s  fuerte que yo siento en Rep\u00fablica Dominicana hoy es el racismo de g\u00e9nero&#8230;.es la violencia contra  al mujer. Es algo que  est\u00e1 vigente d\u00eda tras d\u00eda y que me provoca una indignaci\u00f3n  insostenible&#8230;<\/span><\/p>\n<p><span class=\"text1noticias\"> <\/span><\/p>\n<p><span class=\"text1noticias\"> (mn)\u00bfTe interesar\u00eda organizar alg\u00fan seminario sobre Frantz Fanon y su pensamiento?<\/span><\/p>\n<p><span class=\"text1noticias\"> <\/span><\/p>\n<p><span class=\"text1noticias\">Claro que hay  que hacer un coloquio sobre Frantz Fanon y ya lo estoy  armando&#8230;<\/span><\/p>\n<p><span class=\"text1noticias\"> <\/span><\/p>\n<p><span class=\"text1noticias\">(mn)Nos ha hablado mucho de la francofon\u00eda, \u00bfpor qu\u00e9 piensas que desde la heterogeneidad del Caribe es tan importante compartir con Francia y su cultura?.<\/span><\/p>\n<p><span class=\"text1noticias\"> <\/span><\/p>\n<p><span class=\"text1noticias\">Sobre la francofon\u00eda&#8230; aclaro que la francofon\u00eda no es Francia&#8230; es Francia compartiendo los valores de la diversidad y del multiling\u00fcismo, es Francia  al lado de \u00c1frica, de Qu\u00e9bec, Luisiane, Hait\u00ed, Cambodia, Nueva Caledonia etc&#8230;, etc&#8230; Francia es parte de la francofon\u00eda, y la francofon\u00eda le ofrece a Francia a entrar en di\u00e1logo con el conjunto de los 56 pa\u00edses miembros y los 19 pa\u00edses observadores donde contamos a Rep\u00fablica Dominicana, desde el 2010. Como  movimiento integrador y de di\u00e1logo la francofon\u00eda es un instrumento privilegiado para compartir y reforzar la diversidad y tambi\u00e9n el conocimiento no solo con Francia con Canad\u00e1  a trav\u00e9s del  Qu\u00e9bec y con Luisiana,  Estados Unidos y todas las islas del Caribe franc\u00f3fono&#8230;<\/span><\/p>\n<p><span class=\"text1noticias\">                                                                                                         <\/span><\/p>\n<p><span class=\"text1noticias\">(mn)Que le dir\u00edas a los\/las lectores para que se motivaran a participar del Coloquio sobre el poeta y estadista senegales Leopold Sedar Senghor.<\/span><\/p>\n<p><span class=\"text1noticias\"> <\/span><\/p>\n<p><span class=\"text1noticias\">Invito a todos los lectores a participar los dos d\u00edas de Congreso Senghor  para justamente enriquecernos de todas estas ideas y compartir con un gran poeta de Senegal, quien conoci\u00f3 a Senghor , quien conoci\u00f3 a Cesaire (Aim\u00e9). Hamidou SALL, nuestro invitado especial, gran intelectual africano y responsable de la Francofon\u00eda.<\/span><\/p>\n<p><span class=\"text1noticias\">Contamos  con  todos ustedes porque con la presencia afro caribe\u00f1a, la Francofon\u00eda nos  une  m\u00e1s. (Todos los nombres en par\u00e9ntesis fueron colocados por la entrevistadora).<\/span><\/p>\n<\/p>\n<\/p>\n<\/p>\n<p><span class=\"text1noticias\"> <\/span><\/p>\n<h6> 2012-04-01 11:43:25 <\/h6>\n<p><!--\n<link rel=\"stylesheet\" href=\"css\/bootstrap.min.css\">\n\n\n<ul class=\"pagination\">\n\t    \n\t\n\n<li >\n\t<a href='?page_no=17653'>Previous<\/a>\n\t<\/li>\n\n\n       \n    \n\n<li><a href='?page_no=1'>1<\/a><\/li>\n\n\n\n<li><a href='?page_no=2'>2<\/a><\/li>\n\n\n\n<li><a>...<\/a><\/li>\n\n\n\n<li><a href='?page_no=17652'>17652<\/a><\/li>\n\n\n\n<li><a href='?page_no=17653'>17653<\/a><\/li>\n\n\n\n<li class='active'><a>17654<\/a><\/li>\n\n\n\n<li><a href='?page_no=17655'>17655<\/a><\/li>\n\n\n\n<li><a href='?page_no=17656'>17656<\/a><\/li>\n\n\n\n<li><a>...<\/a><\/li>\n\n\n\n<li><a href='?page_no=22911'>22911<\/a><\/li>\n\n\n\n<li><a href='?page_no=22912'>22912<\/a><\/li>\n\n    \n\t\n\n<li >\n\t<a href='?page_no=17655'>Next<\/a>\n\t<\/li>\n\n\n    \n\n<li><a href='?page_no=22912'>Last &rsaquo;&rsaquo;<\/a><\/li>\n\n<\/ul>\n\n\n--><br \/>\n<\/body><\/p>\n","protected":false},"excerpt":{"rendered":"<p>Maribel N\u00fa\u00f1ez maribelnunezvaldez@yahoo.com para destinatarios no revelados No se muestran las im\u00e1genes. Mostrar las im\u00e1genes a continuaci\u00f3n &#8211; Mostrar siempre im\u00e1genes de maribelnunezvaldez@yahoo.com Por a\u00f1os sigo a Delia Blanco , doctora en Letras y Antropolog\u00eda de la Universidad Soborna , Paris IV, cr\u00edtica de arte y mujer comprometida con las mejores causas, la solidaridad entre [&hellip;]<\/p>\n","protected":false},"author":3,"featured_media":0,"comment_status":"open","ping_status":"open","sticky":false,"template":"","format":"standard","meta":{"footnotes":""},"categories":[21],"tags":[],"class_list":["post-65976","post","type-post","status-publish","format-standard","hentry","category-cultura"],"_links":{"self":[{"href":"https:\/\/diariodominicano.com\/index.php?rest_route=\/wp\/v2\/posts\/65976","targetHints":{"allow":["GET"]}}],"collection":[{"href":"https:\/\/diariodominicano.com\/index.php?rest_route=\/wp\/v2\/posts"}],"about":[{"href":"https:\/\/diariodominicano.com\/index.php?rest_route=\/wp\/v2\/types\/post"}],"author":[{"embeddable":true,"href":"https:\/\/diariodominicano.com\/index.php?rest_route=\/wp\/v2\/users\/3"}],"replies":[{"embeddable":true,"href":"https:\/\/diariodominicano.com\/index.php?rest_route=%2Fwp%2Fv2%2Fcomments&post=65976"}],"version-history":[{"count":0,"href":"https:\/\/diariodominicano.com\/index.php?rest_route=\/wp\/v2\/posts\/65976\/revisions"}],"wp:attachment":[{"href":"https:\/\/diariodominicano.com\/index.php?rest_route=%2Fwp%2Fv2%2Fmedia&parent=65976"}],"wp:term":[{"taxonomy":"category","embeddable":true,"href":"https:\/\/diariodominicano.com\/index.php?rest_route=%2Fwp%2Fv2%2Fcategories&post=65976"},{"taxonomy":"post_tag","embeddable":true,"href":"https:\/\/diariodominicano.com\/index.php?rest_route=%2Fwp%2Fv2%2Ftags&post=65976"}],"curies":[{"name":"wp","href":"https:\/\/api.w.org\/{rel}","templated":true}]}}