{"id":65975,"date":"2012-04-01T19:05:22","date_gmt":"2012-04-01T19:05:22","guid":{"rendered":"http:\/\/diariodominicano.ddns.net\/?p=65975"},"modified":"2012-04-01T19:05:22","modified_gmt":"2012-04-01T19:05:22","slug":"reconocen-periodista-dominicano","status":"publish","type":"post","link":"https:\/\/diariodominicano.com\/?p=65975","title":{"rendered":"Reconocen periodista dominicano"},"content":{"rendered":"<p><body><\/p>\n<p><span class=\"text1noticias\">Bogota, Colombia 1 abril (3:03 pm).-El periodista dominicano Manuel Tejada G\u00f3mez fue reconocido por la Agregadur\u00eda Naval Dominicana en la Rep\u00fablica de Colombia por sus aportes a la unidad de la comunidad dominicana en esa urbe.<\/span><\/p>\n<p><span class=\"text1noticias\"> <\/span><\/p>\n<p><span class=\"text1noticias\">Tejada G\u00f3mez reside en Colombia desde hace cuatro a\u00f1os y es el presidente de la Junta Directiva de la Asociaci\u00f3n de Dominicanos Residentes en Colombia (ADOREC), cargo desde el cual realiza una labor de integraci\u00f3n de todos los criollos que residen all\u00ed.<\/span><\/p>\n<p><span class=\"text1noticias\"> <\/span><\/p>\n<p><span class=\"text1noticias\">El capit\u00e1n de nav\u00edo Juan Gilberto N\u00fa\u00f1ez, ministro consejero y agregado naval de la Rep\u00fablica Dominicana en Colombia, le entreg\u00f3 el escudo de la Marina de Guerra Dominicana, enmarcado, como parte de la celebraci\u00f3n del segundo aniversario de ADOREC.<\/span><\/p>\n<p><span class=\"text1noticias\"> <\/span><\/p>\n<p><span class=\"text1noticias\">\u00abLa verdad que no espera esto, por lo que no encuentro que decir\u00bb,  expres\u00f3 emocionado Tejada G\u00f3mez, para luego darle las gracias a Gilberto N\u00fa\u00f1ez y dedicar el reconocimiento a los dem\u00e1s miembros de la Junta Directiva y a toda la comunidad dominicana residente en Colombia.   <\/span><\/p>\n<p><span class=\"text1noticias\"> <\/span><\/p>\n<p><span class=\"text1noticias\">La Asociaci\u00f3n de Dominicanos Residentes en Colombia que preside Tejada G\u00f3mez fue creada hace dos a\u00f1os y desde entonces se encarga de mantener unidos a los dominicanos que residen aqu\u00ed, defender sus intereses y velar por el mantenimiento de la identidad dominicana entre ellos.(AD)-<\/span>.<\/p>\n<\/p>\n<h6> 2012-04-01 19:05:22 <\/h6>\n<p><!--\n<link rel=\"stylesheet\" href=\"css\/bootstrap.min.css\">\n\n\n<ul class=\"pagination\">\n\t    \n\t\n\n<li >\n\t<a href='?page_no=17652'>Previous<\/a>\n\t<\/li>\n\n\n       \n    \n\n<li><a href='?page_no=1'>1<\/a><\/li>\n\n\n\n<li><a href='?page_no=2'>2<\/a><\/li>\n\n\n\n<li><a>...<\/a><\/li>\n\n\n\n<li><a href='?page_no=17651'>17651<\/a><\/li>\n\n\n\n<li><a href='?page_no=17652'>17652<\/a><\/li>\n\n\n\n<li class='active'><a>17653<\/a><\/li>\n\n\n\n<li><a href='?page_no=17654'>17654<\/a><\/li>\n\n\n\n<li><a href='?page_no=17655'>17655<\/a><\/li>\n\n\n\n<li><a>...<\/a><\/li>\n\n\n\n<li><a href='?page_no=22911'>22911<\/a><\/li>\n\n\n\n<li><a href='?page_no=22912'>22912<\/a><\/li>\n\n    \n\t\n\n<li >\n\t<a href='?page_no=17654'>Next<\/a>\n\t<\/li>\n\n\n    \n\n<li><a href='?page_no=22912'>Last &rsaquo;&rsaquo;<\/a><\/li>\n\n<\/ul>\n\n\n--><br \/>\n<\/body><\/p>\n","protected":false},"excerpt":{"rendered":"<p>Bogota, Colombia 1 abril (3:03 pm).-El periodista dominicano Manuel Tejada G\u00f3mez fue reconocido por la Agregadur\u00eda Naval Dominicana en la Rep\u00fablica de Colombia por sus aportes a la unidad de la comunidad dominicana en esa urbe. Tejada G\u00f3mez reside en Colombia desde hace cuatro a\u00f1os y es el presidente de la Junta Directiva de la [&hellip;]<\/p>\n","protected":false},"author":3,"featured_media":0,"comment_status":"open","ping_status":"open","sticky":false,"template":"","format":"standard","meta":{"footnotes":""},"categories":[21],"tags":[],"class_list":["post-65975","post","type-post","status-publish","format-standard","hentry","category-cultura"],"_links":{"self":[{"href":"https:\/\/diariodominicano.com\/index.php?rest_route=\/wp\/v2\/posts\/65975","targetHints":{"allow":["GET"]}}],"collection":[{"href":"https:\/\/diariodominicano.com\/index.php?rest_route=\/wp\/v2\/posts"}],"about":[{"href":"https:\/\/diariodominicano.com\/index.php?rest_route=\/wp\/v2\/types\/post"}],"author":[{"embeddable":true,"href":"https:\/\/diariodominicano.com\/index.php?rest_route=\/wp\/v2\/users\/3"}],"replies":[{"embeddable":true,"href":"https:\/\/diariodominicano.com\/index.php?rest_route=%2Fwp%2Fv2%2Fcomments&post=65975"}],"version-history":[{"count":0,"href":"https:\/\/diariodominicano.com\/index.php?rest_route=\/wp\/v2\/posts\/65975\/revisions"}],"wp:attachment":[{"href":"https:\/\/diariodominicano.com\/index.php?rest_route=%2Fwp%2Fv2%2Fmedia&parent=65975"}],"wp:term":[{"taxonomy":"category","embeddable":true,"href":"https:\/\/diariodominicano.com\/index.php?rest_route=%2Fwp%2Fv2%2Fcategories&post=65975"},{"taxonomy":"post_tag","embeddable":true,"href":"https:\/\/diariodominicano.com\/index.php?rest_route=%2Fwp%2Fv2%2Ftags&post=65975"}],"curies":[{"name":"wp","href":"https:\/\/api.w.org\/{rel}","templated":true}]}}