{"id":65972,"date":"2012-04-02T13:19:54","date_gmt":"2012-04-02T13:19:54","guid":{"rendered":"http:\/\/diariodominicano.ddns.net\/?p=65972"},"modified":"2012-04-02T13:19:54","modified_gmt":"2012-04-02T13:19:54","slug":"en-cuba-festival-internacional-de-musica-y-poesia-nicolas-guillen","status":"publish","type":"post","link":"https:\/\/diariodominicano.com\/?p=65972","title":{"rendered":"En Cuba Festival Internacional de M\u00fasica y Poes\u00eda Nicol\u00e1s Guill\u00e9n"},"content":{"rendered":"<p><body><\/p>\n<p><img decoding=\"async\" src=\"img3\/cubafestivalguillen.jpg\" \/>  <\/p>\n<p><span class=\"text1noticias\">9:15 am,  La Habana, 2 abr (PL).-  El VIII Coloquio y Festival Internacional de M\u00fasica y Poes\u00eda Nicol\u00e1s Guill\u00e9n Vine en un barco negrero se celebra desde hoy y hasta el pr\u00f3ximo d\u00eda 6 en esta capital, con la presencia de personalidades de m\u00e1s de siete pa\u00edses.<\/span><\/p>\n<\/p>\n<p><span class=\"text1noticias\">Representantes de Colombia, Chile, Argentina, Honduras, Canad\u00e1, Estados Unidos y Cuba -como anfitriona- se dar\u00e1n cita en el Aula Magna de La Universidad de La Habana para la jornada inaugural del evento.<\/span><\/p>\n<\/p>\n<p><span class=\"text1noticias\">Dedicada a homenajear el aniversario 110 del natalicio del Poeta Nacional Nicol\u00e1s Guill\u00e9n (1902-1989), la cita tambi\u00e9n conmemorar\u00e1 el bicentenario de la Conspiraci\u00f3n de Aponte (1812), y el centenario de la brutal represi\u00f3n a los Independientes de Color.<\/span><\/p>\n<\/p>\n<p><span class=\"text1noticias\">La Conspiraci\u00f3n de Aponte fue un movimiento abolicionista de la esclavitud, dirigido por Jos\u00e9 Antonio Aponte, surgido en Cuba en 1811 y 1812, que aspiraba a la ruptura con la metr\u00f3poli espa\u00f1ola en aras de crear una sociedad sobre la base de la igualdad.<\/span><\/p>\n<\/p>\n<p><span class=\"text1noticias\">Por su parte, los Independientes de Color fue una rebeli\u00f3n protagonizada en 1912 por el Partido Independiente de Color, formado por descendientes de antiguos esclavos negros, que cost\u00f3 la vida a miles de ellos.<\/span><\/p>\n<\/p>\n<p><span class=\"text1noticias\">Entre los temas que ser\u00e1n objeto de an\u00e1lisis en el encuentro figuran La cuesti\u00f3n negra en el arte y la literatura, Grandes personalidades antirracistas, La forma de rebeld\u00eda en \u00c1frica, y Trascendencia hist\u00f3rica de la conspiraci\u00f3n de Aponte.<\/span><\/p>\n<\/p>\n<p><span class=\"text1noticias\">Seg\u00fan los organizadores, unido al coloquio se desarrollar\u00e1n acciones art\u00edsticas, que incluyen conciertos de Jos\u00e9 Lu\u00eds Cort\u00e9s y NG La Banda y de la agrupaci\u00f3n coral cubana Schola Cantorum Coralina.<\/span><\/p>\n<\/p>\n<p><span class=\"text1noticias\">Tambi\u00e9n se prev\u00e9 un recital de poemas de Nancy Morej\u00f3n, Premio Nacional de Literatura 2001, y muestras de artes pl\u00e1sticas<\/span>.<\/p>\n<h6> 2012-04-02 13:19:54 <\/h6>\n<p><!--\n<link rel=\"stylesheet\" href=\"css\/bootstrap.min.css\">\n\n\n<ul class=\"pagination\">\n\t    \n\t\n\n<li >\n\t<a href='?page_no=17649'>Previous<\/a>\n\t<\/li>\n\n\n       \n    \n\n<li><a href='?page_no=1'>1<\/a><\/li>\n\n\n\n<li><a href='?page_no=2'>2<\/a><\/li>\n\n\n\n<li><a>...<\/a><\/li>\n\n\n\n<li><a href='?page_no=17648'>17648<\/a><\/li>\n\n\n\n<li><a href='?page_no=17649'>17649<\/a><\/li>\n\n\n\n<li class='active'><a>17650<\/a><\/li>\n\n\n\n<li><a href='?page_no=17651'>17651<\/a><\/li>\n\n\n\n<li><a href='?page_no=17652'>17652<\/a><\/li>\n\n\n\n<li><a>...<\/a><\/li>\n\n\n\n<li><a href='?page_no=22911'>22911<\/a><\/li>\n\n\n\n<li><a href='?page_no=22912'>22912<\/a><\/li>\n\n    \n\t\n\n<li >\n\t<a href='?page_no=17651'>Next<\/a>\n\t<\/li>\n\n\n    \n\n<li><a href='?page_no=22912'>Last &rsaquo;&rsaquo;<\/a><\/li>\n\n<\/ul>\n\n\n--><br \/>\n<\/body><\/p>\n","protected":false},"excerpt":{"rendered":"<p>9:15 am, La Habana, 2 abr (PL).- El VIII Coloquio y Festival Internacional de M\u00fasica y Poes\u00eda Nicol\u00e1s Guill\u00e9n Vine en un barco negrero se celebra desde hoy y hasta el pr\u00f3ximo d\u00eda 6 en esta capital, con la presencia de personalidades de m\u00e1s de siete pa\u00edses. Representantes de Colombia, Chile, Argentina, Honduras, Canad\u00e1, Estados [&hellip;]<\/p>\n","protected":false},"author":3,"featured_media":0,"comment_status":"open","ping_status":"open","sticky":false,"template":"","format":"standard","meta":{"footnotes":""},"categories":[21],"tags":[],"class_list":["post-65972","post","type-post","status-publish","format-standard","hentry","category-cultura"],"_links":{"self":[{"href":"https:\/\/diariodominicano.com\/index.php?rest_route=\/wp\/v2\/posts\/65972","targetHints":{"allow":["GET"]}}],"collection":[{"href":"https:\/\/diariodominicano.com\/index.php?rest_route=\/wp\/v2\/posts"}],"about":[{"href":"https:\/\/diariodominicano.com\/index.php?rest_route=\/wp\/v2\/types\/post"}],"author":[{"embeddable":true,"href":"https:\/\/diariodominicano.com\/index.php?rest_route=\/wp\/v2\/users\/3"}],"replies":[{"embeddable":true,"href":"https:\/\/diariodominicano.com\/index.php?rest_route=%2Fwp%2Fv2%2Fcomments&post=65972"}],"version-history":[{"count":0,"href":"https:\/\/diariodominicano.com\/index.php?rest_route=\/wp\/v2\/posts\/65972\/revisions"}],"wp:attachment":[{"href":"https:\/\/diariodominicano.com\/index.php?rest_route=%2Fwp%2Fv2%2Fmedia&parent=65972"}],"wp:term":[{"taxonomy":"category","embeddable":true,"href":"https:\/\/diariodominicano.com\/index.php?rest_route=%2Fwp%2Fv2%2Fcategories&post=65972"},{"taxonomy":"post_tag","embeddable":true,"href":"https:\/\/diariodominicano.com\/index.php?rest_route=%2Fwp%2Fv2%2Ftags&post=65972"}],"curies":[{"name":"wp","href":"https:\/\/api.w.org\/{rel}","templated":true}]}}