{"id":65971,"date":"2012-04-02T17:21:22","date_gmt":"2012-04-02T17:21:22","guid":{"rendered":"http:\/\/diariodominicano.ddns.net\/?p=65971"},"modified":"2012-04-02T17:21:22","modified_gmt":"2012-04-02T17:21:22","slug":"presidente-fernandez-completa-maraton-de-mil-horas-de-lecturas-continua","status":"publish","type":"post","link":"https:\/\/diariodominicano.com\/?p=65971","title":{"rendered":"Presidente Fern\u00e1ndez completa marat\u00f3n de mil horas de lecturas continua"},"content":{"rendered":"<p><body><\/p>\n<p><img decoding=\"async\" src=\"img3\/LF Maraton Lectura Gob.JPG\" \/><br \/><img decoding=\"async\" src=\"img3\/LF Maraton Lectura Gob 1.JPG\" \/><br \/><img decoding=\"async\" src=\"img3\/Maraton Lectura Gob.JPG\" \/>  <\/p>\n<p><span class=\"text1noticias\">1:12 pm, Santo Domingo, RD, 2 de Abril del 2012.-  El presidente Leonel Fern\u00e1ndez complet\u00f3 la ma\u00f1ana de este lunes las mil horas de lectura continua correspondiente al 2do. Marat\u00f3n Juvenil de Lectura, con lo que la Rep\u00fablica Dominicana entr\u00f3 al Libro de Records Guinness como el pa\u00eds del mundo que m\u00e1s tiempo ha durado leyendo ininterrumpidamente y en voz alta.<\/span><\/p>\n<p><span class=\"text1noticias\">Por espacio de 15 minutos el jefe de Estado ley\u00f3 desde el Sal\u00f3n Las Cari\u00e1tides del Palacio Nacional,  textos relativos a la Constituci\u00f3n de la Rep\u00fablica, espec\u00edficamente los Art\u00edculos del 85 al 101 que versan sobre las Disposiciones Comunes de Ambas C\u00e1maras.<\/span><\/p>\n<p><span class=\"text1noticias\">Cerrada la jornada de lectura, el gobernante recibi\u00f3 de manos de la jueza de Guinness World Records, el pergamino que certifica que la Rep\u00fablica Dominicana es la naci\u00f3n del mundo que m\u00e1s tiempo ha durando leyendo continuamente y en voz alta.<\/span><\/p>\n<p><span class=\"text1noticias\">En el marco de la actividad,  el presidente Fern\u00e1ndez jurament\u00f3 a los integrantes del C\u00edrculo de J\u00f3venes Lectores de cada uno de los 155 municipios, precisando que se trata de un mecanismo de promoci\u00f3n de lectura y del conocimiento.<\/span><\/p>\n<p><span class=\"text1noticias\">El ministro de la Juventud, Franklin Rodr\u00edguez, cuya entidad gubernamental tuvo a cargo la organizaci\u00f3n del evento, precis\u00f3 que con la iniciativa buscan incentivar la cultura de lectura entre los j\u00f3venes dominicanos.<\/span><\/p>\n<p><span class=\"text1noticias\">El funcionario precis\u00f3 que el 2do. Marat\u00f3n Juvenil de Lectura se trat\u00f3 de una \u00abgran fiesta de la cultura nacional\u00bb, que durante 42 d\u00edas vivieron los 155 municipios del pa\u00eds y que involucr\u00f3 a 930 j\u00f3venes estudiantes.<\/span><\/p>\n<p><span class=\"text1noticias\">Agreg\u00f3 que con su accionar los j\u00f3venes que participaron en la jornada contribuyeron a promover la lectura y por ende que tengamos una sociedad m\u00e1s positiva y pr\u00f3spera en beneficio de las presentes y futuras generaciones.<\/span><\/p>\n<p><span class=\"text1noticias\">\u00abNos desplazamos a cada rinc\u00f3n del pa\u00eds y he aqu\u00ed que tenemos en nuestras manos y a buena hora un records que nos catapulta como el pa\u00eds m\u00e1s lector del mundo\u00bb, proclam\u00f3 Rodr\u00edguez ante los 930 j\u00f3venes que participaron en la jornada.<\/span><\/p>\n<p><span class=\"text1noticias\">Bajo el lema \u00abPor Amor a Dios y a la Patria\u00bb desde el pasado 20 de febrero los j\u00f3venes seleccionados previamente en todo el territorio nacional leyeron textos de la Constituci\u00f3n de la Rep\u00fablica y de la Biblia<\/span>.<\/p>\n<h6> 2012-04-02 17:21:22 <\/h6>\n<p><!--\n<link rel=\"stylesheet\" href=\"css\/bootstrap.min.css\">\n\n\n<ul class=\"pagination\">\n\t    \n\t\n\n<li >\n\t<a href='?page_no=17648'>Previous<\/a>\n\t<\/li>\n\n\n       \n    \n\n<li><a href='?page_no=1'>1<\/a><\/li>\n\n\n\n<li><a href='?page_no=2'>2<\/a><\/li>\n\n\n\n<li><a>...<\/a><\/li>\n\n\n\n<li><a href='?page_no=17647'>17647<\/a><\/li>\n\n\n\n<li><a href='?page_no=17648'>17648<\/a><\/li>\n\n\n\n<li class='active'><a>17649<\/a><\/li>\n\n\n\n<li><a href='?page_no=17650'>17650<\/a><\/li>\n\n\n\n<li><a href='?page_no=17651'>17651<\/a><\/li>\n\n\n\n<li><a>...<\/a><\/li>\n\n\n\n<li><a href='?page_no=22911'>22911<\/a><\/li>\n\n\n\n<li><a href='?page_no=22912'>22912<\/a><\/li>\n\n    \n\t\n\n<li >\n\t<a href='?page_no=17650'>Next<\/a>\n\t<\/li>\n\n\n    \n\n<li><a href='?page_no=22912'>Last &rsaquo;&rsaquo;<\/a><\/li>\n\n<\/ul>\n\n\n--><br \/>\n<\/body><\/p>\n","protected":false},"excerpt":{"rendered":"<p>1:12 pm, Santo Domingo, RD, 2 de Abril del 2012.- El presidente Leonel Fern\u00e1ndez complet\u00f3 la ma\u00f1ana de este lunes las mil horas de lectura continua correspondiente al 2do. Marat\u00f3n Juvenil de Lectura, con lo que la Rep\u00fablica Dominicana entr\u00f3 al Libro de Records Guinness como el pa\u00eds del mundo que m\u00e1s tiempo ha durado [&hellip;]<\/p>\n","protected":false},"author":3,"featured_media":0,"comment_status":"open","ping_status":"open","sticky":false,"template":"","format":"standard","meta":{"footnotes":""},"categories":[21],"tags":[],"class_list":["post-65971","post","type-post","status-publish","format-standard","hentry","category-cultura"],"_links":{"self":[{"href":"https:\/\/diariodominicano.com\/index.php?rest_route=\/wp\/v2\/posts\/65971","targetHints":{"allow":["GET"]}}],"collection":[{"href":"https:\/\/diariodominicano.com\/index.php?rest_route=\/wp\/v2\/posts"}],"about":[{"href":"https:\/\/diariodominicano.com\/index.php?rest_route=\/wp\/v2\/types\/post"}],"author":[{"embeddable":true,"href":"https:\/\/diariodominicano.com\/index.php?rest_route=\/wp\/v2\/users\/3"}],"replies":[{"embeddable":true,"href":"https:\/\/diariodominicano.com\/index.php?rest_route=%2Fwp%2Fv2%2Fcomments&post=65971"}],"version-history":[{"count":0,"href":"https:\/\/diariodominicano.com\/index.php?rest_route=\/wp\/v2\/posts\/65971\/revisions"}],"wp:attachment":[{"href":"https:\/\/diariodominicano.com\/index.php?rest_route=%2Fwp%2Fv2%2Fmedia&parent=65971"}],"wp:term":[{"taxonomy":"category","embeddable":true,"href":"https:\/\/diariodominicano.com\/index.php?rest_route=%2Fwp%2Fv2%2Fcategories&post=65971"},{"taxonomy":"post_tag","embeddable":true,"href":"https:\/\/diariodominicano.com\/index.php?rest_route=%2Fwp%2Fv2%2Ftags&post=65971"}],"curies":[{"name":"wp","href":"https:\/\/api.w.org\/{rel}","templated":true}]}}