{"id":65970,"date":"2012-04-02T18:18:34","date_gmt":"2012-04-02T18:18:34","guid":{"rendered":"http:\/\/diariodominicano.ddns.net\/?p=65970"},"modified":"2012-04-02T18:18:34","modified_gmt":"2012-04-02T18:18:34","slug":"cultura-presenta-nuevas-publicaciones-en-ciclo-pre-ferial-2","status":"publish","type":"post","link":"https:\/\/diariodominicano.com\/?p=65970","title":{"rendered":"Cultura presenta nuevas publicaciones  en ciclo Pre Ferial"},"content":{"rendered":"<p><body><\/p>\n<p><img decoding=\"async\" src=\"img3\/libro.JPG\" \/>  <\/p>\n<p><span class=\"text1noticias\">Rep.Dom, 02:20 P.M.-El Ministerio de Cultura (MINC) inici\u00f3 el programa de presentaci\u00f3n de los nuevos libros que circular\u00e1n en el principal evento cultural del pa\u00eds, la XV Feria Internacional del Libro, Santo Domingo 2012.<\/span><\/p>\n<\/p>\n<p><span class=\"text1noticias\">El primero fue \u00abSantiago de los Caballeros, visiones y latidos de la ciudad coraz\u00f3n\u00bb. Este libro es un recorrido sentimental por el coraz\u00f3n del Cibao y consta de 372 fotograf\u00edas que narran la vida, la cultura, las tradiciones y costumbres de Santiago de los Caballeros, a trav\u00e9s del lente de 34 reconocidos fot\u00f3grafos y los textos de ocho escritores. Fue presentado en la Sala de la Restauraci\u00f3n, del Gran Teatro del Cibao, el jueves 29 de marzo.<\/span><\/p>\n<\/p>\n<p><span class=\"text1noticias\">Luego, el viernes 30 de marzo, en el Foro Pedro Mir de la Librer\u00eda Cuesta, fueron presentadas las obras \u00abTodo por culpa de Lemsky\u00bb, de Di\u00f3genes Valdez; \u00abLa Mujer que llamo Laura y otros cuentos premiados\u00bb, de Aquiles Juli\u00e1n; \u00abBocanadas de chimenea. Cuentos completos\u00bb, de Miguel Phipps; \u00abEl otro c\u00edrculo. Cuentos y novelas breves\u00bb, de Luis R. Santos; y \u00abLa verdadera historio del general\u00edsimo\u00bb, de Haffe Serulle. <\/span><\/p>\n<\/p>\n<p><span class=\"text1noticias\">Adem\u00e1s, el martes 10 de abril, se presentar\u00e1 la colecci\u00f3n de \u00abObras y Apuntes de Max Henr\u00edquez Ure\u00f1a\u00bb, en la Sala Ravelo, del Teatro Nacional Eduardo Brito, a las 8 de la noche. Le sigue, en ese mismo lugar, la presentaci\u00f3n de 35 nuevos libros de las unidades editoriales del MINC, el jueves 12, a las 6 de la noche.<\/span><\/p>\n<\/p>\n<p><span class=\"text1noticias\">Por \u00faltimo, el viernes 13 de abril, ser\u00e1 la puesta en circulaci\u00f3n del libro \u00abDe cementerios, varones y tumbas. M\u00faltiples caras de la muerte en la cultura y la literatura dominicana\u00bb de Franklin Guti\u00e9rrez, en el Museo de las Casas Reales, a las 8 de la noche.<\/span><\/p>\n<\/p>\n<p><span class=\"text1noticias\">Todos estos libros estar\u00e1n disponibles en la caseta de la Librer\u00eda de Cultura durante la Feria Internacional del Libro, que inicia 18 de abril.(HG)<\/span>.<\/p>\n<\/p>\n<h6> 2012-04-02 18:18:34 <\/h6>\n<p><!--\n<link rel=\"stylesheet\" href=\"css\/bootstrap.min.css\">\n\n\n<ul class=\"pagination\">\n\t    \n\t\n\n<li >\n\t<a href='?page_no=17647'>Previous<\/a>\n\t<\/li>\n\n\n       \n    \n\n<li><a href='?page_no=1'>1<\/a><\/li>\n\n\n\n<li><a href='?page_no=2'>2<\/a><\/li>\n\n\n\n<li><a>...<\/a><\/li>\n\n\n\n<li><a href='?page_no=17646'>17646<\/a><\/li>\n\n\n\n<li><a href='?page_no=17647'>17647<\/a><\/li>\n\n\n\n<li class='active'><a>17648<\/a><\/li>\n\n\n\n<li><a href='?page_no=17649'>17649<\/a><\/li>\n\n\n\n<li><a href='?page_no=17650'>17650<\/a><\/li>\n\n\n\n<li><a>...<\/a><\/li>\n\n\n\n<li><a href='?page_no=22911'>22911<\/a><\/li>\n\n\n\n<li><a href='?page_no=22912'>22912<\/a><\/li>\n\n    \n\t\n\n<li >\n\t<a href='?page_no=17649'>Next<\/a>\n\t<\/li>\n\n\n    \n\n<li><a href='?page_no=22912'>Last &rsaquo;&rsaquo;<\/a><\/li>\n\n<\/ul>\n\n\n--><br \/>\n<\/body><\/p>\n","protected":false},"excerpt":{"rendered":"<p>Rep.Dom, 02:20 P.M.-El Ministerio de Cultura (MINC) inici\u00f3 el programa de presentaci\u00f3n de los nuevos libros que circular\u00e1n en el principal evento cultural del pa\u00eds, la XV Feria Internacional del Libro, Santo Domingo 2012. El primero fue \u00abSantiago de los Caballeros, visiones y latidos de la ciudad coraz\u00f3n\u00bb. Este libro es un recorrido sentimental por [&hellip;]<\/p>\n","protected":false},"author":3,"featured_media":0,"comment_status":"open","ping_status":"open","sticky":false,"template":"","format":"standard","meta":{"footnotes":""},"categories":[21],"tags":[],"class_list":["post-65970","post","type-post","status-publish","format-standard","hentry","category-cultura"],"_links":{"self":[{"href":"https:\/\/diariodominicano.com\/index.php?rest_route=\/wp\/v2\/posts\/65970","targetHints":{"allow":["GET"]}}],"collection":[{"href":"https:\/\/diariodominicano.com\/index.php?rest_route=\/wp\/v2\/posts"}],"about":[{"href":"https:\/\/diariodominicano.com\/index.php?rest_route=\/wp\/v2\/types\/post"}],"author":[{"embeddable":true,"href":"https:\/\/diariodominicano.com\/index.php?rest_route=\/wp\/v2\/users\/3"}],"replies":[{"embeddable":true,"href":"https:\/\/diariodominicano.com\/index.php?rest_route=%2Fwp%2Fv2%2Fcomments&post=65970"}],"version-history":[{"count":0,"href":"https:\/\/diariodominicano.com\/index.php?rest_route=\/wp\/v2\/posts\/65970\/revisions"}],"wp:attachment":[{"href":"https:\/\/diariodominicano.com\/index.php?rest_route=%2Fwp%2Fv2%2Fmedia&parent=65970"}],"wp:term":[{"taxonomy":"category","embeddable":true,"href":"https:\/\/diariodominicano.com\/index.php?rest_route=%2Fwp%2Fv2%2Fcategories&post=65970"},{"taxonomy":"post_tag","embeddable":true,"href":"https:\/\/diariodominicano.com\/index.php?rest_route=%2Fwp%2Fv2%2Ftags&post=65970"}],"curies":[{"name":"wp","href":"https:\/\/api.w.org\/{rel}","templated":true}]}}