{"id":65969,"date":"2012-04-02T19:00:29","date_gmt":"2012-04-02T19:00:29","guid":{"rendered":"http:\/\/diariodominicano.ddns.net\/?p=65969"},"modified":"2012-04-02T19:00:29","modified_gmt":"2012-04-02T19:00:29","slug":"cultura-celebra-con-gran-programa-centenario-de-maria-montez","status":"publish","type":"post","link":"https:\/\/diariodominicano.com\/?p=65969","title":{"rendered":"Cultura celebra con gran programa Centenario de Mar\u00eda Montez"},"content":{"rendered":"<p><body><\/p>\n<p><img decoding=\"async\" src=\"img3\/casamontez.JPG\" \/>  <\/p>\n<p><span class=\"text1noticias\">Rep.Dom. 02 Abril 03:00 P.M.-El Ministerio de Cultura y la Comisi\u00f3n para el Centenario de Mar\u00eda Montez viene realizando un intenso programa de actividades, en conmemoraci\u00f3n de los cien a\u00f1os de nacimiento de la actriz dominicana que obtuviese en los a\u00f1os cuarenta y cincuenta los m\u00e1ximos honores en Hollywood.<\/span><\/p>\n<\/p>\n<p><span class=\"text1noticias\">El programa, que abarcar\u00e1 todo este a\u00f1o, se inicio el pasado mes de marzo con un ciclo de cine en la Cinemateca Dominicana, donde se proyectaron ocho pel\u00edculas protagonizadas por la actriz nativa de Barahona.<\/span><\/p>\n<\/p>\n<p><span class=\"text1noticias\">A partir de este mes, se inicia una gira por 12 provincias del pa\u00eds presentando este ciclo de cine que incluye las producciones protagonizadas por Mar\u00eda Montez tanto en Hollywood como en Francia. Las ciudades que abarcar\u00e1 esta gira son Santiago de los Caballeros, Barahona, San Juan de la Maguana, Azua, Ban\u00ed, La Vega, Puerto Plata, Moca, Nagua, Bonao, Hig\u00fcey y Elias Pi\u00f1a.<\/span><\/p>\n<\/p>\n<p><span class=\"text1noticias\">A partir del 10 de abril se inicia el Ciclo de Conferencias sobre la vida y obra de Mar\u00eda Montez que se desarrollar\u00e1 en escuelas, colegios y centros culturales, as\u00ed como en el Comisionado Dominicano de Cultura en Nueva York y en el Instituto de Cultura Puertorrique\u00f1a de San Juan, Puerto Rico.<\/span><\/p>\n<\/p>\n<p><span class=\"text1noticias\">El 19 de abril se inaugura, en el marco de la XV Feria Internacional del Libro de Santo Domingo, la Exposici\u00f3n Homenaje a Mar\u00eda Montez, que permanecer\u00e1 durante todo el evento ferial. A principios de junio se trasladar\u00e1 esta exposici\u00f3n a Barahona y en julio en el Palacio Consistorial de  Santiago. Posteriormente, se llevar\u00e1 a Nueva York.<\/span><\/p>\n<\/p>\n<p><span class=\"text1noticias\">Durante la Feria Internacional del Libro se realizaran diversas actividades conmemorativas del centenario de la eximia actriz. Entre esas acciones figura un coloquio en el Bar Juan Lockward, del Teatro Nacional Eduardo Brito y una conferencia magistral de Margarita Vicens de Morales,  bi\u00f3grafa de Mar\u00eda Montez, en la Sala Aida Bonnelly de D\u00edaz.<\/span><\/p>\n<\/p>\n<p><span class=\"text1noticias\">El pasado fin de semana se realiz\u00f3, dentro del exitoso programa de Itinerarios Culturales del Ministerio de Cultura, una gira que cubri\u00f3 Barahona y Pedernales, donde particip\u00f3 cerca de un centenar de personas que hicieron la ruta de Mar\u00eda Montez. Esta actividad fue organizada por la Direcci\u00f3n de Turismo Cultural del Ministerio de Cultura.<\/span><\/p>\n<\/p>\n<p><span class=\"text1noticias\">Del 1 al 9 de junio se realizar\u00e1 el montaje del unipersonal \u00abMar\u00eda Montez, la reina del Technicolor\u00bb  con la actriz dominicana residente en Estados Unidos, Dalia Davi. La representaci\u00f3n teatral se realizara en la Sala Ravelo del Teatro Nacional y en la Sala Julio Alberto Hern\u00e1ndez, del Gran Teatro del Cibao.<\/span><\/p>\n<\/p>\n<p><span class=\"text1noticias\">La Exposici\u00f3n Homenaje a Mar\u00eda Montez se colgar\u00e1 durante tres meses, del 1 de junio al 30 de agosto, en la Galer\u00eda de Arte P\u00fablico del Parque Independencia, en lo que se considera desde ya el homenaje abierto m\u00e1s importante de todo el programa del centenario.<\/span><\/p>\n<\/p>\n<p><span class=\"text1noticias\">El 6 de junio, fecha de aniversario del nacimiento de la actriz, se realizar\u00e1n simult\u00e1neamente dos oficios religiosos en Santo Domingo y Barahona. La misa en Santo Domingo se realizar\u00e1 a las 10 de la ma\u00f1ana en la Iglesia de San Antonio de Padua, oficiada por Mons. Benito \u00c1ngeles, y en Barahona, a la misma hora, en la Catedral de esa comunidad, oficiada por el Obispo de esa di\u00f3cesis.<\/span><\/p>\n<\/p>\n<p><span class=\"text1noticias\">A las 8 de la noche de ese d\u00eda, tendr\u00e1 lugar un Concierto de Gala de la Orquesta Sinf\u00f3nica Nacional, dirigida por el maestro Jos\u00e9 Antonio Molina, en el auditorio de Centro Universitario Regional del Sur (CURSO) de la Universidad Aut\u00f3noma de Santo Domingo. <\/span><\/p>\n<\/p>\n<p><span class=\"text1noticias\">El mismo 6 de junio, en Santo Domingo, se inaugurar\u00e1 la Gran Colectiva de Dise\u00f1adores en honor a Mar\u00eda Montez en la Galer\u00eda Nacional de Bellas Artes, la cual permanecer\u00e1 abierta hasta el 15 de agosto.<\/span><\/p>\n<\/p>\n<p><span class=\"text1noticias\">El III Festival Nacional de Teatro, se realizara del 12 al 30 de junio en honor a Maria Montez, en diversos escenarios de Santo Domingo y con m\u00e1s de treinta representaciones teatrales.<\/span><\/p>\n<\/p>\n<p><span class=\"text1noticias\">El 15 de junio tendr\u00e1 lugar el Gran Desfile de Modas en honor a Mar\u00eda Montez, en la explanada exterior del Palacio de Bellas Artes, con la participaci\u00f3n de los m\u00e1s prestigiosos dise\u00f1adores de modas de Rep\u00fablica Dominicana y de otros pa\u00edses.<\/span><\/p>\n<\/p>\n<p><span class=\"text1noticias\">Finalmente, en el marco de esta celebraci\u00f3n se pondr\u00e1 a circular una edici\u00f3n popular de la importante biograf\u00eda de Mar\u00eda Montez, escrita por Margarita Vicens de Morales, editada por la Editora Nacional. Otras actividades programadas son la emisi\u00f3n de un sello postal, de parte del Instituto Postal Dominicano, un acto en el Estudio Mar\u00eda Montez, de CER-TV, y la colocaci\u00f3n de un busto de la actriz en la Plaza de la Cultura Juan Pablo Duarte.<\/span><\/p>\n<\/p>\n<p><span class=\"text1noticias\">El programa del centenario de Mar\u00eda Montez lo desarrolla una comisi\u00f3n operativa del Ministerio de Cultura presidida por Bernarda Jorge, Viceministra de Creatividad y Participaci\u00f3n Popular, y formada por Marlon Soto, Lidia Bastos, Rosa Rodr\u00edguez, Japonesa Capell\u00e1n, Karina Noble, Basilio Nova, Alejandro Arvelo y Carlos Mena P\u00e9rez.<\/span><\/p>\n<\/p>\n<p><span class=\"text1noticias\">Los organismos del Ministerio de Cultura que laboran en este programa son la Cinemateca Dominicana, la Direcci\u00f3n de Formaci\u00f3n y Capacitaci\u00f3n, Turismo Cultural, la Direccion de Festivales de Teatro, el Centro Cultural Narciso Gonz\u00e1lez y la Direcci\u00f3n General de la Feria del Libro.<\/span><\/p>\n<\/p>\n<p><span class=\"text1noticias\">La Comisi\u00f3n Nacional para el Centenario de Mar\u00eda Montez esta presidida por el Ministro de Cultura, Jos\u00e9 Rafael Lantigua, y est\u00e1 integrada por el Ministro Administrativo de la Presidencia, Luis Manuel Bonetti, Altagracia Corleto de Olmos, por el Ministerio de Turismo; Eddy Mateo V\u00e1squez, Senador de Barahona; No\u00e9 Octavio Suberv\u00ed, Alcalde de Barahona, y los diputados de esa comunidad sure\u00f1a, Mariano Montero, Noris Medina, Aquiles Ledesma y Fabio Vargas.<\/span><\/p>\n<\/p>\n<p><span class=\"text1noticias\">Tambi\u00e9n forman parte de la Comisi\u00f3n, el director provincial de Cultura, Miguel Leger, la licenciada Flavia Garc\u00eda, Wilson G\u00f3mez Ram\u00edrez, Rodolfo Lama Jaar, Oscar L\u00f3pez Reyes, Margarita Vicens, Tita Hasb\u00fan y el general Rafael Leonidas P\u00e9rez y P\u00e9rez.(HG)<\/span>.<\/p>\n<h6> 2012-04-02 19:00:29 <\/h6>\n<p><!--\n<link rel=\"stylesheet\" href=\"css\/bootstrap.min.css\">\n\n\n<ul class=\"pagination\">\n\t    \n\t\n\n<li >\n\t<a href='?page_no=17646'>Previous<\/a>\n\t<\/li>\n\n\n       \n    \n\n<li><a href='?page_no=1'>1<\/a><\/li>\n\n\n\n<li><a href='?page_no=2'>2<\/a><\/li>\n\n\n\n<li><a>...<\/a><\/li>\n\n\n\n<li><a href='?page_no=17645'>17645<\/a><\/li>\n\n\n\n<li><a href='?page_no=17646'>17646<\/a><\/li>\n\n\n\n<li class='active'><a>17647<\/a><\/li>\n\n\n\n<li><a href='?page_no=17648'>17648<\/a><\/li>\n\n\n\n<li><a href='?page_no=17649'>17649<\/a><\/li>\n\n\n\n<li><a>...<\/a><\/li>\n\n\n\n<li><a href='?page_no=22911'>22911<\/a><\/li>\n\n\n\n<li><a href='?page_no=22912'>22912<\/a><\/li>\n\n    \n\t\n\n<li >\n\t<a href='?page_no=17648'>Next<\/a>\n\t<\/li>\n\n\n    \n\n<li><a href='?page_no=22912'>Last &rsaquo;&rsaquo;<\/a><\/li>\n\n<\/ul>\n\n\n--><br \/>\n<\/body><\/p>\n","protected":false},"excerpt":{"rendered":"<p>Rep.Dom. 02 Abril 03:00 P.M.-El Ministerio de Cultura y la Comisi\u00f3n para el Centenario de Mar\u00eda Montez viene realizando un intenso programa de actividades, en conmemoraci\u00f3n de los cien a\u00f1os de nacimiento de la actriz dominicana que obtuviese en los a\u00f1os cuarenta y cincuenta los m\u00e1ximos honores en Hollywood. El programa, que abarcar\u00e1 todo este [&hellip;]<\/p>\n","protected":false},"author":3,"featured_media":0,"comment_status":"open","ping_status":"open","sticky":false,"template":"","format":"standard","meta":{"footnotes":""},"categories":[21],"tags":[],"class_list":["post-65969","post","type-post","status-publish","format-standard","hentry","category-cultura"],"_links":{"self":[{"href":"https:\/\/diariodominicano.com\/index.php?rest_route=\/wp\/v2\/posts\/65969","targetHints":{"allow":["GET"]}}],"collection":[{"href":"https:\/\/diariodominicano.com\/index.php?rest_route=\/wp\/v2\/posts"}],"about":[{"href":"https:\/\/diariodominicano.com\/index.php?rest_route=\/wp\/v2\/types\/post"}],"author":[{"embeddable":true,"href":"https:\/\/diariodominicano.com\/index.php?rest_route=\/wp\/v2\/users\/3"}],"replies":[{"embeddable":true,"href":"https:\/\/diariodominicano.com\/index.php?rest_route=%2Fwp%2Fv2%2Fcomments&post=65969"}],"version-history":[{"count":0,"href":"https:\/\/diariodominicano.com\/index.php?rest_route=\/wp\/v2\/posts\/65969\/revisions"}],"wp:attachment":[{"href":"https:\/\/diariodominicano.com\/index.php?rest_route=%2Fwp%2Fv2%2Fmedia&parent=65969"}],"wp:term":[{"taxonomy":"category","embeddable":true,"href":"https:\/\/diariodominicano.com\/index.php?rest_route=%2Fwp%2Fv2%2Fcategories&post=65969"},{"taxonomy":"post_tag","embeddable":true,"href":"https:\/\/diariodominicano.com\/index.php?rest_route=%2Fwp%2Fv2%2Ftags&post=65969"}],"curies":[{"name":"wp","href":"https:\/\/api.w.org\/{rel}","templated":true}]}}