{"id":65968,"date":"2012-04-02T21:25:27","date_gmt":"2012-04-02T21:25:27","guid":{"rendered":"http:\/\/diariodominicano.ddns.net\/?p=65968"},"modified":"2012-04-02T21:25:27","modified_gmt":"2012-04-02T21:25:27","slug":"orquesta-sinfonica-nacional-juvenil-presentara-concierto-de-temporada-2012-de-tchaikovsky-a-sibelius","status":"publish","type":"post","link":"https:\/\/diariodominicano.com\/?p=65968","title":{"rendered":"Orquesta Sinf\u00f3nica Nacional Juvenil presentar\u00e1 concierto de temporada 2012 \u00abDe Tchaikovsky a Sibelius\u00bb &#13;"},"content":{"rendered":"<p><body><\/p>\n<p><img decoding=\"async\" src=\"img3\/sinfonica.JPG\" \/>  <\/p>\n<p><span class=\"text1noticias\">Rep.Dom. 02 de Abril 05:25 P.M.- La Orquesta Sinf\u00f3nica Nacional Juvenil presentar\u00e1 su concierto de temporada 2012 \u00abDe Tchaikovsky a Sibelius\u00bb, este martes 3 de abril a las 8:30 p.m., en la Sala M\u00e1ximo Avil\u00e9s Blonda, del Palacio de Bellas Artes.<\/span><\/p>\n<\/p>\n<p><span class=\"text1noticias\">El concierto, auspiciado por el Ministerio de Cultura y la Fundaci\u00f3n Orquesta Sinf\u00f3nica Juvenil, Inc., contar\u00e1 con  grandes obras musicales de los importantes compositores P.I. Tchaikovsky (Rusia) y J. Sibelius (Finlandia).<\/span><\/p>\n<\/p>\n<p><span class=\"text1noticias\">Estar\u00e1n en escena decenas de j\u00f3venes m\u00fasicos de todo el pa\u00eds que conforman la Orquesta Sinf\u00f3nica Nacional Juvenil, dependencia del Viceministerio de Creatividad y Participaci\u00f3n Popular, en el marco de las celebraciones de su XV Aniversario.<\/span><\/p>\n<\/p>\n<p><span class=\"text1noticias\">El director de la agrupaci\u00f3n cl\u00e1sica, Darwin Aquino, expres\u00f3 su entusiasmo con este concierto, y dijo que \u00abtendremos la oportunidad de ver en escena a los mejores j\u00f3venes talentosos de diferentes momentos (pasado y presente) de la Orquesta Sinf\u00f3nica Nacional Juvenil, que tiene ya 15 a\u00f1os de fundaci\u00f3n (abril del 1997) y ha potenciado a miles de m\u00fasicos cl\u00e1sicos  dominicanos\u00bb.<\/span><\/p>\n<\/p>\n<p><span class=\"text1noticias\">Dijo que muchos de los m\u00fasicos participantes han triunfado como artistas profesionales, tanto en el pa\u00eds como en el extranjero. Aquino acaba de regresar al pa\u00eds, luego de una exitosa estad\u00eda como director invitado de una de las orquestas sinf\u00f3nicas m\u00e1s importantes de Alemania, La Orquesta Filarm\u00f3nica  de Mainz.<\/span><\/p>\n<\/p>\n<p><span class=\"text1noticias\">El concierto estar\u00e1 bajo la Direcci\u00f3n de los maestros Darwin Aquino (Director Titular) y Fernando Herrera  (Director Asociado).(HG)<\/span>.<\/p>\n<\/p>\n<h6> 2012-04-02 21:25:27 <\/h6>\n<p><!--\n<link rel=\"stylesheet\" href=\"css\/bootstrap.min.css\">\n\n\n<ul class=\"pagination\">\n\t    \n\t\n\n<li >\n\t<a href='?page_no=17645'>Previous<\/a>\n\t<\/li>\n\n\n       \n    \n\n<li><a href='?page_no=1'>1<\/a><\/li>\n\n\n\n<li><a href='?page_no=2'>2<\/a><\/li>\n\n\n\n<li><a>...<\/a><\/li>\n\n\n\n<li><a href='?page_no=17644'>17644<\/a><\/li>\n\n\n\n<li><a href='?page_no=17645'>17645<\/a><\/li>\n\n\n\n<li class='active'><a>17646<\/a><\/li>\n\n\n\n<li><a href='?page_no=17647'>17647<\/a><\/li>\n\n\n\n<li><a href='?page_no=17648'>17648<\/a><\/li>\n\n\n\n<li><a>...<\/a><\/li>\n\n\n\n<li><a href='?page_no=22911'>22911<\/a><\/li>\n\n\n\n<li><a href='?page_no=22912'>22912<\/a><\/li>\n\n    \n\t\n\n<li >\n\t<a href='?page_no=17647'>Next<\/a>\n\t<\/li>\n\n\n    \n\n<li><a href='?page_no=22912'>Last &rsaquo;&rsaquo;<\/a><\/li>\n\n<\/ul>\n\n\n--><br \/>\n<\/body><\/p>\n","protected":false},"excerpt":{"rendered":"<p>Rep.Dom. 02 de Abril 05:25 P.M.- La Orquesta Sinf\u00f3nica Nacional Juvenil presentar\u00e1 su concierto de temporada 2012 \u00abDe Tchaikovsky a Sibelius\u00bb, este martes 3 de abril a las 8:30 p.m., en la Sala M\u00e1ximo Avil\u00e9s Blonda, del Palacio de Bellas Artes. El concierto, auspiciado por el Ministerio de Cultura y la Fundaci\u00f3n Orquesta Sinf\u00f3nica Juvenil, [&hellip;]<\/p>\n","protected":false},"author":3,"featured_media":0,"comment_status":"open","ping_status":"open","sticky":false,"template":"","format":"standard","meta":{"footnotes":""},"categories":[21],"tags":[],"class_list":["post-65968","post","type-post","status-publish","format-standard","hentry","category-cultura"],"_links":{"self":[{"href":"https:\/\/diariodominicano.com\/index.php?rest_route=\/wp\/v2\/posts\/65968","targetHints":{"allow":["GET"]}}],"collection":[{"href":"https:\/\/diariodominicano.com\/index.php?rest_route=\/wp\/v2\/posts"}],"about":[{"href":"https:\/\/diariodominicano.com\/index.php?rest_route=\/wp\/v2\/types\/post"}],"author":[{"embeddable":true,"href":"https:\/\/diariodominicano.com\/index.php?rest_route=\/wp\/v2\/users\/3"}],"replies":[{"embeddable":true,"href":"https:\/\/diariodominicano.com\/index.php?rest_route=%2Fwp%2Fv2%2Fcomments&post=65968"}],"version-history":[{"count":0,"href":"https:\/\/diariodominicano.com\/index.php?rest_route=\/wp\/v2\/posts\/65968\/revisions"}],"wp:attachment":[{"href":"https:\/\/diariodominicano.com\/index.php?rest_route=%2Fwp%2Fv2%2Fmedia&parent=65968"}],"wp:term":[{"taxonomy":"category","embeddable":true,"href":"https:\/\/diariodominicano.com\/index.php?rest_route=%2Fwp%2Fv2%2Fcategories&post=65968"},{"taxonomy":"post_tag","embeddable":true,"href":"https:\/\/diariodominicano.com\/index.php?rest_route=%2Fwp%2Fv2%2Ftags&post=65968"}],"curies":[{"name":"wp","href":"https:\/\/api.w.org\/{rel}","templated":true}]}}