{"id":65967,"date":"2012-04-03T16:49:31","date_gmt":"2012-04-03T16:49:31","guid":{"rendered":"http:\/\/diariodominicano.ddns.net\/?p=65967"},"modified":"2012-04-03T16:49:31","modified_gmt":"2012-04-03T16:49:31","slug":"cultura-presentara-35-nuevos-libros-en-la-fil-que-se-inaugura-el-18-de-abril","status":"publish","type":"post","link":"https:\/\/diariodominicano.com\/?p=65967","title":{"rendered":"&#13;Cultura presentar\u00e1 35 nuevos libros en la FIL que se inaugura el 18 de abril"},"content":{"rendered":"<p><body><\/p>\n<p><img decoding=\"async\" src=\"img3\/Pedro Mir.JPG\" \/><br \/><img decoding=\"async\" src=\"img3\/Armando Almanzar Rguez.JPG\" \/><br \/><img decoding=\"async\" src=\"img3\/Enriquillo Sanchez.JPG\" \/>  <\/p>\n<p><span class=\"text1noticias\">Entre los autores publicados por las unidades editoriales del Ministerio de Cultura figuran Enriquillo S\u00e1nchez, Pedro Mir, Pedro Henr\u00edquez Ure\u00f1a, Pedro Ren\u00e9 Cont\u00edn Aybar, Roberto Marcall\u00e9 Abreu y Armando Alm\u00e1nzar Rodr\u00edguez, as\u00ed como la primera antolog\u00eda de poes\u00eda haitiana y dominicana que se ha publicado en el pa\u00eds.<\/span><\/p>\n<\/p>\n<p><span class=\"text1noticias\">Santo Domin, RD.-  Un total de 35 libros ser\u00e1n presentados en el marco de la XV Feria Internacional del Libro, que se inaugura el pr\u00f3ximo 18 de abril, como parte del intenso programa de publicaciones que realizan las unidades editoriales del Ministerio de Cultura.<\/span><\/p>\n<\/p>\n<p><span class=\"text1noticias\">Entre las publicaciones figura la primera antolog\u00eda de poetas haitianos y dominicanos editada en el pa\u00eds, la cual se publicar\u00e1 bajo el t\u00edtulo de \u00abPalabras de una isla: antolog\u00eda de poes\u00eda dominicana y haitiana\u00bb, selecci\u00f3n  de Gashton St. Fleur y Basilio Belliard. Trae el sello de Ediciones de Cultura.<\/span><\/p>\n<\/p>\n<p><span class=\"text1noticias\">Igualmente, libros in\u00e9ditos de Pedro Henr\u00edquez Ure\u00f1a y Pedro Ren\u00e9 Cont\u00edn Aybar, as\u00ed como la colecci\u00f3n completa de las obras y apuntes de Max Henr\u00edquez Ure\u00f1a, de 28 vol\u00famenes.<\/span><\/p>\n<\/p>\n<p><span class=\"text1noticias\">Ediciones Ferilibro, presentar\u00e1 un total de 15 t\u00edtulos:<\/span><\/p>\n<\/p>\n<p><span class=\"text1noticias\">?\tConferencias Magistrales 2011.  Recoge las exposiciones de los escritores invitados a la FIL del a\u00f1o pasado.<\/span><\/p>\n<p><span class=\"text1noticias\">?\tColoquios 2011. La reuni\u00f3n de las ponencias presentadas en los diferentes paneles de debate de la FIL del a\u00f1o pasado.<\/span><\/p>\n<p><span class=\"text1noticias\">?\tManual para asesinar narcisos. Poes\u00edas de Rosalinna Benjam\u00edn, ganadora del Premio Joven de Poes\u00eda de la Feria Internacional del Libro 2011.<\/span><\/p>\n<p><span class=\"text1noticias\">?\tCuentos de nunca acabar. Re\u00fane las piezas ganadoras del Premio de Cuento Joven de la FIL 2011.<\/span><\/p>\n<p><span class=\"text1noticias\">?\tOferta de empleo y otros cuentos. De Enriquillo S\u00e1nchez. El libro de lujo de la Feria de este a\u00f1o que se dedica al renombrado narrador, poeta y ensayista. Este libro, del que circular\u00e1 una edici\u00f3n de colecci\u00f3n, como es tradici\u00f3n en la Feria, y una edici\u00f3n popular, tiene selecci\u00f3n y pr\u00f3logo de Jos\u00e9 Rafael Lantigua, con dibujos especialmente realizados para la edici\u00f3n por el conocido pintor Jorge Severino.<\/span><\/p>\n<p><span class=\"text1noticias\">?\tBojear. La poes\u00eda reunida de Enriquillo S\u00e1nchez.<\/span><\/p>\n<p><span class=\"text1noticias\">?\tUn asombro de r\u00edos verticales. La poes\u00eda reunida de Pedro Mir.<\/span><\/p>\n<p><span class=\"text1noticias\">?\tConfidencias en torno al oscuro destino de la \u00fanica mujer fatal. Los cuentos reunidos de Roberto Marcall\u00e9 Abreu.<\/span><\/p>\n<p><span class=\"text1noticias\">?\tTres novelas cortas (El para\u00edso; Francisca Flores; Oto\u00f1o), de Armando Alm\u00e1nzar Rodr\u00edguez, Premio Nacional de Literatura 2012.<\/span><\/p>\n<p><span class=\"text1noticias\">?\tCuentos infantiles del Caribe: Cuba, Puerto Rico y Rep\u00fablica Dominicana. La famosa colecci\u00f3n Dienteleche que edita Ediciones Ferilibro junto a Ediciones Uni\u00f3n, de Cuba, desde hace 15 a\u00f1os.<\/span><\/p>\n<p><span class=\"text1noticias\">?\tMariposa de arena. Nueva novela de Ligia Minaya Belliard.<\/span><\/p>\n<p><span class=\"text1noticias\">?\tErnesto Cardenal, del paso a la explosi\u00f3n. Un ensayo del joven escritor Luis Ar\u00e9valo.<\/span><\/p>\n<p><span class=\"text1noticias\">?\tPayola, derecho e industria musical. De Juan Miguel Castillo Rold\u00e1n.<\/span><\/p>\n<p><span class=\"text1noticias\">?\tEsto no es una antolog\u00eda. Selecci\u00f3n de trabajos literarios del Colectivo El Ara\u00f1azo.<\/span><\/p>\n<\/p>\n<p><span class=\"text1noticias\">La Editora Nacional, en sus diferentes colecciones, presentar\u00e1 7 nuevos t\u00edtulos:<\/span><\/p>\n<\/p>\n<p><span class=\"text1noticias\">?\tVersos. Bajo este t\u00edtulo se recogen 29 poemas escritos por Pedro Henr\u00edquez Ure\u00f1a y que son totalmente desconocidos. Los mismos fueron localizados por el ensayista y catedr\u00e1tico universitario de las universidades de Montreal y Salamanca, N\u00e9stor Rodr\u00edguez, en los archivos personales del afamado humanista que se encuentran en el Colegio de M\u00e9xico. Esta obra constituir\u00e1 una de las grandes novedades de la FIL este a\u00f1o.<\/span><\/p>\n<p><span class=\"text1noticias\">?\tDe todo un poco y de nada un mucho (Charlas de sobremesa). Un libro desconocido del cr\u00edtico literario Pedro Ren\u00e9 Cont\u00edn Aybar, y del cual el autor hizo solamente un ejemplar artesanal en 1927, hace 85 a\u00f1os. Una aut\u00e9ntica novedad y una revelaci\u00f3n de las dotes de escritor y narrador del famoso cr\u00edtico literario de los a\u00f1os cuarenta y cincuenta.<\/span><\/p>\n<p><span class=\"text1noticias\">?\tVenir con cuentos. Muestrario del cuento dominicano. De Jos\u00e9 Rafael Lantigua.<\/span><\/p>\n<p><span class=\"text1noticias\">?\tLa Jom Atenda. De Dio-genes Abreu. Premio de Teatro Letras de Ultramar 2012.<\/span><\/p>\n<p><span class=\"text1noticias\">?\tAntropolog\u00eda dram\u00e1tica. De Esteban Torres. Premio de Ensayo Letras de Ultramar 2012.<\/span><\/p>\n<p><span class=\"text1noticias\">?\tEl rey necio. De Koldo Campos Sagaseta. Premio de Literatura Infantil Letras de Ultramar 2012.<\/span><\/p>\n<p><span class=\"text1noticias\">?\tOntolog\u00eda de la palabra. Poes\u00eda de Karina Rieke.<\/span><\/p>\n<\/p>\n<p><span class=\"text1noticias\">Los Cuadernos de Cultura incluyen esta vez cinco t\u00edtulos:<\/span><\/p>\n<\/p>\n<p><span class=\"text1noticias\">?\tHay un pa\u00eds en el mundo para leer en el Metro. De Pedro Mir.<\/span><\/p>\n<p><span class=\"text1noticias\">?\tCuentos para los m\u00e1s chiquitos. De Juan Bosch.<\/span><\/p>\n<p><span class=\"text1noticias\">?\tA\u00edda Cartagena, Hilma Contreras y Juan Bosch al aguafuerte. De Emelda Ramos.<\/span><\/p>\n<p><span class=\"text1noticias\">?\tNanocuentos. Las piezas ganadoras de los concursos de minificci\u00f3n 2010 y 2011 del Ministerio de Cultura.<\/span><\/p>\n<p><span class=\"text1noticias\">?\tDel Parten\u00f3n al Faro de Col\u00f3n: apuntes para la historia del teatro dominicano. De Angel Mej\u00eda.<\/span><\/p>\n<\/p>\n<p><span class=\"text1noticias\">Otras nuevas ediciones que circular\u00e1n en la Feria, publicadas por el Ministerio de Cultura son:<\/span><\/p>\n<\/p>\n<p><span class=\"text1noticias\">?\tTodo por culpa de Lensky. Novela de Di\u00f3genes Valdez.<\/span><\/p>\n<p><span class=\"text1noticias\">?\tLa verdadera historia del General\u00edsimo. Novela de Haffe Serulle.<\/span><\/p>\n<p><span class=\"text1noticias\">?\tAnadel, la novela de la gastrosof\u00eda. De Julio Vega Batlle.<\/span><\/p>\n<p><span class=\"text1noticias\">?\tMujer que llamo Laura y otros cuentos premiados. De Aquiles Juli\u00e1n.<\/span><\/p>\n<p><span class=\"text1noticias\">?\tEl otro c\u00edrculo. Cuentos casi completos y dos casi novelas. De Luis R. Santos.<\/span><\/p>\n<p><span class=\"text1noticias\">?\tBocanadas de Chimenea. Los cuentos reunidos de Miguel Phipps Cueto.<\/span><\/p>\n<p><span class=\"text1noticias\">?\tDe cementerios, varones y tumbas. M\u00faltiples caras de la muerte en la cultura y la literatura dominicana. De Franklin Guti\u00e9rrez.<\/span><\/p>\n<\/p>\n<p><span class=\"text1noticias\">Estos \u00faltimos libros fueron puestos a circular en el Pre-Ferial de Narrativa que tuvo lugar el viernes pasado en el Forum Pedro Mir, de Librer\u00eda Cuesta, con excepci\u00f3n de Anadel que ya fue presentado en el Ciclo Pre Inaugural. El de Franklin Guti\u00e9rrez circular\u00e1 el viernes 13 de abril, en el Museo de las Casas Reales. Los dem\u00e1s se presentar\u00e1n el pr\u00f3ximo jueves 12 de abril , en un c\u00f3ctel que se realizar\u00e1 en la Sala de Arte Ram\u00f3n Oviedo, del Ministerio de Cultura. Posteriormente, ser\u00e1n presentados individualmente en la Feria.<\/span><\/p>\n<\/p>\n<p><span class=\"text1noticias\">En total, el Ministerio de Cultura publicar\u00e1 35 nuevos libros y los 28 vol\u00famenes de las Obras y Apuntes de Max Henr\u00edquez Ure\u00f1a, que ser\u00e1n presentados el 10 de abril a las 8 de la noche en la Sala Ravelo del Teatro Nacional Eduardo Brito.<\/span><\/p>\n<\/p>\n<p><span class=\"text1noticias\">La XV Feria Internacional del Libro Santo Domingo 2012 se celebrar\u00e1 del 18 de abril al 6 de mayo en la Plaza de la Cultura Juan Pablo Duarte, con los pa\u00edses de Centroam\u00e9rica como Invitados de Honor. Se dedica este a\u00f1o al poeta, narrador y ensayista Enriquillo S\u00e1nchez<\/span>.<\/p>\n<\/p>\n<h6> 2012-04-03 16:49:31 <\/h6>\n<p><!--\n<link rel=\"stylesheet\" href=\"css\/bootstrap.min.css\">\n\n\n<ul class=\"pagination\">\n\t    \n\t\n\n<li >\n\t<a href='?page_no=17644'>Previous<\/a>\n\t<\/li>\n\n\n       \n    \n\n<li><a href='?page_no=1'>1<\/a><\/li>\n\n\n\n<li><a href='?page_no=2'>2<\/a><\/li>\n\n\n\n<li><a>...<\/a><\/li>\n\n\n\n<li><a href='?page_no=17643'>17643<\/a><\/li>\n\n\n\n<li><a href='?page_no=17644'>17644<\/a><\/li>\n\n\n\n<li class='active'><a>17645<\/a><\/li>\n\n\n\n<li><a href='?page_no=17646'>17646<\/a><\/li>\n\n\n\n<li><a href='?page_no=17647'>17647<\/a><\/li>\n\n\n\n<li><a>...<\/a><\/li>\n\n\n\n<li><a href='?page_no=22911'>22911<\/a><\/li>\n\n\n\n<li><a href='?page_no=22912'>22912<\/a><\/li>\n\n    \n\t\n\n<li >\n\t<a href='?page_no=17646'>Next<\/a>\n\t<\/li>\n\n\n    \n\n<li><a href='?page_no=22912'>Last &rsaquo;&rsaquo;<\/a><\/li>\n\n<\/ul>\n\n\n--><br \/>\n<\/body><\/p>\n","protected":false},"excerpt":{"rendered":"<p>Entre los autores publicados por las unidades editoriales del Ministerio de Cultura figuran Enriquillo S\u00e1nchez, Pedro Mir, Pedro Henr\u00edquez Ure\u00f1a, Pedro Ren\u00e9 Cont\u00edn Aybar, Roberto Marcall\u00e9 Abreu y Armando Alm\u00e1nzar Rodr\u00edguez, as\u00ed como la primera antolog\u00eda de poes\u00eda haitiana y dominicana que se ha publicado en el pa\u00eds. Santo Domin, RD.- Un total de 35 [&hellip;]<\/p>\n","protected":false},"author":3,"featured_media":0,"comment_status":"open","ping_status":"open","sticky":false,"template":"","format":"standard","meta":{"footnotes":""},"categories":[21],"tags":[],"class_list":["post-65967","post","type-post","status-publish","format-standard","hentry","category-cultura"],"_links":{"self":[{"href":"https:\/\/diariodominicano.com\/index.php?rest_route=\/wp\/v2\/posts\/65967","targetHints":{"allow":["GET"]}}],"collection":[{"href":"https:\/\/diariodominicano.com\/index.php?rest_route=\/wp\/v2\/posts"}],"about":[{"href":"https:\/\/diariodominicano.com\/index.php?rest_route=\/wp\/v2\/types\/post"}],"author":[{"embeddable":true,"href":"https:\/\/diariodominicano.com\/index.php?rest_route=\/wp\/v2\/users\/3"}],"replies":[{"embeddable":true,"href":"https:\/\/diariodominicano.com\/index.php?rest_route=%2Fwp%2Fv2%2Fcomments&post=65967"}],"version-history":[{"count":0,"href":"https:\/\/diariodominicano.com\/index.php?rest_route=\/wp\/v2\/posts\/65967\/revisions"}],"wp:attachment":[{"href":"https:\/\/diariodominicano.com\/index.php?rest_route=%2Fwp%2Fv2%2Fmedia&parent=65967"}],"wp:term":[{"taxonomy":"category","embeddable":true,"href":"https:\/\/diariodominicano.com\/index.php?rest_route=%2Fwp%2Fv2%2Fcategories&post=65967"},{"taxonomy":"post_tag","embeddable":true,"href":"https:\/\/diariodominicano.com\/index.php?rest_route=%2Fwp%2Fv2%2Ftags&post=65967"}],"curies":[{"name":"wp","href":"https:\/\/api.w.org\/{rel}","templated":true}]}}