{"id":65966,"date":"2012-04-03T17:45:45","date_gmt":"2012-04-03T17:45:45","guid":{"rendered":"http:\/\/diariodominicano.ddns.net\/?p=65966"},"modified":"2012-04-03T17:45:45","modified_gmt":"2012-04-03T17:45:45","slug":"cineasta-cubano-ian-padron-con-habanastation-en-nueva-york","status":"publish","type":"post","link":"https:\/\/diariodominicano.com\/?p=65966","title":{"rendered":"Cineasta cubano Ian Padr\u00f3n con Habanastation en Nueva York"},"content":{"rendered":"<p><body><\/p>\n<p><img decoding=\"async\" src=\"http:\/\/localhost:8080\/img3\/habanastation.jpg\" \/>  <\/p>\n<p><span class=\"text1noticias\">La Habana, 3 abr (PL), 1:46 pm.-   Tras un exitoso paso por Michigan, Miami, Los Angeles y varias ciudades de Europa y \u00c1frica, el cubano Ian Padr\u00f3n mostrar\u00e1 por primera vez al p\u00fablico neoyorquino su filme Habanastation, con el que inaugurar\u00e1 la 13 edici\u00f3n del Havana Film Festival, el pr\u00f3ximo 12 de abril. <\/span><\/p>\n<\/p>\n<p><span class=\"text1noticias\">La cinta, una de las 12 en competencia en el certamen, -dedicado a la filmograf\u00eda cubana-, ser\u00e1 presentada por su director y la actriz Blanca Rosa Blanco, una de sus protagonistas.<\/span><\/p>\n<\/p>\n<p><span class=\"text1noticias\">En declaraciones exclusivas a Prensa Latina, Padr\u00f3n calific\u00f3 como un honor ser seleccionado para abrir el festival. Ser\u00e1 un momento emocionante, a\u00f1adi\u00f3 el realizador, quien asistir\u00e1 a las tres proyecciones programadas.<\/span><\/p>\n<\/p>\n<p><span class=\"text1noticias\">Es la cuarta ocasi\u00f3n que participa en la cita f\u00edlmica, donde debut\u00f3 en 2002 con su corto Motos. El festival, subray\u00f3, ha dedicado muchos a\u00f1os a divulgar el cine latinoamericano, en especial el cubano. Es un tremendo reconocimiento estar all\u00ed, destac\u00f3.<\/span><\/p>\n<\/p>\n<p><span class=\"text1noticias\">A una pregunta del \u00e9xito vivido con su \u00f3pera prima desde su estreno, el pasado a\u00f1o, subray\u00f3 que lo m\u00e1s impresionante es la conexi\u00f3n que entablan los espectadores en cualquier parte del mundo.<\/span><\/p>\n<\/p>\n<p><span class=\"text1noticias\">Su mayor logro, dijo, es que el p\u00fablico se siente identificado con el tema, hay que tratar de hacer un cine cubano y a la vez universal. Creo que ese objetivo lo cumpli\u00f3 Habanastation, apunt\u00f3.<\/span><\/p>\n<\/p>\n<p><span class=\"text1noticias\">Para Padr\u00f3n ha sido una oportunidad \u00fanica poder llevar a los festivales su pel\u00edcula y que la vea la mayor cantidad de personas posible, sobre todo porque la isla no puede acceder a los grandes circuitos comerciales por el bloqueo impuesto por Estados Unidos desde hace m\u00e1s de 50 a\u00f1os.<\/span><\/p>\n<\/p>\n<p><span class=\"text1noticias\">Galardonada en d\u00edas recientes en El Cairo y Toulouse, Francia, la cinta conduce al espectador a un viaje por dos Habanas distintas dentro de una misma Cuba para resaltar c\u00f3mo se puede lograr una amistad basada en profundos valores humanos.<\/span><\/p>\n<\/p>\n<p><span class=\"text1noticias\">Tras intensos meses de ir y venir, el cineasta espera ahora en agosto dedicarse por completo a un megaproyecto que ha so\u00f1ado realizar desde sus inicios: llevar a un personaje de carne y hueso el dibujo animado Elpidio Vald\u00e9s, creado por su padre, el cineasta Juan Padr\u00f3n.<\/span><\/p>\n<\/p>\n<p><span class=\"text1noticias\">Aunque sabe que la tarea ser\u00e1 dura, espera tenerlo listo en 2015 para su 45 cumplea\u00f1os<\/span>.<\/p>\n<h6> 2012-04-03 17:45:45 <\/h6>\n<p><!--\n<link rel=\"stylesheet\" href=\"css\/bootstrap.min.css\">\n\n\n<ul class=\"pagination\">\n\t    \n\t\n\n<li >\n\t<a href='?page_no=17643'>Previous<\/a>\n\t<\/li>\n\n\n       \n    \n\n<li><a href='?page_no=1'>1<\/a><\/li>\n\n\n\n<li><a href='?page_no=2'>2<\/a><\/li>\n\n\n\n<li><a>...<\/a><\/li>\n\n\n\n<li><a href='?page_no=17642'>17642<\/a><\/li>\n\n\n\n<li><a href='?page_no=17643'>17643<\/a><\/li>\n\n\n\n<li class='active'><a>17644<\/a><\/li>\n\n\n\n<li><a href='?page_no=17645'>17645<\/a><\/li>\n\n\n\n<li><a href='?page_no=17646'>17646<\/a><\/li>\n\n\n\n<li><a>...<\/a><\/li>\n\n\n\n<li><a href='?page_no=22911'>22911<\/a><\/li>\n\n\n\n<li><a href='?page_no=22912'>22912<\/a><\/li>\n\n    \n\t\n\n<li >\n\t<a href='?page_no=17645'>Next<\/a>\n\t<\/li>\n\n\n    \n\n<li><a href='?page_no=22912'>Last &rsaquo;&rsaquo;<\/a><\/li>\n\n<\/ul>\n\n\n--><br \/>\n<\/body><\/p>\n","protected":false},"excerpt":{"rendered":"<p>La Habana, 3 abr (PL), 1:46 pm.- Tras un exitoso paso por Michigan, Miami, Los Angeles y varias ciudades de Europa y \u00c1frica, el cubano Ian Padr\u00f3n mostrar\u00e1 por primera vez al p\u00fablico neoyorquino su filme Habanastation, con el que inaugurar\u00e1 la 13 edici\u00f3n del Havana Film Festival, el pr\u00f3ximo 12 de abril. La cinta, [&hellip;]<\/p>\n","protected":false},"author":3,"featured_media":0,"comment_status":"open","ping_status":"open","sticky":false,"template":"","format":"standard","meta":{"footnotes":""},"categories":[21],"tags":[],"class_list":["post-65966","post","type-post","status-publish","format-standard","hentry","category-cultura"],"_links":{"self":[{"href":"https:\/\/diariodominicano.com\/index.php?rest_route=\/wp\/v2\/posts\/65966","targetHints":{"allow":["GET"]}}],"collection":[{"href":"https:\/\/diariodominicano.com\/index.php?rest_route=\/wp\/v2\/posts"}],"about":[{"href":"https:\/\/diariodominicano.com\/index.php?rest_route=\/wp\/v2\/types\/post"}],"author":[{"embeddable":true,"href":"https:\/\/diariodominicano.com\/index.php?rest_route=\/wp\/v2\/users\/3"}],"replies":[{"embeddable":true,"href":"https:\/\/diariodominicano.com\/index.php?rest_route=%2Fwp%2Fv2%2Fcomments&post=65966"}],"version-history":[{"count":0,"href":"https:\/\/diariodominicano.com\/index.php?rest_route=\/wp\/v2\/posts\/65966\/revisions"}],"wp:attachment":[{"href":"https:\/\/diariodominicano.com\/index.php?rest_route=%2Fwp%2Fv2%2Fmedia&parent=65966"}],"wp:term":[{"taxonomy":"category","embeddable":true,"href":"https:\/\/diariodominicano.com\/index.php?rest_route=%2Fwp%2Fv2%2Fcategories&post=65966"},{"taxonomy":"post_tag","embeddable":true,"href":"https:\/\/diariodominicano.com\/index.php?rest_route=%2Fwp%2Fv2%2Ftags&post=65966"}],"curies":[{"name":"wp","href":"https:\/\/api.w.org\/{rel}","templated":true}]}}