{"id":659652,"date":"2026-01-11T09:40:46","date_gmt":"2026-01-11T13:40:46","guid":{"rendered":"https:\/\/diariodominicano.com\/?p=659652"},"modified":"2026-01-11T09:40:51","modified_gmt":"2026-01-11T13:40:51","slug":"compartiendo-dialogos-conmigo-mismo-78","status":"publish","type":"post","link":"https:\/\/diariodominicano.com\/?p=659652","title":{"rendered":"COMPARTIENDO DI\u00c1LOGOS CONMIGO MISMO"},"content":{"rendered":"\n<p><strong>EN LA HUMANIDAD DEL HIJO;<\/strong><\/p>\n\n\n\n<p><strong>VEMOS EL ROSTRO DEL PADRE<\/strong><\/p>\n\n\n\n<p><strong><em>SOMOS HIJOS DE LA PROVIDENCIA: Manifestarnos como obra sobrehumana y descubrirnos confiados a sus manos, sentirnos acogidos y recogidos en un abrazo de cari\u00f1o, nos da sustento de alegr\u00eda, porque nos sostiene liberados del pecado. Todo se asienta en un sensato v\u00ednculo con Jesucristo, en una correspondencia de buen fondo y conciliadora forma, que nos orienta y da sentido a nuestros pasos. \u00c9l nos levanta de las ca\u00eddas y con el renuevo del sagrado soplo, nos remonta al Padre.<\/em><\/strong><\/p>\n\n\n\n<p><strong>I.- EL MES\u00cdAS EN EL JORD\u00c1N;<\/strong><\/p>\n\n\n\n<p><strong>CON JUAN EL BAUTISTA<a><\/a><a><\/a><a><\/a><a><\/a><a><\/a><a><\/a><a><\/a><a><\/a><a><\/a><a><\/a><a><\/a><a><\/a><a><\/a><a><\/a><a><\/a><a><\/a><a><\/a><a><\/a><a><\/a><a><\/a><a><\/a><a><\/a><a><\/a><a><\/a><a><\/a><a><\/a><a><\/a><\/strong><\/p>\n\n\n\n<p>Esta vida es un pulso sorprendente,<\/p>\n\n\n\n<p>cargada de pausas que nos realzan,<\/p>\n\n\n\n<p>repleta de ritmos que nos cautivan,<\/p>\n\n\n\n<p>colmada de rimas que nos reviven,<\/p>\n\n\n\n<p>pues somos puro coraz\u00f3n ang\u00e9lico.<\/p>\n\n\n\n<p>Comencemos por rastrear y querer<\/p>\n\n\n\n<p>encontrarnos, que el que se rastrea,<\/p>\n\n\n\n<p>siempre se descubre en penitencia,<\/p>\n\n\n\n<p>deseoso de no aislarse y de anidar,<\/p>\n\n\n\n<p>en comuni\u00f3n y en viva comunidad.&nbsp;<\/p>\n\n\n\n<p>Nos abaten las manchas del pecado;<\/p>\n\n\n\n<p>la purificaci\u00f3n humana es un deseo,<\/p>\n\n\n\n<p>que implica reunirse para conciliar,&nbsp;<\/p>\n\n\n\n<p>y reconciliarse con la n\u00edtida verdad,<\/p>\n\n\n\n<p>que nos enaltece de bondad estable.<\/p>\n\n\n\n<p><strong>II.- DARSE UN BA\u00d1O DE DIOS;<\/strong><\/p>\n\n\n\n<p><strong>CON EL ET\u00c9REO DEJAR HACER<\/strong><\/p>\n\n\n\n<p>Ser bautizado en el Esp\u00edritu celeste,<\/p>\n\n\n\n<p>es estar humedecido de irradiaci\u00f3n,<\/p>\n\n\n\n<p>es dotarse de fiel adhesi\u00f3n al Padre,<\/p>\n\n\n\n<p>es invitarse a darse un devoto ba\u00f1o,<\/p>\n\n\n\n<p>hasta empaparse de amor beat\u00edfico.<\/p>\n\n\n\n<p>Penetrado por este ardor venerable,<\/p>\n\n\n\n<p>uno se rehace y se hace al Creador,<\/p>\n\n\n\n<p>resurge el Ni\u00f1o y surge la efusi\u00f3n,<\/p>\n\n\n\n<p>la viveza de la fe que nos enamora,<\/p>\n\n\n\n<p>la pasi\u00f3n del Se\u00f1or que nos redime.<\/p>\n\n\n\n<p>S\u00f3lo hay que dejarse querer por \u00c9l,<\/p>\n\n\n\n<p>sumergirse en su aut\u00e9ntica palabra,<\/p>\n\n\n\n<p>abandonarse con el latir despojado,<\/p>\n\n\n\n<p>con el alma cubierta de alabanzas,<\/p>\n\n\n\n<p>y el cuerpo recubierto de fidelidad.<\/p>\n\n\n\n<p><strong>III.- SENTIR LOS CIELOS CLAROS;<\/strong><\/p>\n\n\n\n<p><strong>CON LA CLARIVIDENCIA DE TODOS<\/strong><\/p>\n\n\n\n<p>El cielo se nos abre como llamada,<\/p>\n\n\n\n<p>la fiesta no puede ser m\u00e1s gloriosa,<\/p>\n\n\n\n<p>se funda por ello en una evidencia,<\/p>\n\n\n\n<p>en una relaci\u00f3n personal con Jes\u00fas,<\/p>\n\n\n\n<p>que nos fortalece para poder vivir.<\/p>\n\n\n\n<p>Hermanarse con Cristo es resucitar<\/p>\n\n\n\n<p>a un conf\u00edn,&nbsp; que es fuente de amor;<\/p>\n\n\n\n<p>lindero existencial de misericordia,<\/p>\n\n\n\n<p>para transferirnos a una vida plena,<\/p>\n\n\n\n<p>en uni\u00f3n con los dem\u00e1s y con Dios.<\/p>\n\n\n\n<p>Los caminos apacibles nos elevan,<\/p>\n\n\n\n<p>nos llenan de albor y nos purifican,<\/p>\n\n\n\n<p>oc\u00e9ano adentro nos desenmascaran,<\/p>\n\n\n\n<p>hasta el extremo de desenredarnos,<\/p>\n\n\n\n<p>de los ahogos de este mundo cruel.<\/p>\n\n\n\n<p><strong>V\u00edctor CORCOBA HERRERO<\/strong><\/p>\n\n\n\n<p><a href=\"mailto:corcoba@telefonica.net\" target=\"_blank\" rel=\"noreferrer noopener\"><strong>corcoba@telefonica.net<\/strong><\/a><\/p>\n\n\n\n<p><strong>10 de Enero de 2025.-<\/strong><\/p>\n","protected":false},"excerpt":{"rendered":"<p>EN LA HUMANIDAD DEL HIJO; VEMOS EL ROSTRO DEL PADRE SOMOS HIJOS DE LA PROVIDENCIA: Manifestarnos como obra sobrehumana y descubrirnos confiados a sus manos, sentirnos acogidos y recogidos en un abrazo de cari\u00f1o, nos da sustento de alegr\u00eda, porque nos sostiene liberados del pecado. Todo se asienta en un sensato v\u00ednculo con Jesucristo, en [&hellip;]<\/p>\n","protected":false},"author":2,"featured_media":495064,"comment_status":"closed","ping_status":"closed","sticky":false,"template":"","format":"standard","meta":{"footnotes":""},"categories":[21,36,19],"tags":[],"class_list":["post-659652","post","type-post","status-publish","format-standard","has-post-thumbnail","hentry","category-cultura","category-hombresmujeresycosas","category-mi-voz"],"_links":{"self":[{"href":"https:\/\/diariodominicano.com\/index.php?rest_route=\/wp\/v2\/posts\/659652","targetHints":{"allow":["GET"]}}],"collection":[{"href":"https:\/\/diariodominicano.com\/index.php?rest_route=\/wp\/v2\/posts"}],"about":[{"href":"https:\/\/diariodominicano.com\/index.php?rest_route=\/wp\/v2\/types\/post"}],"author":[{"embeddable":true,"href":"https:\/\/diariodominicano.com\/index.php?rest_route=\/wp\/v2\/users\/2"}],"replies":[{"embeddable":true,"href":"https:\/\/diariodominicano.com\/index.php?rest_route=%2Fwp%2Fv2%2Fcomments&post=659652"}],"version-history":[{"count":1,"href":"https:\/\/diariodominicano.com\/index.php?rest_route=\/wp\/v2\/posts\/659652\/revisions"}],"predecessor-version":[{"id":659653,"href":"https:\/\/diariodominicano.com\/index.php?rest_route=\/wp\/v2\/posts\/659652\/revisions\/659653"}],"wp:featuredmedia":[{"embeddable":true,"href":"https:\/\/diariodominicano.com\/index.php?rest_route=\/wp\/v2\/media\/495064"}],"wp:attachment":[{"href":"https:\/\/diariodominicano.com\/index.php?rest_route=%2Fwp%2Fv2%2Fmedia&parent=659652"}],"wp:term":[{"taxonomy":"category","embeddable":true,"href":"https:\/\/diariodominicano.com\/index.php?rest_route=%2Fwp%2Fv2%2Fcategories&post=659652"},{"taxonomy":"post_tag","embeddable":true,"href":"https:\/\/diariodominicano.com\/index.php?rest_route=%2Fwp%2Fv2%2Ftags&post=659652"}],"curies":[{"name":"wp","href":"https:\/\/api.w.org\/{rel}","templated":true}]}}