{"id":65965,"date":"2012-04-03T18:41:57","date_gmt":"2012-04-03T18:41:57","guid":{"rendered":"http:\/\/diariodominicano.ddns.net\/?p=65965"},"modified":"2012-04-03T18:41:57","modified_gmt":"2012-04-03T18:41:57","slug":"franklin-gutierrez-pondra-en-circulacion-obra-sobre-cementerios-dominicanos","status":"publish","type":"post","link":"https:\/\/diariodominicano.com\/?p=65965","title":{"rendered":"Franklin Guti\u00e9rrez pondr\u00e1 en circulaci\u00f3n obra sobre cementerios dominicanos"},"content":{"rendered":"<p><body><\/p>\n<p><img decoding=\"async\" src=\"img3\/Franklin.JPG\" \/>  <\/p>\n<p><span class=\"text1noticias\">Rep.Dom, 03 de Abril 02:40 P.M.-El escritor y catedr\u00e1tico de literatura latinoamericana y caribe\u00f1a de The City University of New York, Dr. Franklin Guti\u00e9rrez, pondr\u00e1 en circulaci\u00f3n una nueva producci\u00f3n literaria titulada De Cementerios, Varones y Tumbas: m\u00faltiples caras de la muerte en la cultura y la literatura dominicana.  <\/span><\/p>\n<p><span class=\"text1noticias\"> <\/span><\/p>\n<p><span class=\"text1noticias\">       La obra, sustentada en fuentes directas obtenidas por Guti\u00e9rrez en m\u00e1s de doscientos cementerios dominicanos y en varios extranjeros donde hay dominicanos ilustres sepultados, es la primera en su g\u00e9nero escrita en la Rep\u00fablica Dominicana. .<\/span><\/p>\n<p><span class=\"text1noticias\"> <\/span><\/p>\n<p><span class=\"text1noticias\">       M\u00e1s que una muestra iconogr\u00e1fica de l\u00e1pidas, cruces, tumbas, panteones y malezas herb\u00e1ceas, De Cementerios, Varones y Tumbas es un texto cuidadosamente documentado que ofrece un espacio para la reflexi\u00f3n sobre un tema ajeno a la preferencia de muchos lectores que desde\u00f1an la transitoriedad de la vida y rechazan la eternidad de la muerte.<\/span><\/p>\n<p><span class=\"text1noticias\"> <\/span><\/p>\n<p><span class=\"text1noticias\">       Compuesta por diez cap\u00edtulos, distribuidos en casi 400 p\u00e1ginas, en ella el autor analiza el estado f\u00edsico de los cementerios criollos, el siempre intrigante y respetado tema del Var\u00f3n del cementerio, los epitafios como agentes purificadores de las almas de los difuntos, la recurrencia de la muerte en algunas de las voces m\u00e1s notables de la l\u00edrica quisqueyana y las desavenencias personales y existenciales insolubles en vida, que muchos llevan hasta en la tumba.<\/span><\/p>\n<p><span class=\"text1noticias\"> <\/span><\/p>\n<p><span class=\"text1noticias\">       La secci\u00f3n titulada \u00abDe gobernantes, pol\u00edticos y escritores\u00bb, est\u00e1 orientada al an\u00e1lisis de las circunstancias particulares que convirtieron a muchos de esos actores de la vida nacional en figuras de notorias y, muchas veces, controversiales. Los juicios sobre ellos no son antojadizos, sino que responden a una valoraci\u00f3n equilibrada y bien meditada.<\/span><\/p>\n<p><span class=\"text1noticias\"> <\/span><\/p>\n<p><span class=\"text1noticias\">       El cap\u00edtulo \u00abGaler\u00eda luctuosa del Jefe y del Doctor\u00bb es un homenaje intensamente sentido a aquellos pensadores y so\u00f1adores pol\u00edticos que entregaron todo, incluyendo sus vidas, al servicio del bien com\u00fan y de la buena salud de la Patria.<\/span><\/p>\n<p><span class=\"text1noticias\"> <\/span><\/p>\n<p><span class=\"text1noticias\">       La presentaci\u00f3n de De Cementerios, Varones y Tumbas ser\u00e1 el 13 de abril, a las 7:30 p.m., en la sala de cultura del Teatro Nacional, y estar\u00e1 a cargo del Ministro de Cultura, Lic. Jos\u00e9 Rafael Lantigua.   <\/span><\/p>\n<p><span class=\"text1noticias\"> <\/span><\/p>\n<p><span class=\"text1noticias\">       La actividad forma parte del ciclo pre inaugural de la XV Feria Internacional del Libro de Santo Domingo, a celebrarse entre el 18 de abril y el 6 de mayo del 2012.(HG)<\/span>.<\/p>\n<h6> 2012-04-03 18:41:57 <\/h6>\n<p><!--\n<link rel=\"stylesheet\" href=\"css\/bootstrap.min.css\">\n\n\n<ul class=\"pagination\">\n\t    \n\t\n\n<li >\n\t<a href='?page_no=17642'>Previous<\/a>\n\t<\/li>\n\n\n       \n    \n\n<li><a href='?page_no=1'>1<\/a><\/li>\n\n\n\n<li><a href='?page_no=2'>2<\/a><\/li>\n\n\n\n<li><a>...<\/a><\/li>\n\n\n\n<li><a href='?page_no=17641'>17641<\/a><\/li>\n\n\n\n<li><a href='?page_no=17642'>17642<\/a><\/li>\n\n\n\n<li class='active'><a>17643<\/a><\/li>\n\n\n\n<li><a href='?page_no=17644'>17644<\/a><\/li>\n\n\n\n<li><a href='?page_no=17645'>17645<\/a><\/li>\n\n\n\n<li><a>...<\/a><\/li>\n\n\n\n<li><a href='?page_no=22911'>22911<\/a><\/li>\n\n\n\n<li><a href='?page_no=22912'>22912<\/a><\/li>\n\n    \n\t\n\n<li >\n\t<a href='?page_no=17644'>Next<\/a>\n\t<\/li>\n\n\n    \n\n<li><a href='?page_no=22912'>Last &rsaquo;&rsaquo;<\/a><\/li>\n\n<\/ul>\n\n\n--><br \/>\n<\/body><\/p>\n","protected":false},"excerpt":{"rendered":"<p>Rep.Dom, 03 de Abril 02:40 P.M.-El escritor y catedr\u00e1tico de literatura latinoamericana y caribe\u00f1a de The City University of New York, Dr. Franklin Guti\u00e9rrez, pondr\u00e1 en circulaci\u00f3n una nueva producci\u00f3n literaria titulada De Cementerios, Varones y Tumbas: m\u00faltiples caras de la muerte en la cultura y la literatura dominicana. La obra, sustentada en fuentes directas [&hellip;]<\/p>\n","protected":false},"author":3,"featured_media":0,"comment_status":"open","ping_status":"open","sticky":false,"template":"","format":"standard","meta":{"footnotes":""},"categories":[21],"tags":[],"class_list":["post-65965","post","type-post","status-publish","format-standard","hentry","category-cultura"],"_links":{"self":[{"href":"https:\/\/diariodominicano.com\/index.php?rest_route=\/wp\/v2\/posts\/65965","targetHints":{"allow":["GET"]}}],"collection":[{"href":"https:\/\/diariodominicano.com\/index.php?rest_route=\/wp\/v2\/posts"}],"about":[{"href":"https:\/\/diariodominicano.com\/index.php?rest_route=\/wp\/v2\/types\/post"}],"author":[{"embeddable":true,"href":"https:\/\/diariodominicano.com\/index.php?rest_route=\/wp\/v2\/users\/3"}],"replies":[{"embeddable":true,"href":"https:\/\/diariodominicano.com\/index.php?rest_route=%2Fwp%2Fv2%2Fcomments&post=65965"}],"version-history":[{"count":0,"href":"https:\/\/diariodominicano.com\/index.php?rest_route=\/wp\/v2\/posts\/65965\/revisions"}],"wp:attachment":[{"href":"https:\/\/diariodominicano.com\/index.php?rest_route=%2Fwp%2Fv2%2Fmedia&parent=65965"}],"wp:term":[{"taxonomy":"category","embeddable":true,"href":"https:\/\/diariodominicano.com\/index.php?rest_route=%2Fwp%2Fv2%2Fcategories&post=65965"},{"taxonomy":"post_tag","embeddable":true,"href":"https:\/\/diariodominicano.com\/index.php?rest_route=%2Fwp%2Fv2%2Ftags&post=65965"}],"curies":[{"name":"wp","href":"https:\/\/api.w.org\/{rel}","templated":true}]}}