{"id":65963,"date":"2012-04-03T20:47:57","date_gmt":"2012-04-03T20:47:57","guid":{"rendered":"http:\/\/diariodominicano.ddns.net\/?p=65963"},"modified":"2012-04-03T20:47:57","modified_gmt":"2012-04-03T20:47:57","slug":"comision-de-efemerides-patrias-de-barahona-realizo-el-concurso-pinta-tu-patria","status":"publish","type":"post","link":"https:\/\/diariodominicano.com\/?p=65963","title":{"rendered":"Comisi\u00f3n de Efem\u00e9rides Patrias de Barahona, realiz\u00f3 el concurso Pinta Tu Patria"},"content":{"rendered":"<p><body><\/p>\n<p><img decoding=\"async\" src=\"img3\/PINTURAS.jpg\" \/>  <\/p>\n<p><span class=\"text1noticias\">Rep.Dom. 03 de Abril 04:48 P.M.-La Comisi\u00f3n Provincial de Efem\u00e9rides Patrias, realiz\u00f2 el concurso Infantil Pinta Tu Patria, con la participaci\u00f2n de estudiantes de 15 centros educativos de esta ciudad y los  ganadores tres primeros lugares fueron premiados con computadoras. <\/span><\/p>\n<\/p>\n<p><span class=\"text1noticias\">El evento se realiz\u00f3 en el Parque Tem\u00e1tico (Infantil), ubicado en Malec\u00f3n de aqu\u00ed y participaron estudiantes del nivel B\u00e1sica, quienes exhibieron sus pinturas acompa\u00f1ados de maestros y compa\u00f1eros de clases.<\/span><\/p>\n<\/p>\n<p><span class=\"text1noticias\">La ganadora del primer lugar fue Elin Pe\u00f1a G\u00f3mez, de la escuela Academia Franciscana, mientras que el segundo y tercer lugar lo ganaron Deseado Matos, del Club de Leones y Teuddy Ram\u00edrez de Centro Educativo Los Lirios, respectivamente.<\/span><\/p>\n<\/p>\n<p><span class=\"text1noticias\">Estos estudiantes pintaron la Batalla del 30 de marzo, la Puerta del Conde y el Escudo Nacional, de una forma original seg\u00fan explic\u00f3 el pintor barahonero Oriol Rodr\u00edguez, jurado de la actividad.<\/span><\/p>\n<\/p>\n<p><span class=\"text1noticias\">Los premios del concurso fueron otorgados por la gobernaci\u00f3n de la provincia y cont\u00f3 con el apoyo de la Regional de Educaci\u00f3n y la alcald\u00eda de este municipio.<\/span><\/p>\n<\/p>\n<p><span class=\"text1noticias\">El coordinador de la Comisi\u00f3n, Bienvenido Heredia destac\u00f3 la importancia del concurso, el que dijo logro sus objetivos de estimular a los estudiantes a pintar los s\u00edmbolos patrios .<\/span><\/p>\n<\/p>\n<p><span class=\"text1noticias\">El coro de poes\u00eda coreada de la escuela Mar\u00eda Montez y el grupo de danza cristiana del centro educativo CENEDI, deleitaron a los presentes .<\/span><\/p>\n<\/p>\n<p><span class=\"text1noticias\">Participaron la directora regional de Conani, Deisy Turb\u00ec, la vice-alcaldesa Sonia F\u00e8liz, el licenciado Jairo Trinidad, en representaci\u00f3n de la Regional de Educaci\u00f3n y por la comisi\u00f3n de Efem\u00e9rides Patrias, adem\u00e1s de Heredia, Keila Isabel Bourroughs, Elizabeth Andino, F\u00e9lix Betances, Lissy Feliz, V\u00edctor Manuel Rodr\u00edguez, entre otros.(HG)<\/span>.<\/p>\n<h6> 2012-04-03 20:47:57 <\/h6>\n<p><!--\n<link rel=\"stylesheet\" href=\"css\/bootstrap.min.css\">\n\n\n<ul class=\"pagination\">\n\t    \n\t\n\n<li >\n\t<a href='?page_no=17640'>Previous<\/a>\n\t<\/li>\n\n\n       \n    \n\n<li><a href='?page_no=1'>1<\/a><\/li>\n\n\n\n<li><a href='?page_no=2'>2<\/a><\/li>\n\n\n\n<li><a>...<\/a><\/li>\n\n\n\n<li><a href='?page_no=17639'>17639<\/a><\/li>\n\n\n\n<li><a href='?page_no=17640'>17640<\/a><\/li>\n\n\n\n<li class='active'><a>17641<\/a><\/li>\n\n\n\n<li><a href='?page_no=17642'>17642<\/a><\/li>\n\n\n\n<li><a href='?page_no=17643'>17643<\/a><\/li>\n\n\n\n<li><a>...<\/a><\/li>\n\n\n\n<li><a href='?page_no=22911'>22911<\/a><\/li>\n\n\n\n<li><a href='?page_no=22912'>22912<\/a><\/li>\n\n    \n\t\n\n<li >\n\t<a href='?page_no=17642'>Next<\/a>\n\t<\/li>\n\n\n    \n\n<li><a href='?page_no=22912'>Last &rsaquo;&rsaquo;<\/a><\/li>\n\n<\/ul>\n\n\n--><br \/>\n<\/body><\/p>\n","protected":false},"excerpt":{"rendered":"<p>Rep.Dom. 03 de Abril 04:48 P.M.-La Comisi\u00f3n Provincial de Efem\u00e9rides Patrias, realiz\u00f2 el concurso Infantil Pinta Tu Patria, con la participaci\u00f2n de estudiantes de 15 centros educativos de esta ciudad y los ganadores tres primeros lugares fueron premiados con computadoras. El evento se realiz\u00f3 en el Parque Tem\u00e1tico (Infantil), ubicado en Malec\u00f3n de aqu\u00ed y [&hellip;]<\/p>\n","protected":false},"author":3,"featured_media":0,"comment_status":"open","ping_status":"open","sticky":false,"template":"","format":"standard","meta":{"footnotes":""},"categories":[21],"tags":[],"class_list":["post-65963","post","type-post","status-publish","format-standard","hentry","category-cultura"],"_links":{"self":[{"href":"https:\/\/diariodominicano.com\/index.php?rest_route=\/wp\/v2\/posts\/65963","targetHints":{"allow":["GET"]}}],"collection":[{"href":"https:\/\/diariodominicano.com\/index.php?rest_route=\/wp\/v2\/posts"}],"about":[{"href":"https:\/\/diariodominicano.com\/index.php?rest_route=\/wp\/v2\/types\/post"}],"author":[{"embeddable":true,"href":"https:\/\/diariodominicano.com\/index.php?rest_route=\/wp\/v2\/users\/3"}],"replies":[{"embeddable":true,"href":"https:\/\/diariodominicano.com\/index.php?rest_route=%2Fwp%2Fv2%2Fcomments&post=65963"}],"version-history":[{"count":0,"href":"https:\/\/diariodominicano.com\/index.php?rest_route=\/wp\/v2\/posts\/65963\/revisions"}],"wp:attachment":[{"href":"https:\/\/diariodominicano.com\/index.php?rest_route=%2Fwp%2Fv2%2Fmedia&parent=65963"}],"wp:term":[{"taxonomy":"category","embeddable":true,"href":"https:\/\/diariodominicano.com\/index.php?rest_route=%2Fwp%2Fv2%2Fcategories&post=65963"},{"taxonomy":"post_tag","embeddable":true,"href":"https:\/\/diariodominicano.com\/index.php?rest_route=%2Fwp%2Fv2%2Ftags&post=65963"}],"curies":[{"name":"wp","href":"https:\/\/api.w.org\/{rel}","templated":true}]}}