{"id":65962,"date":"2012-04-03T21:46:02","date_gmt":"2012-04-03T21:46:02","guid":{"rendered":"http:\/\/diariodominicano.ddns.net\/?p=65962"},"modified":"2012-04-03T21:46:02","modified_gmt":"2012-04-03T21:46:02","slug":"dominicana-tiene-en-jarabacoa-un-destino-cultural-y-religioso","status":"publish","type":"post","link":"https:\/\/diariodominicano.com\/?p=65962","title":{"rendered":"Dominicana tiene en Jarabacoa un destino cultural y religioso"},"content":{"rendered":"<p><body><\/p>\n<p><img decoding=\"async\" src=\"img3\/iglesia.jpg\" \/>  <\/p>\n<p><span class=\"text1noticias\">Rep.Dom. 3 abr 05:48 P.M. (PL) Jarabacoa, en la provincia central de La Vega, es m\u00e1s conocido como polo de monta\u00f1a y aventura, pero tambi\u00e9n resulta un destino dominicano cultural y religioso, seg\u00fan el diario de informaci\u00f3n tur\u00edstica.<\/span><\/p>\n<\/p>\n<p><span class=\"text1noticias\">  El Domingo de Ramos, que marca el inicio de la Semana Santa para los cristianos, se celebr\u00f3 en el monasterio de Santa Mar\u00eda del Evangelio, enclavado a escasos seis kil\u00f3metros de la localidad monta\u00f1osa de Jarabacoa, una modesta procesi\u00f3n, acompa\u00f1ada de cantos gregorianos, elemento importante del oficio mon\u00e1stico.<\/span><\/p>\n<\/p>\n<p><span class=\"text1noticias\">M\u00e1s de un centenar de creyentes asistieron a este monasterio en la cordillera central que solo abre sus puertas los domingos o en fechas clave de la liturgia cat\u00f3lica.<\/span><\/p>\n<\/p>\n<p><span class=\"text1noticias\">Durante esta semana, el Jueves Santo, se recordar\u00e1 la \u00faltima cena de Jesucristo, el viernes se seguir\u00e1 la Pasi\u00f3n y Muerte de Jes\u00fas, el s\u00e1bado se har\u00e1 una solemne vigilia que espera la resurrecci\u00f3n del que el nuevo Testamento llama el Hijos de Dios.<\/span><\/p>\n<\/p>\n<p><span class=\"text1noticias\">El domingo de Pascua o resurrecci\u00f3n se realizar\u00e1 un servicio religioso en horas de la ma\u00f1ana, informaron fuentes del centro religioso.<\/span><\/p>\n<\/p>\n<p><span class=\"text1noticias\">El monasterio est\u00e1 habitado por una peque\u00f1a comunidad de monjes <\/span><\/p>\n<\/p>\n<p><span class=\"text1noticias\">Cistercienses, orden religiosa fundada por san Roberto de Molesmes, monje benedictino, en el siglo XI, con el fin de observar m\u00e1s estrictamente las reglas mon\u00e1sticas y vivir con un mayor ascetismo, consagrados al trabajo en el cultivo de la tierra y otras tareas menores.<\/span><\/p>\n<\/p>\n<p><span class=\"text1noticias\">Seg\u00fan la vieja tradici\u00f3n mon\u00e1stica, el beneficio que reportan estos trabajos deben servir para cubrir los gastos de su comunidad y para ayudar a los m\u00e1s necesitados.<\/span><\/p>\n<\/p>\n<p><span class=\"text1noticias\">Este monasterio tambi\u00e9n atiende una peque\u00f1a hospeder\u00eda destinada a dar alojamiento a quienes quieren vivir una experiencia de meditaci\u00f3n y oraci\u00f3n.(HG)<\/span>.<\/p>\n<h6> 2012-04-03 21:46:02 <\/h6>\n<p><!--\n<link rel=\"stylesheet\" href=\"css\/bootstrap.min.css\">\n\n\n<ul class=\"pagination\">\n\t    \n\t\n\n<li >\n\t<a href='?page_no=17639'>Previous<\/a>\n\t<\/li>\n\n\n       \n    \n\n<li><a href='?page_no=1'>1<\/a><\/li>\n\n\n\n<li><a href='?page_no=2'>2<\/a><\/li>\n\n\n\n<li><a>...<\/a><\/li>\n\n\n\n<li><a href='?page_no=17638'>17638<\/a><\/li>\n\n\n\n<li><a href='?page_no=17639'>17639<\/a><\/li>\n\n\n\n<li class='active'><a>17640<\/a><\/li>\n\n\n\n<li><a href='?page_no=17641'>17641<\/a><\/li>\n\n\n\n<li><a href='?page_no=17642'>17642<\/a><\/li>\n\n\n\n<li><a>...<\/a><\/li>\n\n\n\n<li><a href='?page_no=22911'>22911<\/a><\/li>\n\n\n\n<li><a href='?page_no=22912'>22912<\/a><\/li>\n\n    \n\t\n\n<li >\n\t<a href='?page_no=17641'>Next<\/a>\n\t<\/li>\n\n\n    \n\n<li><a href='?page_no=22912'>Last &rsaquo;&rsaquo;<\/a><\/li>\n\n<\/ul>\n\n\n--><br \/>\n<\/body><\/p>\n","protected":false},"excerpt":{"rendered":"<p>Rep.Dom. 3 abr 05:48 P.M. (PL) Jarabacoa, en la provincia central de La Vega, es m\u00e1s conocido como polo de monta\u00f1a y aventura, pero tambi\u00e9n resulta un destino dominicano cultural y religioso, seg\u00fan el diario de informaci\u00f3n tur\u00edstica. El Domingo de Ramos, que marca el inicio de la Semana Santa para los cristianos, se celebr\u00f3 [&hellip;]<\/p>\n","protected":false},"author":3,"featured_media":0,"comment_status":"open","ping_status":"open","sticky":false,"template":"","format":"standard","meta":{"footnotes":""},"categories":[21],"tags":[],"class_list":["post-65962","post","type-post","status-publish","format-standard","hentry","category-cultura"],"_links":{"self":[{"href":"https:\/\/diariodominicano.com\/index.php?rest_route=\/wp\/v2\/posts\/65962","targetHints":{"allow":["GET"]}}],"collection":[{"href":"https:\/\/diariodominicano.com\/index.php?rest_route=\/wp\/v2\/posts"}],"about":[{"href":"https:\/\/diariodominicano.com\/index.php?rest_route=\/wp\/v2\/types\/post"}],"author":[{"embeddable":true,"href":"https:\/\/diariodominicano.com\/index.php?rest_route=\/wp\/v2\/users\/3"}],"replies":[{"embeddable":true,"href":"https:\/\/diariodominicano.com\/index.php?rest_route=%2Fwp%2Fv2%2Fcomments&post=65962"}],"version-history":[{"count":0,"href":"https:\/\/diariodominicano.com\/index.php?rest_route=\/wp\/v2\/posts\/65962\/revisions"}],"wp:attachment":[{"href":"https:\/\/diariodominicano.com\/index.php?rest_route=%2Fwp%2Fv2%2Fmedia&parent=65962"}],"wp:term":[{"taxonomy":"category","embeddable":true,"href":"https:\/\/diariodominicano.com\/index.php?rest_route=%2Fwp%2Fv2%2Fcategories&post=65962"},{"taxonomy":"post_tag","embeddable":true,"href":"https:\/\/diariodominicano.com\/index.php?rest_route=%2Fwp%2Fv2%2Ftags&post=65962"}],"curies":[{"name":"wp","href":"https:\/\/api.w.org\/{rel}","templated":true}]}}