{"id":659611,"date":"2026-01-10T23:43:01","date_gmt":"2026-01-11T03:43:01","guid":{"rendered":"https:\/\/diariodominicano.com\/?p=659611"},"modified":"2026-01-10T23:43:48","modified_gmt":"2026-01-11T03:43:48","slug":"prm-y-gobierno-financian-campana-contra-el-lider-de-la-oposicion-dominicana-leonel-fernandez-asegura-roberto-rosario","status":"publish","type":"post","link":"https:\/\/diariodominicano.com\/?p=659611","title":{"rendered":"PRM y Gobierno Financian campa\u00f1a contra el l\u00edder de la oposici\u00f3n dominicana Leonel Fern\u00e1ndez, asegura Roberto Rosario\u00a0"},"content":{"rendered":"\n<p>El doctor Roberto Rosario, ex presidente de la Junta Central Electoral  y miembro de la Direcci\u00f3n Pol\u00edtica de Fuerza del Pueblo, asegur\u00f3  que el PRM y el Gobierno Financian  campa\u00f1a contra el l\u00edder de la oposici\u00f3n dominicana, el doctor Leonel Fern\u00e1ndez.<\/p>\n\n\n\n<p><\/p>\n\n\n\n<p>Sostuvo que las  cr\u00edticas contra Leonel Fern\u00e1ndez, \u00abno es por la posici\u00f3n expuesta sobre la crisis  venezolana y los acontecimientos ocurridos en el hermano pa\u00eds , en verdad, obedecen al posicionamiento electoral del l\u00edder de la oposici\u00f3n, que a dos (2) a\u00f1os antes de las elecciones en RD en el 2028, un 42 % de la poblaci\u00f3n se identifica con \u00e9l como una necesidad nacional, para sacar de nuevo al pueblo dominicano del desastre en que lo tiene el gobierno del PRM y Luis Abinader\u00bb..\u00a0\u00a0<\/p>\n\n\n\n<p>El doctor Rosario llam\u00f3 la atenci\u00f3n  de que Leonel Fern\u00e1ndez es coherente con su\u00a0 rol como promotor de La Paz,\u00a0 por lo que  llam\u00f3 e hizo gestiones para lograr un entendimiento sin derramar\u00a0sangre en Venezuela.<\/p>\n\n\n\n<p>A trav\u00e9s de un  documento de prensa el  doctor Roberto Rosario, tambi\u00e9n sostuvo  que \u00bb Algunos pol\u00edticos y comunicadores, as\u00ed como la bater\u00eda de contratados y pagadas en los medios y las redes, han desplegado una ofensiva en contra de Leonel Fern\u00e1ndez, y sostuvo  est\u00e1n ofendidos porque el l\u00edder de la oposici\u00f3n  llam\u00f3 a LA PAZ , y a buscar una salida negociada a la crisis Venezolana.\u00a0<\/p>\n\n\n\n<p>El ex presidente de la JCE y dirigente de Fuerza del Pueblo, con experiencia de  observador electoral, tambi\u00e9n precis\u00f3  el rol de un observador electoral al  referirse a la campa\u00f1a en desarrollo contra el ex presidente y l\u00edder de la oposici\u00f3n pol\u00edtica  dominicana, el  Leonel Fern\u00e1ndez. <\/p>\n\n\n\n<p>Record\u00f3  que a  un  observador electoral le  est\u00e1 vedado tomar partido o involucrarse en disputas internas. \u00abHe sido observador y coordinador de misiones de observaci\u00f3n en representaci\u00f3n de UNIORE y como presidente que fui, de la Organizaci\u00f3n mundial de \u00f3rganos electorales, conozco sus funciones y limitaciones\u00bb .\u00a0<\/p>\n\n\n\n<p>.<strong>Diario Dominicano publica a continuaci\u00f3n el documento de prensa del doctor Roberto Rosario, en el que denuncia la campa\u00f1a contra el ex presidente Fern\u00e1ndez, la que atribuye al PRM y el Gobierno del PRM del presidente Luis Abinader<\/strong>;<\/p>\n\n\n\n<p><strong>En la semana que cierra, el l\u00edder de la FP y del pueblo dominicano @leonelFernandez, tuvo una comparecencia en los medios de comunicaci\u00f3n, rememorando su papel como observador electoral, en varias elecciones en Am\u00e9rica.\u00a0<\/strong><\/p>\n\n\n\n<p>Para los que ignoran el tema, un observador est\u00e1 vedado de tomar partido o involucrarse en disputas internas. He sido observador y coordinador de misiones de observaci\u00f3n en representaci\u00f3n de UNIORE y como presidente que fui, de la Organizaci\u00f3n mundial de \u00f3rganos electorales, conozco sus funciones y limitaciones .&nbsp;<\/p>\n\n\n\n<p>Tal como inform\u00f3 LF igual que el Centro Cartel, fij\u00f3 posici\u00f3n en el sentido de qu\u00e9 no se proclamara un ganador hasta que se tuvieran y revisaran todas las actas. Hasta ah\u00ed actu\u00f3 apegado a su misi\u00f3n .&nbsp;<\/p>\n\n\n\n<p>Leonel coherente con su&nbsp; rol como promotor de La Paz,&nbsp; llam\u00f3 e hizo gestiones para lograr un entendimiento sin derramar&nbsp; sangre \u00bf es eso negativo? \u00bf Qu\u00e9 se esperaba ?&nbsp; \u00a1 Que llamara a la insurrecci\u00f3n, a la guerra ! Ese no era su rol, ni ser\u00eda el Leonel Fern\u00e1ndez que el pueblo dominicano conoce y sigue.&nbsp;<\/p>\n\n\n\n<p>En su alocuci\u00f3n reitero su llamado a la Paz , a la soluci\u00f3n pac\u00edfica de la controversias y al respeto a la soberan\u00eda de los pueblos.<\/p>\n\n\n\n<p>Algunos pol\u00edticos y comunicadores, as\u00ed como la bater\u00eda de contratados y pagadas en los medios y las redes, han desplegado una ofensiva en contra de Leonel Fern\u00e1ndez, est\u00e1n ofendidos porque el l\u00edder de la oposici\u00f3n dominicana llam\u00f3 a LA PAZ , y a buscar una salida negociada a la crisis Venezolana.&nbsp;<\/p>\n\n\n\n<p>Nosotros preguntamos \u00bf acaso EEUU y los Chavistas, no negociaron y siguen negociando? \u00bf Es incorrecto que Trump negocie con la Vicepresidenta de Venezuela, de Maduro y \u00e9l chavismo ?&nbsp;<\/p>\n\n\n\n<p>El presidente de la Fuerza Del Pueblo actu\u00f3 correctamente, su alocuci\u00f3n es para el presente y para el futuro, como figura hist\u00f3rica.&nbsp;<\/p>\n\n\n\n<p>Las cr\u00edticas contra Leonel Fern\u00e1ndez, no es por la posici\u00f3n expuesta sobre la crisis y los acontecimientos ocurridos en el hermano pa\u00eds , en verdad, obedecen al posicionamiento electoral del l\u00edder de la oposici\u00f3n, que desde dos (2) a\u00f1os antes de las elecciones en RD en el 2028, un 42 % de la poblaci\u00f3n se identifica con el como una necesidad nacional, para sacar de nuevo al pueblo dominicano del desastre en que lo tiene el gobierno del PRM y Luis Abinader.&nbsp;<\/p>\n\n\n\n<p>Roberto Rosario<\/p>\n","protected":false},"excerpt":{"rendered":"<p>El doctor Roberto Rosario, ex presidente de la Junta Central Electoral y miembro de la Direcci\u00f3n Pol\u00edtica de Fuerza del Pueblo, asegur\u00f3 que el PRM y el Gobierno Financian campa\u00f1a contra el l\u00edder de la oposici\u00f3n dominicana, el doctor Leonel Fern\u00e1ndez. Sostuvo que las cr\u00edticas contra Leonel Fern\u00e1ndez, \u00abno es por la posici\u00f3n expuesta sobre [&hellip;]<\/p>\n","protected":false},"author":2,"featured_media":522760,"comment_status":"closed","ping_status":"closed","sticky":false,"template":"","format":"standard","meta":{"footnotes":""},"categories":[22,27],"tags":[],"class_list":["post-659611","post","type-post","status-publish","format-standard","has-post-thumbnail","hentry","category-politica","category-portada"],"_links":{"self":[{"href":"https:\/\/diariodominicano.com\/index.php?rest_route=\/wp\/v2\/posts\/659611","targetHints":{"allow":["GET"]}}],"collection":[{"href":"https:\/\/diariodominicano.com\/index.php?rest_route=\/wp\/v2\/posts"}],"about":[{"href":"https:\/\/diariodominicano.com\/index.php?rest_route=\/wp\/v2\/types\/post"}],"author":[{"embeddable":true,"href":"https:\/\/diariodominicano.com\/index.php?rest_route=\/wp\/v2\/users\/2"}],"replies":[{"embeddable":true,"href":"https:\/\/diariodominicano.com\/index.php?rest_route=%2Fwp%2Fv2%2Fcomments&post=659611"}],"version-history":[{"count":2,"href":"https:\/\/diariodominicano.com\/index.php?rest_route=\/wp\/v2\/posts\/659611\/revisions"}],"predecessor-version":[{"id":659613,"href":"https:\/\/diariodominicano.com\/index.php?rest_route=\/wp\/v2\/posts\/659611\/revisions\/659613"}],"wp:featuredmedia":[{"embeddable":true,"href":"https:\/\/diariodominicano.com\/index.php?rest_route=\/wp\/v2\/media\/522760"}],"wp:attachment":[{"href":"https:\/\/diariodominicano.com\/index.php?rest_route=%2Fwp%2Fv2%2Fmedia&parent=659611"}],"wp:term":[{"taxonomy":"category","embeddable":true,"href":"https:\/\/diariodominicano.com\/index.php?rest_route=%2Fwp%2Fv2%2Fcategories&post=659611"},{"taxonomy":"post_tag","embeddable":true,"href":"https:\/\/diariodominicano.com\/index.php?rest_route=%2Fwp%2Fv2%2Ftags&post=659611"}],"curies":[{"name":"wp","href":"https:\/\/api.w.org\/{rel}","templated":true}]}}