{"id":65959,"date":"2012-04-04T17:26:29","date_gmt":"2012-04-04T17:26:29","guid":{"rendered":"http:\/\/diariodominicano.ddns.net\/?p=65959"},"modified":"2012-04-04T17:26:29","modified_gmt":"2012-04-04T17:26:29","slug":"cultura-celebrara-mes-de-la-danza-con-diversa-presentaciones","status":"publish","type":"post","link":"https:\/\/diariodominicano.com\/?p=65959","title":{"rendered":"Cultura celebrar\u00e1 Mes de la Danza con diversa presentaciones"},"content":{"rendered":"<p><body><\/p>\n<p><img decoding=\"async\" src=\"img3\/Bailarira clasica.JPG\" \/><br \/><img decoding=\"async\" src=\"img3\/Balet Clasico.JPG\" \/>  <\/p>\n<p><span class=\"text1noticias\">Santo Domingo, RD, 4  de abril del 2012.-  Con motivo de celebrarse, en abril, el \u00abMes de la Danza 2012\u00bb, el Ballet Nacional Dominicano, dependencia del Ministerio de Cultura, desarrollar\u00e1  un intenso programa de presentaciones, en distintos escenarios de Santo Domingo. <\/span><\/p>\n<\/p>\n<p><span class=\"text1noticias\">Marinella Sallent, Directora del Ballet Nacional Dominicano, expres\u00f3 que el mes de la danza representa la institucionalizaci\u00f3n de las actividades, convirti\u00e9ndose esta celebraci\u00f3n art\u00edstica  en una tradici\u00f3n para el pueblo dominicano.  Este a\u00f1o, como los anteriores, las instituciones oficiales de danza se unir\u00e1n para ofrecer un regio espect\u00e1culo y mostrar los avances de esta disciplina en todas sus formas, cl\u00e1sica, folkl\u00f3rica y contempor\u00e1nea. <\/span><\/p>\n<\/p>\n<p><span class=\"text1noticias\">\u00abSer\u00e1 una gran fiesta donde nos uniremos todos, en escenarios tradicionales y no tradicionales, a celebrar y a reconocer la danza, t\u00e9rmino casi tan viejo como el hombre que nos sirve de veh\u00edculo para conmovernos y volcar nuestros sentimientos y emociones en infinitas expresiones corporales\u00bb, manifest\u00f3 Sallent.<\/span><\/p>\n<\/p>\n<p><span class=\"text1noticias\">El acto de apertura ser\u00e1 el pr\u00f3ximo  14 de abril, a las 7 de la noche,  con el espect\u00e1culo \u00abGala del mes de la Danza\u00bb en el cual se har\u00e1 reconocimiento a las maestras Josefina Mini\u00f1o y Miriam Bello, como \u00abGloria Nacional\u00bb, por su destacada labor en el g\u00e9nero danzario. El encuentro ser\u00e1 efectuado en el Centro Cultural Narciso Gonz\u00e1lez.  <\/span><\/p>\n<\/p>\n<p><span class=\"text1noticias\">Tambi\u00e9n, para el 15 abril ser\u00e1 presentada la Gala del Mes de la Danza, con la participaci\u00f3n de la Escuela Nacional de Danza, el Ballet Nacional Dominicano, el Ballet Folkl\u00f3rico Nacional y el Programa de Danza Contempor\u00e1nea. El evento ser\u00e1 a las 7 de la noche, en el Teatro Monina Sol\u00e1, del Centro Cultural Narciso Gonz\u00e1lez.<\/span><\/p>\n<\/p>\n<p><span class=\"text1noticias\">Mientras que, del 16 al 20 de abril, se celebrar\u00e1 el Primer Festival de Danza, \u00abClara Elena Ram\u00edrez\u00bb, con el encuentro de Academias de Danza, a las 6 de la tarde, en el Centro Cultural Narciso Gonz\u00e1lez. <\/span><\/p>\n<\/p>\n<p><span class=\"text1noticias\">El 17 de abril, el Centro Cultural de Espa\u00f1a ofrecer\u00e1, a todo el p\u00fablico, la Noche de solos, duetos y tr\u00edos, a partir de las 8:00p.m. Para el s\u00e1bado 21 y el domingo 22, a las 6 de la tarde, ser\u00e1 realizado el Festival de Danza Joven 2012, durante la celebraci\u00f3n de la XV Feria Internacional del Libro, a efectuarse en la Plaza de la Cultura Juan Pablo Duarte. <\/span><\/p>\n<\/p>\n<p><span class=\"text1noticias\">Durante los d\u00edas 27, 28 y 29 de abril, ser\u00e1 exhibida la \u00abGala Ballet Nacional Pop\u00bb, a cargo del Ballet Nacional Dominicano, a las 7:00 y 8:30 p.m., en la Sala M\u00e1ximo Avil\u00e9s Blonda, del Palacio de Bellas Artes. <\/span><\/p>\n<\/p>\n<p><span class=\"text1noticias\">En tanto que, el 28 de abril a partir de las 4 de la tarde, se estar\u00e1n realizando asaltos culturales en diferentes centros comerciales, calles y academias de danza del pa\u00eds.<\/span><\/p>\n<\/p>\n<p><span class=\"text1noticias\">Y para concluir con la celebraci\u00f3n el 29 de abril, D\u00eda Internacional de la Danza, se presentar\u00e1n los grupos de danza Talentos Danzan, Festival de Academias de Ballet y grupos de Bailes, el encuentro tendr\u00e1 lugar en los jardines del Palacio de Bellas Artes, a las 4: p.m<\/span>.<\/p>\n<h6> 2012-04-04 17:26:29 <\/h6>\n<p><!--\n<link rel=\"stylesheet\" href=\"css\/bootstrap.min.css\">\n\n\n<ul class=\"pagination\">\n\t    \n\t\n\n<li >\n\t<a href='?page_no=17636'>Previous<\/a>\n\t<\/li>\n\n\n       \n    \n\n<li><a href='?page_no=1'>1<\/a><\/li>\n\n\n\n<li><a href='?page_no=2'>2<\/a><\/li>\n\n\n\n<li><a>...<\/a><\/li>\n\n\n\n<li><a href='?page_no=17635'>17635<\/a><\/li>\n\n\n\n<li><a href='?page_no=17636'>17636<\/a><\/li>\n\n\n\n<li class='active'><a>17637<\/a><\/li>\n\n\n\n<li><a href='?page_no=17638'>17638<\/a><\/li>\n\n\n\n<li><a href='?page_no=17639'>17639<\/a><\/li>\n\n\n\n<li><a>...<\/a><\/li>\n\n\n\n<li><a href='?page_no=22911'>22911<\/a><\/li>\n\n\n\n<li><a href='?page_no=22912'>22912<\/a><\/li>\n\n    \n\t\n\n<li >\n\t<a href='?page_no=17638'>Next<\/a>\n\t<\/li>\n\n\n    \n\n<li><a href='?page_no=22912'>Last &rsaquo;&rsaquo;<\/a><\/li>\n\n<\/ul>\n\n\n--><br \/>\n<\/body><\/p>\n","protected":false},"excerpt":{"rendered":"<p>Santo Domingo, RD, 4 de abril del 2012.- Con motivo de celebrarse, en abril, el \u00abMes de la Danza 2012\u00bb, el Ballet Nacional Dominicano, dependencia del Ministerio de Cultura, desarrollar\u00e1 un intenso programa de presentaciones, en distintos escenarios de Santo Domingo. Marinella Sallent, Directora del Ballet Nacional Dominicano, expres\u00f3 que el mes de la danza [&hellip;]<\/p>\n","protected":false},"author":3,"featured_media":0,"comment_status":"open","ping_status":"open","sticky":false,"template":"","format":"standard","meta":{"footnotes":""},"categories":[21],"tags":[],"class_list":["post-65959","post","type-post","status-publish","format-standard","hentry","category-cultura"],"_links":{"self":[{"href":"https:\/\/diariodominicano.com\/index.php?rest_route=\/wp\/v2\/posts\/65959","targetHints":{"allow":["GET"]}}],"collection":[{"href":"https:\/\/diariodominicano.com\/index.php?rest_route=\/wp\/v2\/posts"}],"about":[{"href":"https:\/\/diariodominicano.com\/index.php?rest_route=\/wp\/v2\/types\/post"}],"author":[{"embeddable":true,"href":"https:\/\/diariodominicano.com\/index.php?rest_route=\/wp\/v2\/users\/3"}],"replies":[{"embeddable":true,"href":"https:\/\/diariodominicano.com\/index.php?rest_route=%2Fwp%2Fv2%2Fcomments&post=65959"}],"version-history":[{"count":0,"href":"https:\/\/diariodominicano.com\/index.php?rest_route=\/wp\/v2\/posts\/65959\/revisions"}],"wp:attachment":[{"href":"https:\/\/diariodominicano.com\/index.php?rest_route=%2Fwp%2Fv2%2Fmedia&parent=65959"}],"wp:term":[{"taxonomy":"category","embeddable":true,"href":"https:\/\/diariodominicano.com\/index.php?rest_route=%2Fwp%2Fv2%2Fcategories&post=65959"},{"taxonomy":"post_tag","embeddable":true,"href":"https:\/\/diariodominicano.com\/index.php?rest_route=%2Fwp%2Fv2%2Ftags&post=65959"}],"curies":[{"name":"wp","href":"https:\/\/api.w.org\/{rel}","templated":true}]}}