{"id":65958,"date":"2012-04-04T19:14:12","date_gmt":"2012-04-04T19:14:12","guid":{"rendered":"http:\/\/diariodominicano.ddns.net\/?p=65958"},"modified":"2012-04-04T19:14:12","modified_gmt":"2012-04-04T19:14:12","slug":"feria-del-libro-presentara-nueve-exposiciones-sobre-arte-y-literatura-3","status":"publish","type":"post","link":"https:\/\/diariodominicano.com\/?p=65958","title":{"rendered":"Feria del libro presentar\u00e1 nueve exposiciones sobre arte y literatura&#13;"},"content":{"rendered":"<p><body><\/p>\n<p><img decoding=\"async\" src=\"http:\/\/localhost:8080\/img3\/Juan.JPG\" \/>  <\/p>\n<p><span class=\"text1noticias\">Rep.Dom. 04 de Abril 03:15 P.M.-El Ministerio de Cultural abrir\u00e1 nueve exposiciones culturales en el marco de la XV Feria Internacional del Libro, Santo Domingo 2012, magno evento cultural que ser\u00e1 inaugurado el pr\u00f3ximo mi\u00e9rcoles 18 de abril. <\/span><\/p>\n<\/p>\n<p><span class=\"text1noticias\">La Feria Internacional del Libro dedicar\u00e1 diferentes espacios para la proyecci\u00f3n de las artes visuales, a trav\u00e9s de  nueve exposiciones culturales sobre la vida y obra de importantes figuras literarias nacionales e internacionales.<\/span><\/p>\n<\/p>\n<p><span class=\"text1noticias\">La primera exposici\u00f3n iniciar\u00e1 el 12 de abril, con \u00abJuan Ram\u00f3n Sobre el Papel\u00bb, en el Museo de Arte Moderno, bajo el patrocinio de la Embajada de Espa\u00f1a. Es una muestra de artes pl\u00e1sticas, en torno a la lectura del poema en prosa del escritor espa\u00f1ol Juan Ram\u00f3n Jim\u00e9nez, en la que participan artistas de Brasil, Argentina, Portugal, Espa\u00f1a y Rep\u00fablica Dominicana. <\/span><\/p>\n<\/p>\n<p><span class=\"text1noticias\">El mismo d\u00eda que se inaugurar\u00e1 la feria, en la verja perimetral frontal de la Plaza de la Cultura, estar\u00e1 abierta al p\u00fablico la exposici\u00f3n \u00abLas Grandes figuras de la FIL en 15 a\u00f1os\u00bb. Se mostrar\u00e1n los rostros de las m\u00e1s relevantes personalidades literarias que han sido protagonistas de la feria del libro desde su primera edici\u00f3n en 1998.<\/span><\/p>\n<\/p>\n<p><span class=\"text1noticias\">El 19 de abril, se inaugurar\u00e1n las  exposiciones y homenajes en honor a Mar\u00eda Montez y Enriquillo S\u00e1nchez, en la Cinemateca Dominicana y el Museo de Arte Moderno, respectivamente.<\/span><\/p>\n<\/p>\n<p><span class=\"text1noticias\"> \u00abMario Vargas Llosa, la libertad y la vida\u00bb,  es el t\u00edtulo de la muestra que hace un minucioso recorrido por los diferentes aspectos de la vida y obra del autor de la \u00abFiesta del Chivo\u00bb, hasta que recibi\u00f3 el Premio Nobel de Literatura en el 2010.  El Museo del Hombre Dominicano ser\u00e1 el escenario para esta exhibici\u00f3n, que ha realizado una gira por Lima, Estocolmo, Par\u00eds, Argel, Cuidad de M\u00e9xico, Bogot\u00e1 y Espa\u00f1a, siendo Santo Domingo la primera capital del Caribe en recibirla. <\/span><\/p>\n<\/p>\n<p><span class=\"text1noticias\">Tambi\u00e9n, el Museo de Arte Moderno acoger\u00e1 una exposici\u00f3n de Arte Contempor\u00e1neo Centroamericano, que cuenta con la participaci\u00f3n de los artistas nicarag\u00fcense Cristina Cuadra y Marcos Agudelo; Lourdes de la Riva y Regina Jos\u00e9 Gal\u00edndo, de Guatemala; Sila Chanto y Roxana Nagygeller, de Costa Rica. As\u00ed como el salvadore\u00f1o Mauricio Esquivel, Ana Garuz, de Panam\u00e1, Santiago Cal, de Belice, y los hondure\u00f1os Ballardo Blandino y Santos Arz\u00fa Quioto.<\/span><\/p>\n<\/p>\n<p><span class=\"text1noticias\">Asimismo, el Museo de Historia Natural y Geograf\u00eda ser\u00e1 la sede de la exposici\u00f3n de fot\u00f3grafos guatemaltecos \u00abChanpilandia\u00bb y la del Bicentenario de El Salvador, procedentes de Centroam\u00e9rica, regi\u00f3n invitada de honor de este a\u00f1o.<\/span><\/p>\n<\/p>\n<p><span class=\"text1noticias\">Finalmente, para los amantes del arte captado a trav\u00e9s del lente, tambi\u00e9n estar\u00e1 la muestra \u00abPersonalidades, risas, sonrisas y carcajadas\u00bb, en el Museo de Arte Moderno. Una original exposici\u00f3n fotogr\u00e1fica de Francis Arias.<\/span><\/p>\n<\/p>\n<p><span class=\"text1noticias\">La FIL de Santo Domingo es el principal evento cultural del Caribe, celebrado anualmente y organizado por el Ministerio de Cultura, que este a\u00f1o tendr\u00e1 lugar en la Plaza de la Cultura Juan Pablo Duarte, del 18 de abril al 6 de Mayo.(HG)<\/span>.<\/p>\n<\/p>\n<h6> 2012-04-04 19:14:12 <\/h6>\n<p><!--\n<link rel=\"stylesheet\" href=\"css\/bootstrap.min.css\">\n\n\n<ul class=\"pagination\">\n\t    \n\t\n\n<li >\n\t<a href='?page_no=17635'>Previous<\/a>\n\t<\/li>\n\n\n       \n    \n\n<li><a href='?page_no=1'>1<\/a><\/li>\n\n\n\n<li><a href='?page_no=2'>2<\/a><\/li>\n\n\n\n<li><a>...<\/a><\/li>\n\n\n\n<li><a href='?page_no=17634'>17634<\/a><\/li>\n\n\n\n<li><a href='?page_no=17635'>17635<\/a><\/li>\n\n\n\n<li class='active'><a>17636<\/a><\/li>\n\n\n\n<li><a href='?page_no=17637'>17637<\/a><\/li>\n\n\n\n<li><a href='?page_no=17638'>17638<\/a><\/li>\n\n\n\n<li><a>...<\/a><\/li>\n\n\n\n<li><a href='?page_no=22911'>22911<\/a><\/li>\n\n\n\n<li><a href='?page_no=22912'>22912<\/a><\/li>\n\n    \n\t\n\n<li >\n\t<a href='?page_no=17637'>Next<\/a>\n\t<\/li>\n\n\n    \n\n<li><a href='?page_no=22912'>Last &rsaquo;&rsaquo;<\/a><\/li>\n\n<\/ul>\n\n\n--><br \/>\n<\/body><\/p>\n","protected":false},"excerpt":{"rendered":"<p>Rep.Dom. 04 de Abril 03:15 P.M.-El Ministerio de Cultural abrir\u00e1 nueve exposiciones culturales en el marco de la XV Feria Internacional del Libro, Santo Domingo 2012, magno evento cultural que ser\u00e1 inaugurado el pr\u00f3ximo mi\u00e9rcoles 18 de abril. La Feria Internacional del Libro dedicar\u00e1 diferentes espacios para la proyecci\u00f3n de las artes visuales, a trav\u00e9s [&hellip;]<\/p>\n","protected":false},"author":3,"featured_media":0,"comment_status":"open","ping_status":"open","sticky":false,"template":"","format":"standard","meta":{"footnotes":""},"categories":[21],"tags":[],"class_list":["post-65958","post","type-post","status-publish","format-standard","hentry","category-cultura"],"_links":{"self":[{"href":"https:\/\/diariodominicano.com\/index.php?rest_route=\/wp\/v2\/posts\/65958","targetHints":{"allow":["GET"]}}],"collection":[{"href":"https:\/\/diariodominicano.com\/index.php?rest_route=\/wp\/v2\/posts"}],"about":[{"href":"https:\/\/diariodominicano.com\/index.php?rest_route=\/wp\/v2\/types\/post"}],"author":[{"embeddable":true,"href":"https:\/\/diariodominicano.com\/index.php?rest_route=\/wp\/v2\/users\/3"}],"replies":[{"embeddable":true,"href":"https:\/\/diariodominicano.com\/index.php?rest_route=%2Fwp%2Fv2%2Fcomments&post=65958"}],"version-history":[{"count":0,"href":"https:\/\/diariodominicano.com\/index.php?rest_route=\/wp\/v2\/posts\/65958\/revisions"}],"wp:attachment":[{"href":"https:\/\/diariodominicano.com\/index.php?rest_route=%2Fwp%2Fv2%2Fmedia&parent=65958"}],"wp:term":[{"taxonomy":"category","embeddable":true,"href":"https:\/\/diariodominicano.com\/index.php?rest_route=%2Fwp%2Fv2%2Fcategories&post=65958"},{"taxonomy":"post_tag","embeddable":true,"href":"https:\/\/diariodominicano.com\/index.php?rest_route=%2Fwp%2Fv2%2Ftags&post=65958"}],"curies":[{"name":"wp","href":"https:\/\/api.w.org\/{rel}","templated":true}]}}