{"id":65957,"date":"2012-04-04T20:02:15","date_gmt":"2012-04-04T20:02:15","guid":{"rendered":"http:\/\/diariodominicano.ddns.net\/?p=65957"},"modified":"2012-04-04T20:02:15","modified_gmt":"2012-04-04T20:02:15","slug":"revista-diplomat-en-holanda","status":"publish","type":"post","link":"https:\/\/diariodominicano.com\/?p=65957","title":{"rendered":"Revista &#8216;Diplomat&#8217; en Holanda"},"content":{"rendered":"<p><body><\/p>\n<p><span class=\"text1noticias\">La Haya, Holanda, 04 de Abril 04:03 P.M.-Fue puesta a circular la primera edici\u00f3n 2012 de la revista \u00abDiplomat\u00bb, primera publicaci\u00f3n de su g\u00e9nero en Holanda.  <\/span><\/p>\n<\/p>\n<p><span class=\"text1noticias\">Es una iniciativa de la Embajada de la Rep\u00fablica Dominicana en La Haya, editada por el embajador Luis Arias en colaboraci\u00f3n con el personal de dicha Misi\u00f3n diplom\u00e1tica. &#8216;Diplomat&#8217; es doblemente especializada, est\u00e1 dirigida a las misiones iberoamericanas en el Reino de los Pa\u00edses Bajos, a funcionarios del Gobierno holand\u00e9s, a ONGs y principalmente a la sociedad civil holandesa. <\/span><\/p>\n<\/p>\n<p><span class=\"text1noticias\">En ella se plasman datos diplom\u00e1ticos e informaciones exclusivamente sobre programas de esta Legaci\u00f3n diplom\u00e1tica. <\/span><\/p>\n<\/p>\n<p><span class=\"text1noticias\">Resulta ser un medio efectivo de divulgaci\u00f3n masiva y de promoci\u00f3n a favor de la imagen de Rep\u00fablica Dominicana tanto en Holanda como en toda Europa. Esta publicaci\u00f3n abre las puertas a la participaci\u00f3n de la Comunidad Dominicana y voluntarios holandeses. Es un incentivo a la participaci\u00f3n y al \u00e9xito de una gesti\u00f3n diplom\u00e1tica sin precedentes en el Reino de los Pa\u00edses Bajos. <\/span><\/p>\n<\/p>\n<p><span class=\"text1noticias\">\u00abMe complace sobremanera poner en circulaci\u00f3n la primera edici\u00f3n 2012 de &#8216;Diplomat&#8217;. La misma no se aparta de su prop\u00f3sito esencial, a saber, ser un instrumento \u00fatil de difusi\u00f3n de nuestros valores y del esfuerzo del trabajo que realizamos en el marco de la labor que me honro cumplir como Jefe de esta Misi\u00f3n diplom\u00e1tica\u00bb destaca el Embajador dominicano en Holanda, Luis Arias.  <\/span><\/p>\n<\/p>\n<p><span class=\"text1noticias\">La publicaci\u00f3n Online de &#8216;Diplomat&#8217; se puede ver en: http:\/\/www.embajadadominicana.nl\/page31.html (HG).<\/span><\/p>\n<h6> 2012-04-04 20:02:15 <\/h6>\n<p><!--\n<link rel=\"stylesheet\" href=\"css\/bootstrap.min.css\">\n\n\n<ul class=\"pagination\">\n\t    \n\t\n\n<li >\n\t<a href='?page_no=17634'>Previous<\/a>\n\t<\/li>\n\n\n       \n    \n\n<li><a href='?page_no=1'>1<\/a><\/li>\n\n\n\n<li><a href='?page_no=2'>2<\/a><\/li>\n\n\n\n<li><a>...<\/a><\/li>\n\n\n\n<li><a href='?page_no=17633'>17633<\/a><\/li>\n\n\n\n<li><a href='?page_no=17634'>17634<\/a><\/li>\n\n\n\n<li class='active'><a>17635<\/a><\/li>\n\n\n\n<li><a href='?page_no=17636'>17636<\/a><\/li>\n\n\n\n<li><a href='?page_no=17637'>17637<\/a><\/li>\n\n\n\n<li><a>...<\/a><\/li>\n\n\n\n<li><a href='?page_no=22911'>22911<\/a><\/li>\n\n\n\n<li><a href='?page_no=22912'>22912<\/a><\/li>\n\n    \n\t\n\n<li >\n\t<a href='?page_no=17636'>Next<\/a>\n\t<\/li>\n\n\n    \n\n<li><a href='?page_no=22912'>Last &rsaquo;&rsaquo;<\/a><\/li>\n\n<\/ul>\n\n\n--><br \/>\n<\/body><\/p>\n","protected":false},"excerpt":{"rendered":"<p>La Haya, Holanda, 04 de Abril 04:03 P.M.-Fue puesta a circular la primera edici\u00f3n 2012 de la revista \u00abDiplomat\u00bb, primera publicaci\u00f3n de su g\u00e9nero en Holanda. Es una iniciativa de la Embajada de la Rep\u00fablica Dominicana en La Haya, editada por el embajador Luis Arias en colaboraci\u00f3n con el personal de dicha Misi\u00f3n diplom\u00e1tica. &#8216;Diplomat&#8217; [&hellip;]<\/p>\n","protected":false},"author":3,"featured_media":0,"comment_status":"open","ping_status":"open","sticky":false,"template":"","format":"standard","meta":{"footnotes":""},"categories":[21],"tags":[],"class_list":["post-65957","post","type-post","status-publish","format-standard","hentry","category-cultura"],"_links":{"self":[{"href":"https:\/\/diariodominicano.com\/index.php?rest_route=\/wp\/v2\/posts\/65957","targetHints":{"allow":["GET"]}}],"collection":[{"href":"https:\/\/diariodominicano.com\/index.php?rest_route=\/wp\/v2\/posts"}],"about":[{"href":"https:\/\/diariodominicano.com\/index.php?rest_route=\/wp\/v2\/types\/post"}],"author":[{"embeddable":true,"href":"https:\/\/diariodominicano.com\/index.php?rest_route=\/wp\/v2\/users\/3"}],"replies":[{"embeddable":true,"href":"https:\/\/diariodominicano.com\/index.php?rest_route=%2Fwp%2Fv2%2Fcomments&post=65957"}],"version-history":[{"count":0,"href":"https:\/\/diariodominicano.com\/index.php?rest_route=\/wp\/v2\/posts\/65957\/revisions"}],"wp:attachment":[{"href":"https:\/\/diariodominicano.com\/index.php?rest_route=%2Fwp%2Fv2%2Fmedia&parent=65957"}],"wp:term":[{"taxonomy":"category","embeddable":true,"href":"https:\/\/diariodominicano.com\/index.php?rest_route=%2Fwp%2Fv2%2Fcategories&post=65957"},{"taxonomy":"post_tag","embeddable":true,"href":"https:\/\/diariodominicano.com\/index.php?rest_route=%2Fwp%2Fv2%2Ftags&post=65957"}],"curies":[{"name":"wp","href":"https:\/\/api.w.org\/{rel}","templated":true}]}}