{"id":65955,"date":"2012-04-04T22:48:22","date_gmt":"2012-04-04T22:48:22","guid":{"rendered":"http:\/\/diariodominicano.ddns.net\/?p=65955"},"modified":"2012-04-04T22:48:22","modified_gmt":"2012-04-04T22:48:22","slug":"cdp-llama-a-fortalecer-el-ejercicio-del-periodismo","status":"publish","type":"post","link":"https:\/\/diariodominicano.com\/?p=65955","title":{"rendered":"CDP llama a fortalecer el ejercicio del periodismo"},"content":{"rendered":"<p><body><\/p>\n<p><span class=\"text1noticias\">Rep.Dom, 04 de Abril 06:50 P.M.-Al celebrar este jueves 5 el D\u00eda Nacional del Periodista, el Colegio Dominicano de Periodistas (CDP) llama a fortalecer el periodismo dominicano, para poder enfrentar los principales desaf\u00edos que afectan el ejercicio de la profesi\u00f3n m\u00e1s hermosa del mundo.<\/span><\/p>\n<\/p>\n<p><span class=\"text1noticias\">Necesitamos unidad de todos los periodistas para  enfrentar los asomos de quienes intentan limitar la libertad de prensa, enfrentar a quienes amenazan con asesinar a periodistas por expresar lo que piensan, enfrentar a quienes hacen uso indebido, inadecuado y anti \u00e9tico del periodismo en los medios de comunicaci\u00f3n del pa\u00eds.<\/span><\/p>\n<\/p>\n<p><span class=\"text1noticias\">No es posible que 18 a\u00f1os despu\u00e9s el Estado sea condenado por la Corte Interamericana de Derechos Humanos por no ser capaz de investigar y sancionar a los responsables directos e indirectos de la desaparici\u00f3n forzosa en mayo de 1994 del periodista, animador cultural y profesor universitario Narciso Gonz\u00e1lez (Narcisazo).<\/span><\/p>\n<\/p>\n<p><span class=\"text1noticias\">Esta sentencia de la Corte Interamericana es vergonzosa para el pa\u00eds, ya que la justicia dominicana debi\u00f3 sancionar los verdaderos responsables de este abominable hecho y no una corte extranjera.   <\/span><\/p>\n<\/p>\n<p><span class=\"text1noticias\">Los y las periodistas debemos mantenernos alerta, vigilantes y celosos en la defensa del ejercicio profesional de un periodismo libre, sin trabas, sin chantaje ni manipulaci\u00f3n de los sectores poderosos.<\/span><\/p>\n<\/p>\n<p><span class=\"text1noticias\">Necesitamos unidad para luchar para que el Congreso Nacional apruebe la modificaci\u00f3n de la Ley 10-91, que cre\u00f3 al CDP y depositada desde hace un a\u00f1o, una propuesta que garantiza la libertad de expresi\u00f3n y el derecho a la informaci\u00f3n de los ciudadanos; una ley que promueve el desarrollo de los medios y, sobre todo, que garantiza el ejercicio y vida m\u00e1s digna para los y las periodistas.<\/span><\/p>\n<\/p>\n<p><span class=\"text1noticias\">No podemos continuar permitiendo que los medios de comunicaci\u00f3n abran sus espacios a  personas  ajenas al periodismo por el simple hecho arrendar un espacio, para  defender intereses particulares. Personas sin vocaci\u00f3n de servicio, ni preparaci\u00f3n acad\u00e9mica, da\u00f1ando reputaciones, buenas honras y desconociendo el inter\u00e9s colectivo.<\/span><\/p>\n<\/p>\n<p><span class=\"text1noticias\">La invasi\u00f3n de personas extra\u00f1as en los medios  genera que sectores de la sociedad nos juzguen a todos por igual, por desconocimiento de qui\u00e9n es  o no periodista en los medios de comunicaci\u00f3n, situaci\u00f3n que afecta a quienes ejercemos el periodismo como un sacerdocio.<\/span><\/p>\n<\/p>\n<p><span class=\"text1noticias\">El cuestionamiento de algunos sectores de la sociedad a los periodistas, nos preocupa profundamente; sin embargo, consideramos que es a los medios de comunicaci\u00f3n p\u00fablicos y privados, a quienes corresponde cumplir con su misi\u00f3n de educar, entretener e informar a los ciudadanos de manera objetiva y veraz.<\/span><\/p>\n<\/p>\n<p><span class=\"text1noticias\">Los medios y los periodistas tenemos en esta ocasi\u00f3n un especial compromiso y responsabilidad al servicio del fortalecimiento institucional, de adhesi\u00f3n y respeto a la ley en apoyo al derecho de los ciudadanos y ciudadanas de elegir libremente, sin manipulaciones de grupos por la lucha del poder.  El Colegio Dominicano de Periodistas advierte sobre el riesgo que corren los y las periodistas de abandonar su misi\u00f3n y deteriorar su credibilidad.<\/span><\/p>\n<\/p>\n<p><span class=\"text1noticias\">Los periodistas debemos unirnos para enfrentar ese mal que est\u00e1 perjudicando y desinformando a la sociedad; de seguir por este derrotero estamos colocando en peligro la tranquilidad, la paz social y el sagrado  derecho al ciudadano  a elegir con libertad y conciencia<\/span><\/p>\n<\/p>\n<p><span class=\"text1noticias\">Tenemos que unirnos para lograr una Ley de colegiaci\u00f3n fuerte, respetable, din\u00e1mica y de vanguardia, que garantice sus derechos a los ciudadanos y que castigue a sus violadores.<\/span><\/p>\n<\/p>\n<p><span class=\"text1noticias\">Debemos fortalecer la unidad de los profesionales del periodismo para alcanzar un ejercicio \u00e9tico y responsable al servicio de la sociedad dominicana, que contribuya a garantizar el respeto a las libertades p\u00fablicas,  a la libertad de expresi\u00f3n, a la libertad de prensa, el libre acceso a las fuentes informativas y, sobre todo, al derecho a la informaci\u00f3n.<\/span><\/p>\n<\/p>\n<p><span class=\"text1noticias\">Los periodistas debemos luchar porque se respete el derecho a la informaci\u00f3n de los ciudadanos, una informaci\u00f3n clara, completa, precisa y veraz.<\/span><\/p>\n<\/p>\n<p><span class=\"text1noticias\">Los periodistas debemos enfrentar la concentraci\u00f3n de los medios de comunicaci\u00f3n en manos de grupos empresariales, porque  no es posible que un sector controle tantos medios para defender sus intereses particulares, olvidando el inter\u00e9s de la sociedad.<\/span><\/p>\n<\/p>\n<p><span class=\"text1noticias\">Ante tantas dificultades los periodistas no podemos renunciar al sagrado compromiso de informar, orientar y servir de  fiscalizador de los actos p\u00fablicos, de los funcionarios p\u00fablicos y privados, cuyo accionar son de inter\u00e9s general. Debemos mantenernos como guardianes del Estado en la defensa de los intereses del pueblo  enfrentando la complicidad, la corrupci\u00f3n administrativa p\u00fablica y privada,  dejando bien claro nuestro rol de vigilantes de de la sociedad dominicana.(HG)<\/span>.<\/p>\n<h6> 2012-04-04 22:48:22 <\/h6>\n<p><!--\n<link rel=\"stylesheet\" href=\"css\/bootstrap.min.css\">\n\n\n<ul class=\"pagination\">\n\t    \n\t\n\n<li >\n\t<a href='?page_no=17632'>Previous<\/a>\n\t<\/li>\n\n\n       \n    \n\n<li><a href='?page_no=1'>1<\/a><\/li>\n\n\n\n<li><a href='?page_no=2'>2<\/a><\/li>\n\n\n\n<li><a>...<\/a><\/li>\n\n\n\n<li><a href='?page_no=17631'>17631<\/a><\/li>\n\n\n\n<li><a href='?page_no=17632'>17632<\/a><\/li>\n\n\n\n<li class='active'><a>17633<\/a><\/li>\n\n\n\n<li><a href='?page_no=17634'>17634<\/a><\/li>\n\n\n\n<li><a href='?page_no=17635'>17635<\/a><\/li>\n\n\n\n<li><a>...<\/a><\/li>\n\n\n\n<li><a href='?page_no=22911'>22911<\/a><\/li>\n\n\n\n<li><a href='?page_no=22912'>22912<\/a><\/li>\n\n    \n\t\n\n<li >\n\t<a href='?page_no=17634'>Next<\/a>\n\t<\/li>\n\n\n    \n\n<li><a href='?page_no=22912'>Last &rsaquo;&rsaquo;<\/a><\/li>\n\n<\/ul>\n\n\n--><br \/>\n<\/body><\/p>\n","protected":false},"excerpt":{"rendered":"<p>Rep.Dom, 04 de Abril 06:50 P.M.-Al celebrar este jueves 5 el D\u00eda Nacional del Periodista, el Colegio Dominicano de Periodistas (CDP) llama a fortalecer el periodismo dominicano, para poder enfrentar los principales desaf\u00edos que afectan el ejercicio de la profesi\u00f3n m\u00e1s hermosa del mundo. Necesitamos unidad de todos los periodistas para enfrentar los asomos de [&hellip;]<\/p>\n","protected":false},"author":3,"featured_media":0,"comment_status":"open","ping_status":"open","sticky":false,"template":"","format":"standard","meta":{"footnotes":""},"categories":[21],"tags":[],"class_list":["post-65955","post","type-post","status-publish","format-standard","hentry","category-cultura"],"_links":{"self":[{"href":"https:\/\/diariodominicano.com\/index.php?rest_route=\/wp\/v2\/posts\/65955","targetHints":{"allow":["GET"]}}],"collection":[{"href":"https:\/\/diariodominicano.com\/index.php?rest_route=\/wp\/v2\/posts"}],"about":[{"href":"https:\/\/diariodominicano.com\/index.php?rest_route=\/wp\/v2\/types\/post"}],"author":[{"embeddable":true,"href":"https:\/\/diariodominicano.com\/index.php?rest_route=\/wp\/v2\/users\/3"}],"replies":[{"embeddable":true,"href":"https:\/\/diariodominicano.com\/index.php?rest_route=%2Fwp%2Fv2%2Fcomments&post=65955"}],"version-history":[{"count":0,"href":"https:\/\/diariodominicano.com\/index.php?rest_route=\/wp\/v2\/posts\/65955\/revisions"}],"wp:attachment":[{"href":"https:\/\/diariodominicano.com\/index.php?rest_route=%2Fwp%2Fv2%2Fmedia&parent=65955"}],"wp:term":[{"taxonomy":"category","embeddable":true,"href":"https:\/\/diariodominicano.com\/index.php?rest_route=%2Fwp%2Fv2%2Fcategories&post=65955"},{"taxonomy":"post_tag","embeddable":true,"href":"https:\/\/diariodominicano.com\/index.php?rest_route=%2Fwp%2Fv2%2Ftags&post=65955"}],"curies":[{"name":"wp","href":"https:\/\/api.w.org\/{rel}","templated":true}]}}