{"id":659543,"date":"2026-01-10T02:34:20","date_gmt":"2026-01-10T06:34:20","guid":{"rendered":"https:\/\/diariodominicano.com\/?p=659543"},"modified":"2026-01-10T02:34:27","modified_gmt":"2026-01-10T06:34:27","slug":"tribunal-de-elecciones-tico-trata-pedido-contra-visita-de-bukele","status":"publish","type":"post","link":"https:\/\/diariodominicano.com\/?p=659543","title":{"rendered":"Tribunal de Elecciones tico trata pedido contra visita de Bukele"},"content":{"rendered":"\n<p>San Jos\u00e9, 10 ene (Prensa Latina) Los magistrados del Tribunal Supremo de Elecciones (TSE) de Costa Rica analizan hoy un amparo electoral que solicita prohibir el ingreso el martes al pa\u00eds del presidente salvadore\u00f1o, Nayib Bukele.<\/p>\n\n\n\n<ul class=\"wp-block-list\">\n<li><a href=\"https:\/\/www.prensa-latina.cu\/2026\/01\/10\/\"><time>enero 10, 2026 | 00:08<\/time><\/a><\/li>\n<\/ul>\n\n\n\n<ul class=\"wp-block-list\">\n<li><a href=\"https:\/\/www.prensa-latina.cu\/2026\/01\/10\/tribunal-de-elecciones-tico-trata-pedido-contra-visita-de-bukele\/#\"><\/a><\/li>\n\n\n\n<li><a href=\"https:\/\/www.prensa-latina.cu\/2026\/01\/10\/tribunal-de-elecciones-tico-trata-pedido-contra-visita-de-bukele\/#\"><\/a><\/li>\n\n\n\n<li><a href=\"https:\/\/www.prensa-latina.cu\/2026\/01\/10\/tribunal-de-elecciones-tico-trata-pedido-contra-visita-de-bukele\/#\"><\/a><\/li>\n\n\n\n<li><a href=\"https:\/\/www.prensa-latina.cu\/2026\/01\/10\/tribunal-de-elecciones-tico-trata-pedido-contra-visita-de-bukele\/#\"><\/a><\/li>\n<\/ul>\n\n\n\n<p>El recurso fue presentado por un ciudadano cuyo nombre fue omitido y seg\u00fan el cual la visita del mandatario del pa\u00eds vecino \u00abatenta contra la parcialidad del proceso previo a las elecciones del primero de febrero\u00bb, a\u00f1adi\u00f3 la l\u00edder del TSE, Eugenia Zamora, citada por el canal Teletica.com.<\/p>\n\n\n\n<p>Zamora, quien adelant\u00f3 que se abstendr\u00e1 de brindar mayores detalles sobre el ciudadano demandante y su petici\u00f3n, debido al an\u00e1lisis que requiera el asunto, rehus\u00f3 tambi\u00e9n pronunciarse sobre si el TSE tiene potestades para prohibir el ingreso a Costa Rica de Bukele o cualquier otro presidente.<\/p>\n\n\n\n<p>\u201cPrecisamente por ese tema del amparo electoral \u2013admiti\u00f3- omitiremos referirnos al fondo del asunto, hasta tanto el Tribunal termine sus deliberaciones sobre el tema y se pronuncie al respecto\u201d.<\/p>\n\n\n\n<p>El gobierno de Bukele, quien tiene previsto llegar al pa\u00eds el martes para visitar una \u201cmegac\u00e1rcel\u201d que el gobierno de Rodrigo Chaves construye en la norte\u00f1a provincia de Alajuela, intercambia hace meses con autoridades sobre esa edificaci\u00f3n en la naci\u00f3n centroamericana para criminales de alta peligrosidad.<\/p>\n\n\n\n<p>jha\/apb<\/p>\n\n\n\n<ul class=\"wp-block-list\">\n<li>#<a href=\"https:\/\/www.prensa-latina.cu\/etiqueta\/contra-visita-presidente-salvadoreno\/\">contra visita presidente salvadore\u00f1o<\/a>\u00a0#<a href=\"https:\/\/www.prensa-latina.cu\/etiqueta\/magistrados-costarricenses\/\">magistrados costarricenses<\/a>\u00a0#<a href=\"https:\/\/www.prensa-latina.cu\/etiqueta\/teletica\/\">Teletica<\/a>\u00a0#<a href=\"https:\/\/www.prensa-latina.cu\/etiqueta\/trata-pedido\/\">trata pedido<\/a>\u00a0#<a href=\"https:\/\/www.prensa-latina.cu\/etiqueta\/tse\/\">tse<\/a><\/li>\n<\/ul>\n","protected":false},"excerpt":{"rendered":"<p>San Jos\u00e9, 10 ene (Prensa Latina) Los magistrados del Tribunal Supremo de Elecciones (TSE) de Costa Rica analizan hoy un amparo electoral que solicita prohibir el ingreso el martes al pa\u00eds del presidente salvadore\u00f1o, Nayib Bukele. El recurso fue presentado por un ciudadano cuyo nombre fue omitido y seg\u00fan el cual la visita del mandatario [&hellip;]<\/p>\n","protected":false},"author":2,"featured_media":659544,"comment_status":"closed","ping_status":"closed","sticky":false,"template":"","format":"standard","meta":{"footnotes":""},"categories":[23,22],"tags":[],"class_list":["post-659543","post","type-post","status-publish","format-standard","has-post-thumbnail","hentry","category-internacional","category-politica"],"_links":{"self":[{"href":"https:\/\/diariodominicano.com\/index.php?rest_route=\/wp\/v2\/posts\/659543","targetHints":{"allow":["GET"]}}],"collection":[{"href":"https:\/\/diariodominicano.com\/index.php?rest_route=\/wp\/v2\/posts"}],"about":[{"href":"https:\/\/diariodominicano.com\/index.php?rest_route=\/wp\/v2\/types\/post"}],"author":[{"embeddable":true,"href":"https:\/\/diariodominicano.com\/index.php?rest_route=\/wp\/v2\/users\/2"}],"replies":[{"embeddable":true,"href":"https:\/\/diariodominicano.com\/index.php?rest_route=%2Fwp%2Fv2%2Fcomments&post=659543"}],"version-history":[{"count":1,"href":"https:\/\/diariodominicano.com\/index.php?rest_route=\/wp\/v2\/posts\/659543\/revisions"}],"predecessor-version":[{"id":659545,"href":"https:\/\/diariodominicano.com\/index.php?rest_route=\/wp\/v2\/posts\/659543\/revisions\/659545"}],"wp:featuredmedia":[{"embeddable":true,"href":"https:\/\/diariodominicano.com\/index.php?rest_route=\/wp\/v2\/media\/659544"}],"wp:attachment":[{"href":"https:\/\/diariodominicano.com\/index.php?rest_route=%2Fwp%2Fv2%2Fmedia&parent=659543"}],"wp:term":[{"taxonomy":"category","embeddable":true,"href":"https:\/\/diariodominicano.com\/index.php?rest_route=%2Fwp%2Fv2%2Fcategories&post=659543"},{"taxonomy":"post_tag","embeddable":true,"href":"https:\/\/diariodominicano.com\/index.php?rest_route=%2Fwp%2Fv2%2Ftags&post=659543"}],"curies":[{"name":"wp","href":"https:\/\/api.w.org\/{rel}","templated":true}]}}