{"id":65953,"date":"2012-04-05T15:01:54","date_gmt":"2012-04-05T15:01:54","guid":{"rendered":"http:\/\/diariodominicano.ddns.net\/?p=65953"},"modified":"2012-04-05T15:01:54","modified_gmt":"2012-04-05T15:01:54","slug":"las-voces-del-batey-captadas-por-el-lente-de-20-fotografos","status":"publish","type":"post","link":"https:\/\/diariodominicano.com\/?p=65953","title":{"rendered":"Las \u00abVoces del batey\u00bb captadas por  el  lente de 20 fot\u00f3grafos"},"content":{"rendered":"<p><body><\/p>\n<p><span class=\"text1noticias\">Santo Domingo RD 5 abril (10: 59 am).- Como parte de  la campa\u00f1a \u00abConVivir con To\u00bb&#8230; es Vivir con Tolerancia\u00bb, del Alto Comisionado de las Naciones Unidas para los Refugiados (ACNUR),  presentar\u00e1n en Blue Mall la exposici\u00f3n fotogr\u00e1fica \u00abVoces del batey\u00bb.<\/span><\/p>\n<p><span class=\"text1noticias\"> <\/span><\/p>\n<p><span class=\"text1noticias\">La misma contar\u00e1 con  la participaci\u00f3n de reconocidos fot\u00f3grafos nacionales e internacionales as\u00ed como  j\u00f3venes de  bateyes dominicanos y  se exhibir\u00e1 del 10 al 22 de abril en el primer nivel  del centro comercial.<\/span><\/p>\n<p><span class=\"text1noticias\"> <\/span><\/p>\n<p><span class=\"text1noticias\">\u00abVoces del batey\u00bb re\u00fane una veintena de impresionantes im\u00e1genes, provenientes del \u00abPremio Internacional de Fotograf\u00eda Wilfredo Garc\u00eda de la Casa de Teatro 2012\u00bb, donde la fot\u00f3grafa Parmelia Matos result\u00f3 ganadora del galard\u00f3n \u00abConvivencia y Tolerancia\u00bb. Tambi\u00e9n hay im\u00e1genes  de la cobertura period\u00edstica en los bateyes de San Pedro de Macor\u00eds realizada por el fot\u00f3grafo neoyorquino Spencer Platt.<\/span><\/p>\n<p><span class=\"text1noticias\"> <\/span><\/p>\n<p><span class=\"text1noticias\">Tambi\u00e9n expondr\u00e1n los conocidos fot\u00f3grafos  Luis Nova,  Benny Hern\u00e1ndez, consultor de la Organizaci\u00f3n de Naciones Unidas, quien tuvo a su cargo una serie de talleres de fotograf\u00eda impartidos a los j\u00f3venes de los bateyes. Hern\u00e1ndez mostrar\u00e1 su trabajo junto con sus alumnos Joany Josep, Joseili Santana, Rosaura Torres, Rosa Iris Luis, Franklin Pie, Estefani Rojas, Diliana Josep, Ricardo Davis, Claudio Roche, Cairelis Quezada, \u00c1ngela Zapata, Sone Luis, Rafaela Natera y Joselo Yan Valdez.(AD)<\/span>.<\/p>\n<\/p>\n<h6> 2012-04-05 15:01:54 <\/h6>\n<p><!--\n<link rel=\"stylesheet\" href=\"css\/bootstrap.min.css\">\n\n\n<ul class=\"pagination\">\n\t    \n\t\n\n<li >\n\t<a href='?page_no=17630'>Previous<\/a>\n\t<\/li>\n\n\n       \n    \n\n<li><a href='?page_no=1'>1<\/a><\/li>\n\n\n\n<li><a href='?page_no=2'>2<\/a><\/li>\n\n\n\n<li><a>...<\/a><\/li>\n\n\n\n<li><a href='?page_no=17629'>17629<\/a><\/li>\n\n\n\n<li><a href='?page_no=17630'>17630<\/a><\/li>\n\n\n\n<li class='active'><a>17631<\/a><\/li>\n\n\n\n<li><a href='?page_no=17632'>17632<\/a><\/li>\n\n\n\n<li><a href='?page_no=17633'>17633<\/a><\/li>\n\n\n\n<li><a>...<\/a><\/li>\n\n\n\n<li><a href='?page_no=22911'>22911<\/a><\/li>\n\n\n\n<li><a href='?page_no=22912'>22912<\/a><\/li>\n\n    \n\t\n\n<li >\n\t<a href='?page_no=17632'>Next<\/a>\n\t<\/li>\n\n\n    \n\n<li><a href='?page_no=22912'>Last &rsaquo;&rsaquo;<\/a><\/li>\n\n<\/ul>\n\n\n--><br \/>\n<\/body><\/p>\n","protected":false},"excerpt":{"rendered":"<p>Santo Domingo RD 5 abril (10: 59 am).- Como parte de la campa\u00f1a \u00abConVivir con To\u00bb&#8230; es Vivir con Tolerancia\u00bb, del Alto Comisionado de las Naciones Unidas para los Refugiados (ACNUR), presentar\u00e1n en Blue Mall la exposici\u00f3n fotogr\u00e1fica \u00abVoces del batey\u00bb. La misma contar\u00e1 con la participaci\u00f3n de reconocidos fot\u00f3grafos nacionales e internacionales as\u00ed como [&hellip;]<\/p>\n","protected":false},"author":3,"featured_media":0,"comment_status":"open","ping_status":"open","sticky":false,"template":"","format":"standard","meta":{"footnotes":""},"categories":[21],"tags":[],"class_list":["post-65953","post","type-post","status-publish","format-standard","hentry","category-cultura"],"_links":{"self":[{"href":"https:\/\/diariodominicano.com\/index.php?rest_route=\/wp\/v2\/posts\/65953","targetHints":{"allow":["GET"]}}],"collection":[{"href":"https:\/\/diariodominicano.com\/index.php?rest_route=\/wp\/v2\/posts"}],"about":[{"href":"https:\/\/diariodominicano.com\/index.php?rest_route=\/wp\/v2\/types\/post"}],"author":[{"embeddable":true,"href":"https:\/\/diariodominicano.com\/index.php?rest_route=\/wp\/v2\/users\/3"}],"replies":[{"embeddable":true,"href":"https:\/\/diariodominicano.com\/index.php?rest_route=%2Fwp%2Fv2%2Fcomments&post=65953"}],"version-history":[{"count":0,"href":"https:\/\/diariodominicano.com\/index.php?rest_route=\/wp\/v2\/posts\/65953\/revisions"}],"wp:attachment":[{"href":"https:\/\/diariodominicano.com\/index.php?rest_route=%2Fwp%2Fv2%2Fmedia&parent=65953"}],"wp:term":[{"taxonomy":"category","embeddable":true,"href":"https:\/\/diariodominicano.com\/index.php?rest_route=%2Fwp%2Fv2%2Fcategories&post=65953"},{"taxonomy":"post_tag","embeddable":true,"href":"https:\/\/diariodominicano.com\/index.php?rest_route=%2Fwp%2Fv2%2Ftags&post=65953"}],"curies":[{"name":"wp","href":"https:\/\/api.w.org\/{rel}","templated":true}]}}